{"id":20737,"date":"2021-03-19T19:17:49","date_gmt":"2021-03-19T18:17:49","guid":{"rendered":"http:\/\/agora.xtec.cat\/insbitacola\/?p=20737"},"modified":"2021-03-22T14:29:11","modified_gmt":"2021-03-22T13:29:11","slug":"valors-els-ddhh-en-el-mon-de-lesport","status":"publish","type":"post","link":"https:\/\/agora.xtec.cat\/insbitacola\/general\/valors-els-ddhh-en-el-mon-de-lesport\/","title":{"rendered":"Valors: els DDHH en el m\u00f3n de l&#8217;esport!"},"content":{"rendered":"<p>La darrera unitat del 2n trimestre d&#8217;Educaci\u00f3 F\u00edsica a 1r d&#8217;ESO s&#8217;anomena &#8220;<strong>Valors: els Drets Humans en el m\u00f3n de l&#8217;esport<\/strong>&#8220;. Ens ha portat a entendre que els valors no es poden aprendre nom\u00e9s des d&#8217;una perspectiva te\u00f2rica, si no que ens ha fet posar en pr\u00e0ctica el companyerisme, l&#8217;honestedat, el respecte, el joc net, la inclusi\u00f3 o la igualtat en situacions reals.<\/p>\n<p>Algunes preguntes que ens hem fet a l&#8217;inici de la unitat han anat trobant resposta&#8230;<\/p>\n<ul>\n<li><em>S\u00f3c capa\u00e7 de diferenciar els principals elements entre un esport individual i un esport col\u00b7lectiu?<\/em><\/li>\n<li><em>S\u00f3c capa\u00e7 d&#8217;inventar un esport col\u00b7lectiu on puguem participar totes i tots?<\/em><\/li>\n<li><em>S\u00f3c capa\u00e7 d&#8217;identificar els valors de l&#8217;esport i relacionar-los amb els drets humans?<\/em><\/li>\n<li><em>S\u00f3c capa\u00e7 de mostrar una actitud respectuosa en situaci\u00f3 de competici\u00f3?<\/em><\/li>\n<\/ul>\n<p><a href=\"https:\/\/agora.xtec.cat\/insbitacola\/wp-content\/uploads\/usu1329\/2021\/03\/IMG_0037.jpg\"><img loading=\"lazy\" decoding=\"async\" class=\" wp-image-20739 aligncenter\" src=\"https:\/\/agora.xtec.cat\/insbitacola\/wp-content\/uploads\/usu1329\/2021\/03\/IMG_0037-1024x768.jpg\" alt=\"\" width=\"537\" height=\"403\" srcset=\"https:\/\/agora.xtec.cat\/insbitacola\/wp-content\/uploads\/usu1329\/2021\/03\/IMG_0037-1024x768.jpg 1024w, https:\/\/agora.xtec.cat\/insbitacola\/wp-content\/uploads\/usu1329\/2021\/03\/IMG_0037-300x225.jpg 300w, https:\/\/agora.xtec.cat\/insbitacola\/wp-content\/uploads\/usu1329\/2021\/03\/IMG_0037-768x576.jpg 768w, https:\/\/agora.xtec.cat\/insbitacola\/wp-content\/uploads\/usu1329\/2021\/03\/IMG_0037-200x150.jpg 200w, https:\/\/agora.xtec.cat\/insbitacola\/wp-content\/uploads\/usu1329\/2021\/03\/IMG_0037.jpg 2016w\" sizes=\"auto, (max-width: 537px) 100vw, 537px\" \/><\/a><\/p>\n<p>A m\u00e9s a m\u00e9s en aquesta unitat hem apr\u00e8s <em>diferents caracter\u00edstiques dels esports col\u00b7lectius d&#8217;adversari<\/em> i per petits grups hem creat un nou &#8220;<strong>esport inventat<\/strong>&#8221; amb algunes normes d&#8217;esports existents i donant-li una nova mirada o normativa.<\/p>\n<p><a href=\"https:\/\/agora.xtec.cat\/insbitacola\/wp-content\/uploads\/usu1329\/2021\/03\/IMG_0088.jpg\"><img loading=\"lazy\" decoding=\"async\" class=\" wp-image-20740 aligncenter\" src=\"https:\/\/agora.xtec.cat\/insbitacola\/wp-content\/uploads\/usu1329\/2021\/03\/IMG_0088-1024x768.jpg\" alt=\"\" width=\"531\" height=\"399\" srcset=\"https:\/\/agora.xtec.cat\/insbitacola\/wp-content\/uploads\/usu1329\/2021\/03\/IMG_0088-1024x768.jpg 1024w, https:\/\/agora.xtec.cat\/insbitacola\/wp-content\/uploads\/usu1329\/2021\/03\/IMG_0088-300x225.jpg 300w, https:\/\/agora.xtec.cat\/insbitacola\/wp-content\/uploads\/usu1329\/2021\/03\/IMG_0088-768x576.jpg 768w, https:\/\/agora.xtec.cat\/insbitacola\/wp-content\/uploads\/usu1329\/2021\/03\/IMG_0088-200x150.jpg 200w, https:\/\/agora.xtec.cat\/insbitacola\/wp-content\/uploads\/usu1329\/2021\/03\/IMG_0088.jpg 2016w\" sizes=\"auto, (max-width: 531px) 100vw, 531px\" \/><\/a><\/p>\n<p>Ha estat dif\u00edcil deixar la competitivitat a una banda i valorar el fet de jugar i divertir-se juntes i junts com a prioritat; per\u00f2 estem contentes i contents dels resultats obtinguts. Hem pogut presentar jocs i esports nous i gaudir-los en les sessions pr\u00e0ctiques on hem liderat i dinamitzat les activitats. Una experi\u00e8ncia col\u00b7lectiva m\u00e9s!<\/p>\n<p>&nbsp;<\/p>\n<p><a href=\"https:\/\/agora.xtec.cat\/insbitacola\/wp-content\/uploads\/usu1329\/2021\/03\/IMG_0080.jpg\"><img loading=\"lazy\" decoding=\"async\" class=\" wp-image-20741 aligncenter\" src=\"https:\/\/agora.xtec.cat\/insbitacola\/wp-content\/uploads\/usu1329\/2021\/03\/IMG_0080-1024x768.jpg\" alt=\"\" width=\"566\" height=\"424\" srcset=\"https:\/\/agora.xtec.cat\/insbitacola\/wp-content\/uploads\/usu1329\/2021\/03\/IMG_0080-1024x768.jpg 1024w, https:\/\/agora.xtec.cat\/insbitacola\/wp-content\/uploads\/usu1329\/2021\/03\/IMG_0080-300x225.jpg 300w, https:\/\/agora.xtec.cat\/insbitacola\/wp-content\/uploads\/usu1329\/2021\/03\/IMG_0080-768x576.jpg 768w, https:\/\/agora.xtec.cat\/insbitacola\/wp-content\/uploads\/usu1329\/2021\/03\/IMG_0080-200x150.jpg 200w, https:\/\/agora.xtec.cat\/insbitacola\/wp-content\/uploads\/usu1329\/2021\/03\/IMG_0080.jpg 2016w\" sizes=\"auto, (max-width: 566px) 100vw, 566px\" \/><\/a><\/p>\n<p><a href=\"https:\/\/agora.xtec.cat\/insbitacola\/wp-content\/uploads\/usu1329\/2021\/03\/IMG_0043.jpg\"><img loading=\"lazy\" decoding=\"async\" class=\"wp-image-20743 aligncenter\" src=\"https:\/\/agora.xtec.cat\/insbitacola\/wp-content\/uploads\/usu1329\/2021\/03\/IMG_0043-1024x768.jpg\" alt=\"\" width=\"574\" height=\"431\" srcset=\"https:\/\/agora.xtec.cat\/insbitacola\/wp-content\/uploads\/usu1329\/2021\/03\/IMG_0043-1024x768.jpg 1024w, https:\/\/agora.xtec.cat\/insbitacola\/wp-content\/uploads\/usu1329\/2021\/03\/IMG_0043-300x225.jpg 300w, https:\/\/agora.xtec.cat\/insbitacola\/wp-content\/uploads\/usu1329\/2021\/03\/IMG_0043-768x576.jpg 768w, https:\/\/agora.xtec.cat\/insbitacola\/wp-content\/uploads\/usu1329\/2021\/03\/IMG_0043-200x150.jpg 200w, https:\/\/agora.xtec.cat\/insbitacola\/wp-content\/uploads\/usu1329\/2021\/03\/IMG_0043.jpg 2016w\" sizes=\"auto, (max-width: 574px) 100vw, 574px\" \/><\/a><\/p>\n","protected":false},"excerpt":{"rendered":"<p>La darrera unitat del 2n trimestre d&#8217;Educaci\u00f3 F\u00edsica a 1r d&#8217;ESO s&#8217;anomena &#8220;Valors: els Drets Humans en el m\u00f3n de l&#8217;esport&#8220;. Ens ha portat a entendre que els valors no es poden aprendre nom\u00e9s des d&#8217;una perspectiva te\u00f2rica, si no que ens ha fet posar&hellip;  <a href=\"https:\/\/agora.xtec.cat\/insbitacola\/general\/valors-els-ddhh-en-el-mon-de-lesport\/\" title=\"Read Valors: els DDHH en el m\u00f3n de l&#8217;esport!\">Llegeix m\u00e9s\u00bb<\/a><\/p>\n","protected":false},"author":1,"featured_media":20740,"comment_status":"open","ping_status":"closed","sticky":false,"template":"","format":"standard","meta":{"_bbp_topic_count":0,"_bbp_reply_count":0,"_bbp_total_topic_count":0,"_bbp_total_reply_count":0,"_bbp_voice_count":0,"_bbp_anonymous_reply_count":0,"_bbp_topic_count_hidden":0,"_bbp_reply_count_hidden":0,"_bbp_forum_subforum_count":0,"footnotes":""},"categories":[4,106,1,29],"tags":[],"class_list":["post-20737","post","type-post","status-publish","format-standard","has-post-thumbnail","hentry","category-eso-1","category-educacio-fisica","category-general","category-portada"],"post_mailing_queue_ids":[],"_links":{"self":[{"href":"https:\/\/agora.xtec.cat\/insbitacola\/wp-json\/wp\/v2\/posts\/20737","targetHints":{"allow":["GET"]}}],"collection":[{"href":"https:\/\/agora.xtec.cat\/insbitacola\/wp-json\/wp\/v2\/posts"}],"about":[{"href":"https:\/\/agora.xtec.cat\/insbitacola\/wp-json\/wp\/v2\/types\/post"}],"author":[{"embeddable":true,"href":"https:\/\/agora.xtec.cat\/insbitacola\/wp-json\/wp\/v2\/users\/1"}],"replies":[{"embeddable":true,"href":"https:\/\/agora.xtec.cat\/insbitacola\/wp-json\/wp\/v2\/comments?post=20737"}],"version-history":[{"count":3,"href":"https:\/\/agora.xtec.cat\/insbitacola\/wp-json\/wp\/v2\/posts\/20737\/revisions"}],"predecessor-version":[{"id":20766,"href":"https:\/\/agora.xtec.cat\/insbitacola\/wp-json\/wp\/v2\/posts\/20737\/revisions\/20766"}],"wp:featuredmedia":[{"embeddable":true,"href":"https:\/\/agora.xtec.cat\/insbitacola\/wp-json\/wp\/v2\/media\/20740"}],"wp:attachment":[{"href":"https:\/\/agora.xtec.cat\/insbitacola\/wp-json\/wp\/v2\/media?parent=20737"}],"wp:term":[{"taxonomy":"category","embeddable":true,"href":"https:\/\/agora.xtec.cat\/insbitacola\/wp-json\/wp\/v2\/categories?post=20737"},{"taxonomy":"post_tag","embeddable":true,"href":"https:\/\/agora.xtec.cat\/insbitacola\/wp-json\/wp\/v2\/tags?post=20737"}],"curies":[{"name":"wp","href":"https:\/\/api.w.org\/{rel}","templated":true}]}}