{"id":20685,"date":"2021-03-17T10:40:29","date_gmt":"2021-03-17T09:40:29","guid":{"rendered":"http:\/\/agora.xtec.cat\/insbitacola\/?p=20685"},"modified":"2021-03-17T10:40:29","modified_gmt":"2021-03-17T09:40:29","slug":"genetica-criminologia-i-mendel","status":"publish","type":"post","link":"https:\/\/agora.xtec.cat\/insbitacola\/general\/genetica-criminologia-i-mendel\/","title":{"rendered":"Gen\u00e8tica, Criminologia i Mendel"},"content":{"rendered":"<p dir=\"ltr\" style=\"line-height: 1.38; margin-top: 0pt; margin-bottom: 0pt; text-align: left;\"><span style=\"font-size: 13.999999999999998pt; font-family: Spectral,serif; color: #000000; background-color: transparent; font-weight: bold; font-style: normal; font-variant: normal; text-decoration: underline; vertical-align: baseline;\">IP: XX-XY<\/span><\/p>\n<p dir=\"ltr\" style=\"line-height: 1.38; margin-top: 0pt; margin-bottom: 0pt; text-align: justify;\"><span style=\"font-size: 11pt; font-family: arial, helvetica, sans-serif; color: #000000; background-color: transparent; font-weight: 400; font-style: normal; font-variant: normal; text-decoration: none; vertical-align: baseline;\">Durant aquest segon tram del segon trimestre, els alumnes de l&#8217;IP B de ci\u00e8ncies, hem estat investigant i aprenent sobre gen\u00e8tica, tot practicant com crimin\u00f2legs\/ues i genetistes. Per\u00f2 a part de tot aix\u00f2 tamb\u00e9 hem pogut treballar en una campanya de donaci\u00f3 de sang.<\/span><\/p>\n<p dir=\"ltr\" style=\"line-height: 1.38; margin-top: 0pt; margin-bottom: 0pt; text-align: justify;\"><span style=\"font-size: 11pt; font-family: arial, helvetica, sans-serif; color: #000000; background-color: transparent; font-weight: 400; font-style: normal; font-variant: normal; text-decoration: none; vertical-align: baseline;\">Vam comen\u00e7ar des de l&#8217;origen de tot, estudiant l&#8217;evoluci\u00f3, aprenent de la cronologia i caracter\u00edstiques dels nostres avantpassats, sobretot els homos. Una vegada apr\u00e8s el seu passat, cada alumne es va fer expert\/a amb una de les teories que expliquen l&#8217;evoluci\u00f3 dels \u00e8ssers vius com el Darwinisme o el Neodarwinisme. Seguidament, quan tots ja hav\u00edem ent\u00e8s el passat i l&#8217;evoluci\u00f3 que ens precedeix, ens vam centrar en la gen\u00e8tica. Comen\u00e7ant per ficar-nos a la pell d&#8217;una crimin\u00f3loga, identificant en una electroforesi qui era el criminal. Tamb\u00e9 vam fe feina de genetista, aprenent quins cromosomes indiquen anomalies o deduint el sexe a partir de cariotips.<\/span><\/p>\n<p dir=\"ltr\" style=\"line-height: 1.38; margin-top: 0pt; margin-bottom: 0pt; text-align: justify;\"><span style=\"font-size: 11pt; font-family: arial, helvetica, sans-serif; color: #000000; background-color: transparent; font-weight: 400; font-style: normal; font-variant: normal; text-decoration: none; vertical-align: baseline;\">Tamb\u00e9 ens vam convertir en cient\u00edfics i cient\u00edfiques, amb una pr\u00e0ctica que vam dur a terme a classe. Es tractava de fer una extracci\u00f3 d&#8217;ADN. Barrejant alcohol, sal, sab\u00f3, aigua i una mostra de la nostra pr\u00f2pia saliva vam veure els fils d&#8217;ADN. I utilitzant blau de metil\u00e8 i un porta objectes, vam poder fer l\u2019observaci\u00f3 del nostre ADN amb un microscopi.<\/span><\/p>\n<p dir=\"ltr\" style=\"line-height: 1.38; margin-top: 0pt; margin-bottom: 0pt; text-align: justify;\"><span style=\"font-size: 11pt; font-family: arial, helvetica, sans-serif; color: #000000; background-color: transparent; font-weight: 400; font-style: normal; font-variant: normal; text-decoration: none; vertical-align: baseline;\">Finalment, despr\u00e9s de veure la gran tasca que fan al banc de sang i teixits de Catalunya, ens vam posar a treballar en el disseny d&#8217;una campanya de difusi\u00f3 de donaci\u00f3 de sang per ajudar.<\/span><\/p>\n<p dir=\"ltr\" style=\"line-height: 1.38; margin-top: 0pt; margin-bottom: 0pt; text-align: justify;\"><span style=\"font-size: 11pt; font-family: arial, helvetica, sans-serif; color: #000000; background-color: transparent; font-weight: 400; font-style: normal; font-variant: normal; text-decoration: none; vertical-align: baseline;\">Quan comenci la campanya participa! Recorda que 1 donaci\u00f3 pot salvar 3 vides!<\/span><\/p>\n<p dir=\"ltr\"><em>Not\u00edcia redactada per Carla Rivas (4tA)<\/em><\/p>\n<p dir=\"ltr\" style=\"text-align: left;\"><span style=\"font-size: 11pt; font-family: Spectral,serif; color: #000000; background-color: transparent; font-weight: 400; font-style: normal; font-variant: normal; text-decoration: none; vertical-align: baseline;\"><a href=\"https:\/\/agora.xtec.cat\/insbitacola\/wp-content\/uploads\/usu1329\/2021\/03\/dddddd.png\"><img loading=\"lazy\" decoding=\"async\" class=\"wp-image-20688 alignleft\" src=\"https:\/\/agora.xtec.cat\/insbitacola\/wp-content\/uploads\/usu1329\/2021\/03\/parc1.png\" alt=\"\" width=\"477\" height=\"357\" srcset=\"https:\/\/agora.xtec.cat\/insbitacola\/wp-content\/uploads\/usu1329\/2021\/03\/parc1.png 618w, https:\/\/agora.xtec.cat\/insbitacola\/wp-content\/uploads\/usu1329\/2021\/03\/parc1-300x225.png 300w, https:\/\/agora.xtec.cat\/insbitacola\/wp-content\/uploads\/usu1329\/2021\/03\/parc1-200x150.png 200w\" sizes=\"auto, (max-width: 477px) 100vw, 477px\" \/><img loading=\"lazy\" decoding=\"async\" class=\"wp-image-20687 alignnone\" src=\"https:\/\/agora.xtec.cat\/insbitacola\/wp-content\/uploads\/usu1329\/2021\/03\/dddddd.png\" alt=\"\" width=\"287\" height=\"369\" srcset=\"https:\/\/agora.xtec.cat\/insbitacola\/wp-content\/uploads\/usu1329\/2021\/03\/dddddd.png 387w, https:\/\/agora.xtec.cat\/insbitacola\/wp-content\/uploads\/usu1329\/2021\/03\/dddddd-234x300.png 234w\" sizes=\"auto, (max-width: 287px) 100vw, 287px\" \/><\/a><\/span><\/p>\n<div style=\"text-align: left;\"><span style=\"font-size: 11pt; font-family: Spectral,serif; color: #000000; background-color: transparent; font-weight: 400; font-style: normal; font-variant: normal; text-decoration: none; vertical-align: baseline;\"> <a href=\"https:\/\/agora.xtec.cat\/insbitacola\/wp-content\/uploads\/usu1329\/2021\/03\/parc4.png\"><img loading=\"lazy\" decoding=\"async\" class=\"alignnone wp-image-20690\" src=\"https:\/\/agora.xtec.cat\/insbitacola\/wp-content\/uploads\/usu1329\/2021\/03\/parc4.png\" alt=\"\" width=\"274\" height=\"405\" srcset=\"https:\/\/agora.xtec.cat\/insbitacola\/wp-content\/uploads\/usu1329\/2021\/03\/parc4.png 528w, https:\/\/agora.xtec.cat\/insbitacola\/wp-content\/uploads\/usu1329\/2021\/03\/parc4-203x300.png 203w\" sizes=\"auto, (max-width: 274px) 100vw, 274px\" \/><\/a> <a href=\"https:\/\/agora.xtec.cat\/insbitacola\/wp-content\/uploads\/usu1329\/2021\/03\/prac5.png\"><img loading=\"lazy\" decoding=\"async\" class=\"alignnone wp-image-20693\" src=\"https:\/\/agora.xtec.cat\/insbitacola\/wp-content\/uploads\/usu1329\/2021\/03\/prac5.png\" alt=\"\" width=\"302\" height=\"402\" srcset=\"https:\/\/agora.xtec.cat\/insbitacola\/wp-content\/uploads\/usu1329\/2021\/03\/prac5.png 583w, https:\/\/agora.xtec.cat\/insbitacola\/wp-content\/uploads\/usu1329\/2021\/03\/prac5-225x300.png 225w\" sizes=\"auto, (max-width: 302px) 100vw, 302px\" \/><\/a> <a href=\"https:\/\/agora.xtec.cat\/insbitacola\/wp-content\/uploads\/usu1329\/2021\/03\/prac.png\"><img loading=\"lazy\" decoding=\"async\" class=\"wp-image-20691 alignnone\" src=\"https:\/\/agora.xtec.cat\/insbitacola\/wp-content\/uploads\/usu1329\/2021\/03\/prac.png\" alt=\"\" width=\"362\" height=\"401\" srcset=\"https:\/\/agora.xtec.cat\/insbitacola\/wp-content\/uploads\/usu1329\/2021\/03\/prac.png 614w, https:\/\/agora.xtec.cat\/insbitacola\/wp-content\/uploads\/usu1329\/2021\/03\/prac-270x300.png 270w\" sizes=\"auto, (max-width: 362px) 100vw, 362px\" \/><\/a><\/span><\/div>\n<div><\/div>\n<div style=\"text-align: left;\"><span style=\"font-size: 11pt; font-family: Spectral,serif; color: #000000; background-color: transparent; font-weight: 400; font-style: normal; font-variant: normal; text-decoration: none; vertical-align: baseline;\"><a href=\"https:\/\/agora.xtec.cat\/insbitacola\/wp-content\/uploads\/usu1329\/2021\/03\/camp2.png\"><img loading=\"lazy\" decoding=\"async\" class=\"wp-image-20695 alignnone\" src=\"https:\/\/agora.xtec.cat\/insbitacola\/wp-content\/uploads\/usu1329\/2021\/03\/camp2.png\" alt=\"\" width=\"413\" height=\"432\" srcset=\"https:\/\/agora.xtec.cat\/insbitacola\/wp-content\/uploads\/usu1329\/2021\/03\/camp2.png 667w, https:\/\/agora.xtec.cat\/insbitacola\/wp-content\/uploads\/usu1329\/2021\/03\/camp2-287x300.png 287w\" sizes=\"auto, (max-width: 413px) 100vw, 413px\" \/><\/a><a href=\"https:\/\/agora.xtec.cat\/insbitacola\/wp-content\/uploads\/usu1329\/2021\/03\/camp1.png\"><img loading=\"lazy\" decoding=\"async\" class=\"alignnone wp-image-20694\" src=\"https:\/\/agora.xtec.cat\/insbitacola\/wp-content\/uploads\/usu1329\/2021\/03\/camp1.png\" alt=\"\" width=\"411\" height=\"427\" srcset=\"https:\/\/agora.xtec.cat\/insbitacola\/wp-content\/uploads\/usu1329\/2021\/03\/camp1.png 666w, https:\/\/agora.xtec.cat\/insbitacola\/wp-content\/uploads\/usu1329\/2021\/03\/camp1-288x300.png 288w\" sizes=\"auto, (max-width: 411px) 100vw, 411px\" \/><\/a> <\/span><\/div>\n<div style=\"text-align: left;\"><\/div>\n","protected":false},"excerpt":{"rendered":"<p>IP: XX-XY<br \/>\nDurant aquest segon tram del segon trimestre, els alumnes de l&#8217;IP B de ci\u00e8ncies, hem estat investigant i aprenent sobre gen\u00e8tica, tot practicant com crimin\u00f2legs\/ues i genetistes. Per\u00f2 a part de tot aix\u00f2 tamb\u00e9 hem pogut treballar en una campanya de donaci\u00f3 de sang.<br \/>\nVam&hellip;  <a href=\"https:\/\/agora.xtec.cat\/insbitacola\/general\/genetica-criminologia-i-mendel\/\" title=\"Read Gen\u00e8tica, Criminologia i Mendel\">Llegeix m\u00e9s\u00bb<\/a><\/p>\n","protected":false},"author":14,"featured_media":20688,"comment_status":"open","ping_status":"closed","sticky":false,"template":"","format":"standard","meta":{"_bbp_topic_count":0,"_bbp_reply_count":0,"_bbp_total_topic_count":0,"_bbp_total_reply_count":0,"_bbp_voice_count":0,"_bbp_anonymous_reply_count":0,"_bbp_topic_count_hidden":0,"_bbp_reply_count_hidden":0,"_bbp_forum_subforum_count":0,"footnotes":""},"categories":[114,1,120,29],"tags":[],"class_list":["post-20685","post","type-post","status-publish","format-standard","has-post-thumbnail","hentry","category-eso-4","category-general","category-itineraris-personals","category-portada"],"post_mailing_queue_ids":[],"_links":{"self":[{"href":"https:\/\/agora.xtec.cat\/insbitacola\/wp-json\/wp\/v2\/posts\/20685","targetHints":{"allow":["GET"]}}],"collection":[{"href":"https:\/\/agora.xtec.cat\/insbitacola\/wp-json\/wp\/v2\/posts"}],"about":[{"href":"https:\/\/agora.xtec.cat\/insbitacola\/wp-json\/wp\/v2\/types\/post"}],"author":[{"embeddable":true,"href":"https:\/\/agora.xtec.cat\/insbitacola\/wp-json\/wp\/v2\/users\/14"}],"replies":[{"embeddable":true,"href":"https:\/\/agora.xtec.cat\/insbitacola\/wp-json\/wp\/v2\/comments?post=20685"}],"version-history":[{"count":3,"href":"https:\/\/agora.xtec.cat\/insbitacola\/wp-json\/wp\/v2\/posts\/20685\/revisions"}],"predecessor-version":[{"id":20705,"href":"https:\/\/agora.xtec.cat\/insbitacola\/wp-json\/wp\/v2\/posts\/20685\/revisions\/20705"}],"wp:featuredmedia":[{"embeddable":true,"href":"https:\/\/agora.xtec.cat\/insbitacola\/wp-json\/wp\/v2\/media\/20688"}],"wp:attachment":[{"href":"https:\/\/agora.xtec.cat\/insbitacola\/wp-json\/wp\/v2\/media?parent=20685"}],"wp:term":[{"taxonomy":"category","embeddable":true,"href":"https:\/\/agora.xtec.cat\/insbitacola\/wp-json\/wp\/v2\/categories?post=20685"},{"taxonomy":"post_tag","embeddable":true,"href":"https:\/\/agora.xtec.cat\/insbitacola\/wp-json\/wp\/v2\/tags?post=20685"}],"curies":[{"name":"wp","href":"https:\/\/api.w.org\/{rel}","templated":true}]}}