{"id":20393,"date":"2021-02-04T19:21:33","date_gmt":"2021-02-04T18:21:33","guid":{"rendered":"http:\/\/agora.xtec.cat\/insbitacola\/?p=20393"},"modified":"2021-02-04T19:21:33","modified_gmt":"2021-02-04T18:21:33","slug":"full-en-blanc-entre-blancor-de-flors-de-febrer","status":"publish","type":"post","link":"https:\/\/agora.xtec.cat\/insbitacola\/general\/full-en-blanc-entre-blancor-de-flors-de-febrer\/","title":{"rendered":"Full en blanc entre blancor de flors de febrer"},"content":{"rendered":"<p>Al febrer esclaten les primeres flors blanques i en l&#8217;\u00e0mbit ling\u00fc\u00edstic de 3r hem anat a Can Gorgs a v\u00e9ncer el p\u00e0nic del full en blanc de les nostres adaptacions a partir de les obres de Banksy. L&#8217;aire lliure, el cel blau, els n\u00favols i el sol ens han inspirat i hem escrit els primers par\u00e0grafs de les nostres narracions. El descans actiu en aquest entorn ens ha ofert un gran ventall de possibilitats i finalment hem compartit oralment les creacions.<\/p>\n<p>Sota un cirerer florit<br \/>\nMurmuri d&#8217;abelles&#8230;<\/p>\n<p><a href=\"https:\/\/agora.xtec.cat\/insbitacola\/wp-content\/uploads\/usu1329\/2021\/02\/image_6483441-3.jpg\"><img loading=\"lazy\" decoding=\"async\" class=\"alignnone size-large wp-image-20394\" src=\"https:\/\/agora.xtec.cat\/insbitacola\/wp-content\/uploads\/usu1329\/2021\/02\/image_6483441-3-768x1024.jpg\" alt=\"\" width=\"768\" height=\"1024\" srcset=\"https:\/\/agora.xtec.cat\/insbitacola\/wp-content\/uploads\/usu1329\/2021\/02\/image_6483441-3-768x1024.jpg 768w, https:\/\/agora.xtec.cat\/insbitacola\/wp-content\/uploads\/usu1329\/2021\/02\/image_6483441-3-225x300.jpg 225w, https:\/\/agora.xtec.cat\/insbitacola\/wp-content\/uploads\/usu1329\/2021\/02\/image_6483441-3.jpg 1536w\" sizes=\"auto, (max-width: 768px) 100vw, 768px\" \/><\/a><\/p>\n","protected":false},"excerpt":{"rendered":"<p>Al febrer esclaten les primeres flors blanques i en l&#8217;\u00e0mbit ling\u00fc\u00edstic de 3r hem anat a Can Gorgs a v\u00e9ncer el p\u00e0nic del full en blanc de les nostres adaptacions a partir de les obres de Banksy. L&#8217;aire lliure, el cel blau, els n\u00favols i&hellip;  <a href=\"https:\/\/agora.xtec.cat\/insbitacola\/general\/full-en-blanc-entre-blancor-de-flors-de-febrer\/\" title=\"Read Full en blanc entre blancor de flors de febrer\">Llegeix m\u00e9s\u00bb<\/a><\/p>\n","protected":false},"author":1,"featured_media":20395,"comment_status":"open","ping_status":"closed","sticky":false,"template":"","format":"standard","meta":{"_bbp_topic_count":0,"_bbp_reply_count":0,"_bbp_total_topic_count":0,"_bbp_total_reply_count":0,"_bbp_voice_count":0,"_bbp_anonymous_reply_count":0,"_bbp_topic_count_hidden":0,"_bbp_reply_count_hidden":0,"_bbp_forum_subforum_count":0,"footnotes":""},"categories":[107,108,1,97,29],"tags":[],"class_list":["post-20393","post","type-post","status-publish","format-standard","has-post-thumbnail","hentry","category-eso-3","category-ambit-linguistic","category-general","category-instrumentals","category-portada"],"post_mailing_queue_ids":[],"_links":{"self":[{"href":"https:\/\/agora.xtec.cat\/insbitacola\/wp-json\/wp\/v2\/posts\/20393","targetHints":{"allow":["GET"]}}],"collection":[{"href":"https:\/\/agora.xtec.cat\/insbitacola\/wp-json\/wp\/v2\/posts"}],"about":[{"href":"https:\/\/agora.xtec.cat\/insbitacola\/wp-json\/wp\/v2\/types\/post"}],"author":[{"embeddable":true,"href":"https:\/\/agora.xtec.cat\/insbitacola\/wp-json\/wp\/v2\/users\/1"}],"replies":[{"embeddable":true,"href":"https:\/\/agora.xtec.cat\/insbitacola\/wp-json\/wp\/v2\/comments?post=20393"}],"version-history":[{"count":1,"href":"https:\/\/agora.xtec.cat\/insbitacola\/wp-json\/wp\/v2\/posts\/20393\/revisions"}],"predecessor-version":[{"id":20396,"href":"https:\/\/agora.xtec.cat\/insbitacola\/wp-json\/wp\/v2\/posts\/20393\/revisions\/20396"}],"wp:featuredmedia":[{"embeddable":true,"href":"https:\/\/agora.xtec.cat\/insbitacola\/wp-json\/wp\/v2\/media\/20395"}],"wp:attachment":[{"href":"https:\/\/agora.xtec.cat\/insbitacola\/wp-json\/wp\/v2\/media?parent=20393"}],"wp:term":[{"taxonomy":"category","embeddable":true,"href":"https:\/\/agora.xtec.cat\/insbitacola\/wp-json\/wp\/v2\/categories?post=20393"},{"taxonomy":"post_tag","embeddable":true,"href":"https:\/\/agora.xtec.cat\/insbitacola\/wp-json\/wp\/v2\/tags?post=20393"}],"curies":[{"name":"wp","href":"https:\/\/api.w.org\/{rel}","templated":true}]}}