{"id":20379,"date":"2021-02-01T15:58:20","date_gmt":"2021-02-01T14:58:20","guid":{"rendered":"http:\/\/agora.xtec.cat\/insbitacola\/?p=20379"},"modified":"2021-02-01T18:10:24","modified_gmt":"2021-02-01T17:10:24","slug":"comencem-a-estudiar-lenergia-a-lespai-globalitzat-de-2n","status":"publish","type":"post","link":"https:\/\/agora.xtec.cat\/insbitacola\/general\/comencem-a-estudiar-lenergia-a-lespai-globalitzat-de-2n\/","title":{"rendered":"Comencem a estudiar l&#8217;Energia a l&#8217;Espai Globalitzat de 2n!"},"content":{"rendered":"<p dir=\"ltr\">Aquest segon trimestre, despr\u00e9s de carregar les piles durant les vacandes d&#8217;hivern, hem tornat al Bit\u00e0cola plens d&#8217;energia! I mai m\u00e9s ben dit, ja que a l&#8217;Espai Globalitzat de 2n d&#8217;ESO el projecte que s&#8217;ha comen\u00e7at ha estat: &#8220;La Fira de les Energies Sostenibles&#8221;.<\/p>\n<p dir=\"ltr\">L\u2019objectiu final d\u2019aquest projecte \u00e9s realitzar una Fira que doni a con\u00e8ixer la situaci\u00f3 actual de les fonts d\u2019energia, quins tipus hi ha i quines problemes energ\u00e8tics tenim a la nostra societat. Per a poder dur a terme aquest objectiu abans hem de tractar certs temes:<\/p>\n<ul>\n<li>\n<p dir=\"ltr\">Ens hem fet experts sobre qu\u00e8 \u00e9s l\u2019Energia i quina import\u00e0ncia t\u00e9 en la nostra societat.<\/p>\n<\/li>\n<li>\n<p dir=\"ltr\">Hem viatjat al llarg del temps, des de la prehist\u00f2ria fins avui dia, per veure com ha evolucionat l\u2019\u00fas de l\u2019energia per al benefici de l\u2019\u00e9sser hum\u00e0. Ho hem plasmat tot en un <a href=\"https:\/\/view.genial.ly\/6006a2ec5fdcc20d0b2687df\/horizontal-infographic-timeline-fonts-denergia-al-llarg-dels-anys\" target=\"_blank\" rel=\"noopener noreferrer\" data-saferedirecturl=\"https:\/\/www.google.com\/url?q=https:\/\/view.genial.ly\/6006a2ec5fdcc20d0b2687df\/horizontal-infographic-timeline-fonts-denergia-al-llarg-dels-anys&amp;source=gmail&amp;ust=1612216563001000&amp;usg=AFQjCNHHG5dS5Wz32RzD33_Gfg9vAq8Ldw\">Genially<\/a>.<\/p>\n<\/li>\n<li>\n<p dir=\"ltr\">Ara estem especialitzant-nos en l\u2019electricitat, hem apr\u00e8s a calcular el consum energ\u00e8tic i la pot\u00e8ncia dels aparells electr\u00f2nics que tenim a casa nostra i farem diversos tallers.<\/p>\n<\/li>\n<li>\n<p dir=\"ltr\">Finalment investigarem sobre l\u2019\u00fas de l\u2019energia al m\u00f3n i la pobresa energ\u00e8tica.<\/p>\n<\/li>\n<\/ul>\n<p dir=\"ltr\">Al tercer trimestre, continuarem amb la segona part d\u2019aquest projecte. Aprofitarem els coneixements assolits en aquesta part i farem d\u2019arquitectes, enginyeres, antrop\u00f2logues i ge\u00f2grafes per a construir una casa. Tamb\u00e9 reflexionarem sobre els drets a la vivenda i quin futur ens espera en aquest sector!<\/p>\n<p dir=\"ltr\">Us mantindrem informats!<\/p>\n\n\t\t<style type=\"text\/css\">\n\t\t\t#gallery-1 {\n\t\t\t\tmargin: auto;\n\t\t\t}\n\t\t\t#gallery-1 .gallery-item {\n\t\t\t\tfloat: left;\n\t\t\t\tmargin-top: 10px;\n\t\t\t\ttext-align: center;\n\t\t\t\twidth: 50%;\n\t\t\t}\n\t\t\t#gallery-1 img {\n\t\t\t\tborder: 2px solid #cfcfcf;\n\t\t\t}\n\t\t\t#gallery-1 .gallery-caption {\n\t\t\t\tmargin-left: 0;\n\t\t\t}\n\t\t\t\/* see gallery_shortcode() in wp-includes\/media.php *\/\n\t\t<\/style>\n\t\t<div id='gallery-1' class='gallery galleryid-20379 gallery-columns-2 gallery-size-full'><dl class='gallery-item'>\n\t\t\t<dt class='gallery-icon landscape'>\n\t\t\t\t<a href='https:\/\/agora.xtec.cat\/insbitacola\/img_20210115_082623\/'><img loading=\"lazy\" decoding=\"async\" width=\"4000\" height=\"3000\" src=\"https:\/\/agora.xtec.cat\/insbitacola\/wp-content\/uploads\/usu1329\/2021\/02\/IMG_20210115_082623.jpg\" class=\"attachment-full size-full\" alt=\"\" srcset=\"https:\/\/agora.xtec.cat\/insbitacola\/wp-content\/uploads\/usu1329\/2021\/02\/IMG_20210115_082623.jpg 4000w, https:\/\/agora.xtec.cat\/insbitacola\/wp-content\/uploads\/usu1329\/2021\/02\/IMG_20210115_082623-300x225.jpg 300w, https:\/\/agora.xtec.cat\/insbitacola\/wp-content\/uploads\/usu1329\/2021\/02\/IMG_20210115_082623-768x576.jpg 768w, https:\/\/agora.xtec.cat\/insbitacola\/wp-content\/uploads\/usu1329\/2021\/02\/IMG_20210115_082623-1024x768.jpg 1024w, https:\/\/agora.xtec.cat\/insbitacola\/wp-content\/uploads\/usu1329\/2021\/02\/IMG_20210115_082623-200x150.jpg 200w\" sizes=\"auto, (max-width: 4000px) 100vw, 4000px\" \/><\/a>\n\t\t\t<\/dt><\/dl><dl class='gallery-item'>\n\t\t\t<dt class='gallery-icon landscape'>\n\t\t\t\t<a href='https:\/\/agora.xtec.cat\/insbitacola\/img_20210115_083303\/'><img loading=\"lazy\" decoding=\"async\" width=\"4000\" height=\"3000\" src=\"https:\/\/agora.xtec.cat\/insbitacola\/wp-content\/uploads\/usu1329\/2021\/02\/IMG_20210115_083303.jpg\" class=\"attachment-full size-full\" alt=\"\" srcset=\"https:\/\/agora.xtec.cat\/insbitacola\/wp-content\/uploads\/usu1329\/2021\/02\/IMG_20210115_083303.jpg 4000w, https:\/\/agora.xtec.cat\/insbitacola\/wp-content\/uploads\/usu1329\/2021\/02\/IMG_20210115_083303-300x225.jpg 300w, https:\/\/agora.xtec.cat\/insbitacola\/wp-content\/uploads\/usu1329\/2021\/02\/IMG_20210115_083303-768x576.jpg 768w, https:\/\/agora.xtec.cat\/insbitacola\/wp-content\/uploads\/usu1329\/2021\/02\/IMG_20210115_083303-1024x768.jpg 1024w, https:\/\/agora.xtec.cat\/insbitacola\/wp-content\/uploads\/usu1329\/2021\/02\/IMG_20210115_083303-200x150.jpg 200w\" sizes=\"auto, (max-width: 4000px) 100vw, 4000px\" \/><\/a>\n\t\t\t<\/dt><\/dl><br style=\"clear: both\" \/><dl class='gallery-item'>\n\t\t\t<dt class='gallery-icon landscape'>\n\t\t\t\t<a href='https:\/\/agora.xtec.cat\/insbitacola\/3_page-0001\/'><img loading=\"lazy\" decoding=\"async\" width=\"5378\" height=\"3338\" src=\"https:\/\/agora.xtec.cat\/insbitacola\/wp-content\/uploads\/usu1329\/2021\/02\/3_page-0001.jpg\" class=\"attachment-full size-full\" alt=\"\" srcset=\"https:\/\/agora.xtec.cat\/insbitacola\/wp-content\/uploads\/usu1329\/2021\/02\/3_page-0001.jpg 5378w, https:\/\/agora.xtec.cat\/insbitacola\/wp-content\/uploads\/usu1329\/2021\/02\/3_page-0001-300x186.jpg 300w, https:\/\/agora.xtec.cat\/insbitacola\/wp-content\/uploads\/usu1329\/2021\/02\/3_page-0001-768x477.jpg 768w, https:\/\/agora.xtec.cat\/insbitacola\/wp-content\/uploads\/usu1329\/2021\/02\/3_page-0001-1024x636.jpg 1024w\" sizes=\"auto, (max-width: 5378px) 100vw, 5378px\" \/><\/a>\n\t\t\t<\/dt><\/dl><dl class='gallery-item'>\n\t\t\t<dt class='gallery-icon landscape'>\n\t\t\t\t<a href='https:\/\/agora.xtec.cat\/insbitacola\/portada-11\/'><img loading=\"lazy\" decoding=\"async\" width=\"1066\" height=\"564\" src=\"https:\/\/agora.xtec.cat\/insbitacola\/wp-content\/uploads\/usu1329\/2021\/02\/portada.png\" class=\"attachment-full size-full\" alt=\"\" srcset=\"https:\/\/agora.xtec.cat\/insbitacola\/wp-content\/uploads\/usu1329\/2021\/02\/portada.png 1066w, https:\/\/agora.xtec.cat\/insbitacola\/wp-content\/uploads\/usu1329\/2021\/02\/portada-300x159.png 300w, https:\/\/agora.xtec.cat\/insbitacola\/wp-content\/uploads\/usu1329\/2021\/02\/portada-768x406.png 768w, https:\/\/agora.xtec.cat\/insbitacola\/wp-content\/uploads\/usu1329\/2021\/02\/portada-1024x542.png 1024w\" sizes=\"auto, (max-width: 1066px) 100vw, 1066px\" \/><\/a>\n\t\t\t<\/dt><\/dl><br style=\"clear: both\" \/><dl class='gallery-item'>\n\t\t\t<dt class='gallery-icon landscape'>\n\t\t\t\t<a href='https:\/\/agora.xtec.cat\/insbitacola\/1_page-0001\/'><img loading=\"lazy\" decoding=\"async\" width=\"5425\" height=\"2484\" src=\"https:\/\/agora.xtec.cat\/insbitacola\/wp-content\/uploads\/usu1329\/2021\/02\/1_page-0001.jpg\" class=\"attachment-full size-full\" alt=\"\" srcset=\"https:\/\/agora.xtec.cat\/insbitacola\/wp-content\/uploads\/usu1329\/2021\/02\/1_page-0001.jpg 5425w, https:\/\/agora.xtec.cat\/insbitacola\/wp-content\/uploads\/usu1329\/2021\/02\/1_page-0001-300x137.jpg 300w, https:\/\/agora.xtec.cat\/insbitacola\/wp-content\/uploads\/usu1329\/2021\/02\/1_page-0001-768x352.jpg 768w, https:\/\/agora.xtec.cat\/insbitacola\/wp-content\/uploads\/usu1329\/2021\/02\/1_page-0001-1024x469.jpg 1024w\" sizes=\"auto, (max-width: 5425px) 100vw, 5425px\" \/><\/a>\n\t\t\t<\/dt><\/dl><dl class='gallery-item'>\n\t\t\t<dt class='gallery-icon landscape'>\n\t\t\t\t<a href='https:\/\/agora.xtec.cat\/insbitacola\/2_page-0001\/'><img loading=\"lazy\" decoding=\"async\" width=\"10640\" height=\"3923\" src=\"https:\/\/agora.xtec.cat\/insbitacola\/wp-content\/uploads\/usu1329\/2021\/02\/2_page-0001.jpg\" class=\"attachment-full size-full\" alt=\"\" srcset=\"https:\/\/agora.xtec.cat\/insbitacola\/wp-content\/uploads\/usu1329\/2021\/02\/2_page-0001.jpg 10640w, https:\/\/agora.xtec.cat\/insbitacola\/wp-content\/uploads\/usu1329\/2021\/02\/2_page-0001-300x111.jpg 300w, https:\/\/agora.xtec.cat\/insbitacola\/wp-content\/uploads\/usu1329\/2021\/02\/2_page-0001-768x283.jpg 768w, https:\/\/agora.xtec.cat\/insbitacola\/wp-content\/uploads\/usu1329\/2021\/02\/2_page-0001-1024x378.jpg 1024w\" sizes=\"auto, (max-width: 10640px) 100vw, 10640px\" \/><\/a>\n\t\t\t<\/dt><\/dl><br style=\"clear: both\" \/>\n\t\t<\/div>\n\n","protected":false},"excerpt":{"rendered":"<p>Aquest segon trimestre, despr\u00e9s de carregar les piles durant les vacandes d&#8217;hivern, hem tornat al Bit\u00e0cola plens d&#8217;energia! I mai m\u00e9s ben dit, ja que a l&#8217;Espai Globalitzat de 2n d&#8217;ESO el projecte que s&#8217;ha comen\u00e7at ha estat: &#8220;La Fira de les Energies Sostenibles&#8221;.<br \/>\nL\u2019objectiu final&hellip;  <a href=\"https:\/\/agora.xtec.cat\/insbitacola\/general\/comencem-a-estudiar-lenergia-a-lespai-globalitzat-de-2n\/\" title=\"Read Comencem a estudiar l&#8217;Energia a l&#8217;Espai Globalitzat de 2n!\">Llegeix m\u00e9s\u00bb<\/a><\/p>\n","protected":false},"author":1,"featured_media":20362,"comment_status":"open","ping_status":"closed","sticky":false,"template":"","format":"standard","meta":{"_bbp_topic_count":0,"_bbp_reply_count":0,"_bbp_total_topic_count":0,"_bbp_total_reply_count":0,"_bbp_voice_count":0,"_bbp_anonymous_reply_count":0,"_bbp_topic_count_hidden":0,"_bbp_reply_count_hidden":0,"_bbp_forum_subforum_count":0,"footnotes":""},"categories":[98,94,1,29],"tags":[],"class_list":["post-20379","post","type-post","status-publish","format-standard","has-post-thumbnail","hentry","category-eso-2","category-espai-globalitzat","category-general","category-portada"],"post_mailing_queue_ids":[],"_links":{"self":[{"href":"https:\/\/agora.xtec.cat\/insbitacola\/wp-json\/wp\/v2\/posts\/20379","targetHints":{"allow":["GET"]}}],"collection":[{"href":"https:\/\/agora.xtec.cat\/insbitacola\/wp-json\/wp\/v2\/posts"}],"about":[{"href":"https:\/\/agora.xtec.cat\/insbitacola\/wp-json\/wp\/v2\/types\/post"}],"author":[{"embeddable":true,"href":"https:\/\/agora.xtec.cat\/insbitacola\/wp-json\/wp\/v2\/users\/1"}],"replies":[{"embeddable":true,"href":"https:\/\/agora.xtec.cat\/insbitacola\/wp-json\/wp\/v2\/comments?post=20379"}],"version-history":[{"count":4,"href":"https:\/\/agora.xtec.cat\/insbitacola\/wp-json\/wp\/v2\/posts\/20379\/revisions"}],"predecessor-version":[{"id":20385,"href":"https:\/\/agora.xtec.cat\/insbitacola\/wp-json\/wp\/v2\/posts\/20379\/revisions\/20385"}],"wp:featuredmedia":[{"embeddable":true,"href":"https:\/\/agora.xtec.cat\/insbitacola\/wp-json\/wp\/v2\/media\/20362"}],"wp:attachment":[{"href":"https:\/\/agora.xtec.cat\/insbitacola\/wp-json\/wp\/v2\/media?parent=20379"}],"wp:term":[{"taxonomy":"category","embeddable":true,"href":"https:\/\/agora.xtec.cat\/insbitacola\/wp-json\/wp\/v2\/categories?post=20379"},{"taxonomy":"post_tag","embeddable":true,"href":"https:\/\/agora.xtec.cat\/insbitacola\/wp-json\/wp\/v2\/tags?post=20379"}],"curies":[{"name":"wp","href":"https:\/\/api.w.org\/{rel}","templated":true}]}}