{"id":20247,"date":"2020-12-21T08:00:24","date_gmt":"2020-12-21T07:00:24","guid":{"rendered":"http:\/\/agora.xtec.cat\/insbitacola\/?p=20247"},"modified":"2021-07-19T13:20:38","modified_gmt":"2021-07-19T11:20:38","slug":"agora-un-espai-viu-durant-el-primer-trimestre","status":"publish","type":"post","link":"https:\/\/agora.xtec.cat\/insbitacola\/general\/agora-un-espai-viu-durant-el-primer-trimestre\/","title":{"rendered":"\u00c0gora: un espai viu durant el primer trimestre"},"content":{"rendered":"<p>Aquest primer trimestre l&#8217;Espai \u00c0gora ha estat un dels protagonistes de l&#8217;Institut. Hem fet tres sessions a cada cicle de l&#8217;ESO. La definici\u00f3 de l&#8217;espai ha estat l&#8217;\u00faltim tema que hem tractat i que expressem en les paraules que apareixen en els post-its: un espai de conversa entre persones representatives del sector de l&#8217;alumnat amb ED que aportaran temes al Consell de delegats que es dur\u00e0 a terme el dia 25 de gener. Temes com l&#8217;avaluaci\u00f3, com aprenem m\u00e9s, clima d&#8217;aula, sortides&#8230; han estat els grans protagonistes d&#8217;aquestes sessions que han de servir per a compartir inquietuds i promoure el di\u00e0leg.<\/p>\n<p><a href=\"https:\/\/agora.xtec.cat\/insbitacola\/wp-content\/uploads\/usu1329\/2020\/12\/\u00e0gora-p\u00f2ster.png\"><img loading=\"lazy\" decoding=\"async\" class=\"alignnone size-large wp-image-20269\" src=\"https:\/\/agora.xtec.cat\/insbitacola\/wp-content\/uploads\/usu1329\/2020\/12\/\u00e0gora-p\u00f2ster-768x1024.png\" alt=\"\" width=\"768\" height=\"1024\" srcset=\"https:\/\/agora.xtec.cat\/insbitacola\/wp-content\/uploads\/usu1329\/2020\/12\/\u00e0gora-p\u00f2ster-768x1024.png 768w, https:\/\/agora.xtec.cat\/insbitacola\/wp-content\/uploads\/usu1329\/2020\/12\/\u00e0gora-p\u00f2ster-225x300.png 225w, https:\/\/agora.xtec.cat\/insbitacola\/wp-content\/uploads\/usu1329\/2020\/12\/\u00e0gora-p\u00f2ster.png 1000w\" sizes=\"auto, (max-width: 768px) 100vw, 768px\" \/><\/a><\/p>\n<p><a href=\"https:\/\/agora.xtec.cat\/insbitacola\/wp-content\/uploads\/usu1329\/2020\/12\/\u00c0GORA-1r-trimestre.png\"><img loading=\"lazy\" decoding=\"async\" class=\"alignnone size-full wp-image-20248\" src=\"https:\/\/agora.xtec.cat\/insbitacola\/wp-content\/uploads\/usu1329\/2020\/12\/\u00c0GORA-1r-trimestre.png\" alt=\"\" width=\"832\" height=\"490\" srcset=\"https:\/\/agora.xtec.cat\/insbitacola\/wp-content\/uploads\/usu1329\/2020\/12\/\u00c0GORA-1r-trimestre.png 832w, https:\/\/agora.xtec.cat\/insbitacola\/wp-content\/uploads\/usu1329\/2020\/12\/\u00c0GORA-1r-trimestre-300x177.png 300w, https:\/\/agora.xtec.cat\/insbitacola\/wp-content\/uploads\/usu1329\/2020\/12\/\u00c0GORA-1r-trimestre-768x452.png 768w\" sizes=\"auto, (max-width: 832px) 100vw, 832px\" \/><\/a><\/p>\n","protected":false},"excerpt":{"rendered":"<p>Aquest primer trimestre l&#8217;Espai \u00c0gora ha estat un dels protagonistes de l&#8217;Institut. Hem fet tres sessions a cada cicle de l&#8217;ESO. La definici\u00f3 de l&#8217;espai ha estat l&#8217;\u00faltim tema que hem tractat i que expressem en les paraules que apareixen en els post-its: un espai&hellip;  <a href=\"https:\/\/agora.xtec.cat\/insbitacola\/general\/agora-un-espai-viu-durant-el-primer-trimestre\/\" title=\"Read \u00c0gora: un espai viu durant el primer trimestre\">Llegeix m\u00e9s\u00bb<\/a><\/p>\n","protected":false},"author":3,"featured_media":20249,"comment_status":"open","ping_status":"closed","sticky":false,"template":"","format":"standard","meta":{"_bbp_topic_count":0,"_bbp_reply_count":0,"_bbp_total_topic_count":0,"_bbp_total_reply_count":0,"_bbp_voice_count":0,"_bbp_anonymous_reply_count":0,"_bbp_topic_count_hidden":0,"_bbp_reply_count_hidden":0,"_bbp_forum_subforum_count":0,"footnotes":""},"categories":[4,98,107,114,105,1,29],"tags":[],"class_list":["post-20247","post","type-post","status-publish","format-standard","has-post-thumbnail","hentry","category-eso-1","category-eso-2","category-eso-3","category-eso-4","category-espai-de-participacio","category-general","category-portada"],"post_mailing_queue_ids":[],"_links":{"self":[{"href":"https:\/\/agora.xtec.cat\/insbitacola\/wp-json\/wp\/v2\/posts\/20247","targetHints":{"allow":["GET"]}}],"collection":[{"href":"https:\/\/agora.xtec.cat\/insbitacola\/wp-json\/wp\/v2\/posts"}],"about":[{"href":"https:\/\/agora.xtec.cat\/insbitacola\/wp-json\/wp\/v2\/types\/post"}],"author":[{"embeddable":true,"href":"https:\/\/agora.xtec.cat\/insbitacola\/wp-json\/wp\/v2\/users\/3"}],"replies":[{"embeddable":true,"href":"https:\/\/agora.xtec.cat\/insbitacola\/wp-json\/wp\/v2\/comments?post=20247"}],"version-history":[{"count":2,"href":"https:\/\/agora.xtec.cat\/insbitacola\/wp-json\/wp\/v2\/posts\/20247\/revisions"}],"predecessor-version":[{"id":20270,"href":"https:\/\/agora.xtec.cat\/insbitacola\/wp-json\/wp\/v2\/posts\/20247\/revisions\/20270"}],"wp:featuredmedia":[{"embeddable":true,"href":"https:\/\/agora.xtec.cat\/insbitacola\/wp-json\/wp\/v2\/media\/20249"}],"wp:attachment":[{"href":"https:\/\/agora.xtec.cat\/insbitacola\/wp-json\/wp\/v2\/media?parent=20247"}],"wp:term":[{"taxonomy":"category","embeddable":true,"href":"https:\/\/agora.xtec.cat\/insbitacola\/wp-json\/wp\/v2\/categories?post=20247"},{"taxonomy":"post_tag","embeddable":true,"href":"https:\/\/agora.xtec.cat\/insbitacola\/wp-json\/wp\/v2\/tags?post=20247"}],"curies":[{"name":"wp","href":"https:\/\/api.w.org\/{rel}","templated":true}]}}