{"id":20091,"date":"2020-12-16T08:00:26","date_gmt":"2020-12-16T07:00:26","guid":{"rendered":"http:\/\/agora.xtec.cat\/insbitacola\/?p=20091"},"modified":"2020-12-15T23:09:01","modified_gmt":"2020-12-15T22:09:01","slug":"el-meu-oci-activitats-pel-bitacolaesmou","status":"publish","type":"post","link":"https:\/\/agora.xtec.cat\/insbitacola\/general\/el-meu-oci-activitats-pel-bitacolaesmou\/","title":{"rendered":"El meu oci: activitats pel #Bit\u00e0colaesmou"},"content":{"rendered":"<p>L&#8217;alumnat de 4t d&#8217;ESO ha iniciat el projecte <em>El meu oci: activitats pel #Bit\u00e0colaesmou<\/em>. Aquest curs \u00e9s la promoci\u00f3 encarregada de dissenyar tota la festa.<\/p>\n<p>Han comen\u00e7at fent enc\u00e0rrecs a l&#8217;alumnat de 3r d&#8217;ESO (l&#8217;escalfament) i de 2n d&#8217;ESO (el ball que ha de clausurar la celebraci\u00f3) i han escollit i proposat les activitats.<\/p>\n<p>El Dia de l&#8217;Educaci\u00f3 F\u00edsica al Carrer, que celebrem el #Bit\u00e0colaesmou per carrers i parcs de Barber\u00e0 del Vall\u00e8s, \u00e9s un dia assenyalat a l&#8217;institut on conflueixen l&#8217;activitat f\u00edsica, els valors i la comunitat educativa.<\/p>\n<p>Les activitats escollides s\u00f3n: disc golf, b\u00e0squet, ultimate, cordes cooperatives, atrapa la bandera, tennis taula, futbol americ\u00e0, botebol&#8230; i un llarg etc\u00e8tera. L&#8217;alumnat de 4t d&#8217;ESO ara les posa en pr\u00e0ctica per poder-les millorar de cara a la celebraci\u00f3.<\/p>\n<p>Les altres tasques d&#8217;organitzaci\u00f3 com dissenyar els circuits, fer la inst\u00e0ncia a l&#8217;ajuntament, definir els agrupaments&#8230; aquest any tamb\u00e9 corre a c\u00e0rrec seu.<\/p>\n<p>Ens encantaria aquest curs 2021 poder celebrar-ho de la manera m\u00e9s normal possible, sempre que la situaci\u00f3 ens ho permeti.<\/p>\n<p>Salut i moviment!<\/p>\n\n\t\t<style type=\"text\/css\">\n\t\t\t#gallery-1 {\n\t\t\t\tmargin: auto;\n\t\t\t}\n\t\t\t#gallery-1 .gallery-item {\n\t\t\t\tfloat: left;\n\t\t\t\tmargin-top: 10px;\n\t\t\t\ttext-align: center;\n\t\t\t\twidth: 33%;\n\t\t\t}\n\t\t\t#gallery-1 img {\n\t\t\t\tborder: 2px solid #cfcfcf;\n\t\t\t}\n\t\t\t#gallery-1 .gallery-caption {\n\t\t\t\tmargin-left: 0;\n\t\t\t}\n\t\t\t\/* see gallery_shortcode() in wp-includes\/media.php *\/\n\t\t<\/style>\n\t\t<div id='gallery-1' class='gallery galleryid-20091 gallery-columns-3 gallery-size-medium'><dl class='gallery-item'>\n\t\t\t<dt class='gallery-icon landscape'>\n\t\t\t\t<a href='https:\/\/agora.xtec.cat\/insbitacola\/general\/el-meu-oci-activitats-pel-bitacolaesmou\/attachment\/img_20201210_082508-1\/'><img loading=\"lazy\" decoding=\"async\" width=\"300\" height=\"225\" src=\"https:\/\/agora.xtec.cat\/insbitacola\/wp-content\/uploads\/usu1329\/2020\/12\/IMG_20201210_082508-1-300x225.jpg\" class=\"attachment-medium size-medium\" alt=\"\" srcset=\"https:\/\/agora.xtec.cat\/insbitacola\/wp-content\/uploads\/usu1329\/2020\/12\/IMG_20201210_082508-1-300x225.jpg 300w, https:\/\/agora.xtec.cat\/insbitacola\/wp-content\/uploads\/usu1329\/2020\/12\/IMG_20201210_082508-1-768x576.jpg 768w, https:\/\/agora.xtec.cat\/insbitacola\/wp-content\/uploads\/usu1329\/2020\/12\/IMG_20201210_082508-1-1024x768.jpg 1024w, https:\/\/agora.xtec.cat\/insbitacola\/wp-content\/uploads\/usu1329\/2020\/12\/IMG_20201210_082508-1-200x150.jpg 200w\" sizes=\"auto, (max-width: 300px) 100vw, 300px\" \/><\/a>\n\t\t\t<\/dt><\/dl><dl class='gallery-item'>\n\t\t\t<dt class='gallery-icon landscape'>\n\t\t\t\t<a href='https:\/\/agora.xtec.cat\/insbitacola\/general\/el-meu-oci-activitats-pel-bitacolaesmou\/attachment\/img_20201209_135503-1\/'><img loading=\"lazy\" decoding=\"async\" width=\"300\" height=\"225\" src=\"https:\/\/agora.xtec.cat\/insbitacola\/wp-content\/uploads\/usu1329\/2020\/12\/IMG_20201209_135503-1-300x225.jpg\" class=\"attachment-medium size-medium\" alt=\"\" srcset=\"https:\/\/agora.xtec.cat\/insbitacola\/wp-content\/uploads\/usu1329\/2020\/12\/IMG_20201209_135503-1-300x225.jpg 300w, https:\/\/agora.xtec.cat\/insbitacola\/wp-content\/uploads\/usu1329\/2020\/12\/IMG_20201209_135503-1-768x576.jpg 768w, https:\/\/agora.xtec.cat\/insbitacola\/wp-content\/uploads\/usu1329\/2020\/12\/IMG_20201209_135503-1-1024x768.jpg 1024w, https:\/\/agora.xtec.cat\/insbitacola\/wp-content\/uploads\/usu1329\/2020\/12\/IMG_20201209_135503-1-200x150.jpg 200w\" sizes=\"auto, (max-width: 300px) 100vw, 300px\" \/><\/a>\n\t\t\t<\/dt><\/dl><dl class='gallery-item'>\n\t\t\t<dt class='gallery-icon landscape'>\n\t\t\t\t<a href='https:\/\/agora.xtec.cat\/insbitacola\/general\/el-meu-oci-activitats-pel-bitacolaesmou\/attachment\/img_20201214_093721-1\/'><img loading=\"lazy\" decoding=\"async\" width=\"300\" height=\"225\" src=\"https:\/\/agora.xtec.cat\/insbitacola\/wp-content\/uploads\/usu1329\/2020\/12\/IMG_20201214_093721-1-300x225.jpg\" class=\"attachment-medium size-medium\" alt=\"\" srcset=\"https:\/\/agora.xtec.cat\/insbitacola\/wp-content\/uploads\/usu1329\/2020\/12\/IMG_20201214_093721-1-300x225.jpg 300w, https:\/\/agora.xtec.cat\/insbitacola\/wp-content\/uploads\/usu1329\/2020\/12\/IMG_20201214_093721-1-768x576.jpg 768w, https:\/\/agora.xtec.cat\/insbitacola\/wp-content\/uploads\/usu1329\/2020\/12\/IMG_20201214_093721-1-1024x768.jpg 1024w, https:\/\/agora.xtec.cat\/insbitacola\/wp-content\/uploads\/usu1329\/2020\/12\/IMG_20201214_093721-1-200x150.jpg 200w\" sizes=\"auto, (max-width: 300px) 100vw, 300px\" \/><\/a>\n\t\t\t<\/dt><\/dl><br style=\"clear: both\" \/>\n\t\t<\/div>\n\n","protected":false},"excerpt":{"rendered":"<p>L&#8217;alumnat de 4t d&#8217;ESO ha iniciat el projecte El meu oci: activitats pel #Bit\u00e0colaesmou. Aquest curs \u00e9s la promoci\u00f3 encarregada de dissenyar tota la festa.<br \/>\nHan comen\u00e7at fent enc\u00e0rrecs a l&#8217;alumnat de 3r d&#8217;ESO (l&#8217;escalfament) i de 2n d&#8217;ESO (el ball que ha de clausurar la&hellip;  <a href=\"https:\/\/agora.xtec.cat\/insbitacola\/general\/el-meu-oci-activitats-pel-bitacolaesmou\/\" title=\"Read El meu oci: activitats pel #Bit\u00e0colaesmou\">Llegeix m\u00e9s\u00bb<\/a><\/p>\n","protected":false},"author":19,"featured_media":20214,"comment_status":"open","ping_status":"closed","sticky":false,"template":"","format":"standard","meta":{"_bbp_topic_count":0,"_bbp_reply_count":0,"_bbp_total_topic_count":0,"_bbp_total_reply_count":0,"_bbp_voice_count":0,"_bbp_anonymous_reply_count":0,"_bbp_topic_count_hidden":0,"_bbp_reply_count_hidden":0,"_bbp_forum_subforum_count":0,"footnotes":""},"categories":[114,106,1,29],"tags":[],"class_list":["post-20091","post","type-post","status-publish","format-standard","has-post-thumbnail","hentry","category-eso-4","category-educacio-fisica","category-general","category-portada"],"post_mailing_queue_ids":[],"_links":{"self":[{"href":"https:\/\/agora.xtec.cat\/insbitacola\/wp-json\/wp\/v2\/posts\/20091","targetHints":{"allow":["GET"]}}],"collection":[{"href":"https:\/\/agora.xtec.cat\/insbitacola\/wp-json\/wp\/v2\/posts"}],"about":[{"href":"https:\/\/agora.xtec.cat\/insbitacola\/wp-json\/wp\/v2\/types\/post"}],"author":[{"embeddable":true,"href":"https:\/\/agora.xtec.cat\/insbitacola\/wp-json\/wp\/v2\/users\/19"}],"replies":[{"embeddable":true,"href":"https:\/\/agora.xtec.cat\/insbitacola\/wp-json\/wp\/v2\/comments?post=20091"}],"version-history":[{"count":2,"href":"https:\/\/agora.xtec.cat\/insbitacola\/wp-json\/wp\/v2\/posts\/20091\/revisions"}],"predecessor-version":[{"id":20216,"href":"https:\/\/agora.xtec.cat\/insbitacola\/wp-json\/wp\/v2\/posts\/20091\/revisions\/20216"}],"wp:featuredmedia":[{"embeddable":true,"href":"https:\/\/agora.xtec.cat\/insbitacola\/wp-json\/wp\/v2\/media\/20214"}],"wp:attachment":[{"href":"https:\/\/agora.xtec.cat\/insbitacola\/wp-json\/wp\/v2\/media?parent=20091"}],"wp:term":[{"taxonomy":"category","embeddable":true,"href":"https:\/\/agora.xtec.cat\/insbitacola\/wp-json\/wp\/v2\/categories?post=20091"},{"taxonomy":"post_tag","embeddable":true,"href":"https:\/\/agora.xtec.cat\/insbitacola\/wp-json\/wp\/v2\/tags?post=20091"}],"curies":[{"name":"wp","href":"https:\/\/api.w.org\/{rel}","templated":true}]}}