{"id":19937,"date":"2020-12-06T18:32:13","date_gmt":"2020-12-06T17:32:13","guid":{"rendered":"http:\/\/agora.xtec.cat\/insbitacola\/?p=19937"},"modified":"2020-12-06T08:34:08","modified_gmt":"2020-12-06T07:34:08","slug":"descobrint-la-radio-per-fora-i-per-dins","status":"publish","type":"post","link":"https:\/\/agora.xtec.cat\/insbitacola\/general\/descobrint-la-radio-per-fora-i-per-dins\/","title":{"rendered":"Descobrint la r\u00e0dio per fora i per dins!"},"content":{"rendered":"<p><span style=\"font-weight: 400;\">Qui no ha escoltat la r\u00e0dio en la seva vida? La r\u00e0dio va ser un dels grans invents de finals del segle XIX, principis del XX i gr\u00e0cies a ella la comunicaci\u00f3 va donar un gir de 360\u00ba. Ha estat utilitzada per transmetre informaci\u00f3 a gran escala d\u2019una manera instant\u00e0nia i a llarga dist\u00e0ncia. Tamb\u00e9 l\u2019hem utilitzat per l&#8217;entreteniment i aprendre coses en diferents espais i formats.\u00a0<\/span><\/p>\n<p><a href=\"https:\/\/agora.xtec.cat\/insbitacola\/wp-content\/uploads\/usu1329\/2020\/12\/baixa-3.jpeg\"><img loading=\"lazy\" decoding=\"async\" class=\"size-large wp-image-19940 aligncenter\" src=\"https:\/\/agora.xtec.cat\/insbitacola\/wp-content\/uploads\/usu1329\/2020\/12\/baixa-3.jpeg\" alt=\"\" width=\"328\" height=\"154\" srcset=\"https:\/\/agora.xtec.cat\/insbitacola\/wp-content\/uploads\/usu1329\/2020\/12\/baixa-3.jpeg 328w, https:\/\/agora.xtec.cat\/insbitacola\/wp-content\/uploads\/usu1329\/2020\/12\/baixa-3-300x141.jpeg 300w\" sizes=\"auto, (max-width: 328px) 100vw, 328px\" \/><\/a><\/p>\n<p><span style=\"font-weight: 400;\">Els alumnes de l\u2019Institut Bit\u00e0cola de 3r B hem apr\u00e8s des de la hist\u00f2ria de la comunicaci\u00f3 i de la r\u00e0dio, com funciona una emissora per dins, els diferents programes i seccions i, fins i tot, com fer un podcast!<\/span><\/p>\n<p><span style=\"font-weight: 400;\">I qu\u00e8 seria de la nostra hist\u00f2ria de la comunicaci\u00f3 sense els seus grans inventors? Hem apr\u00e8s sobre la biografia i els invents de quatre dels grans: <\/span><span style=\"font-weight: 400;\">MARCONI, BELL, EDISON i MORSE i com gr\u00e0cies als invents d\u2019uns es podien arribar a d\u2019altres. Qui no n\u2019ha sentit a parlar de tots ells?<\/span><\/p>\n<p><span style=\"font-weight: 400;\">Tamb\u00e9 hem apr\u00e8s com \u00e9s possible que un invent com la r\u00e0dio funcioni d\u2019una manera m\u00e9s cient\u00edfica amb l\u2019estudi de les ones i com aquestes canvien el so depenent de la freq\u00fc\u00e8ncia i la intensitat i fent un experiment amb iogurts i pals amb plastilina.<\/span><\/p>\n<p><span style=\"font-weight: 400;\">Per \u00faltim, ja que estem en un Espai en Xarxa i aquests destaquen per tenir un o m\u00e9s enc\u00e0rrecs demanats per diferents entitats externes, donem un cop d\u2019ull als tres que ten\u00edem en aquest espai:\u00a0<\/span><\/p>\n<ol>\n<li style=\"font-weight: 400;\"><b>Gravar una secci\u00f3<\/b><span style=\"font-weight: 400;\"> d&#8217;un programa a <\/span><b>R\u00e0dio Barber\u00e0<\/b><span style=\"font-weight: 400;\"> en format podcasts sobre com els adolescents de barber\u00e0 han viscut i estan vivint en \u00e8poca de pand\u00e8mia.\u00a0<\/span><\/li>\n<li style=\"font-weight: 400;\"><span style=\"font-weight: 400;\">Representar al centre i<\/span><b> participar al concurs Pica Lletres<\/b><span style=\"font-weight: 400;\"> de Canal Terrassa el dia 15 o 16 de desembre (i 17 si passem a la final).<\/span><\/li>\n<li style=\"font-weight: 400;\"><b>Dinamitzar un joc a Prim\u00e0ria<\/b><span style=\"font-weight: 400;\"> relacionat amb el Pica lletres durant el mes de desembre.<\/span><\/li>\n<\/ol>\n<p><span style=\"font-weight: 400;\">Tot el grup ho hem gaudit i apr\u00e8s molt!\u00a0<\/span><\/p>\n<p>&nbsp;<\/p>\n<p><a href=\"https:\/\/agora.xtec.cat\/insbitacola\/wp-content\/uploads\/usu1329\/2020\/12\/portada_picalletres.jpeg\"><img loading=\"lazy\" decoding=\"async\" class=\"wp-image-19938 aligncenter\" src=\"https:\/\/agora.xtec.cat\/insbitacola\/wp-content\/uploads\/usu1329\/2020\/12\/portada_picalletres.jpeg\" alt=\"\" width=\"516\" height=\"290\" srcset=\"https:\/\/agora.xtec.cat\/insbitacola\/wp-content\/uploads\/usu1329\/2020\/12\/portada_picalletres.jpeg 640w, https:\/\/agora.xtec.cat\/insbitacola\/wp-content\/uploads\/usu1329\/2020\/12\/portada_picalletres-300x169.jpeg 300w\" sizes=\"auto, (max-width: 516px) 100vw, 516px\" \/><\/a><\/p>\n","protected":false},"excerpt":{"rendered":"<p>Qui no ha escoltat la r\u00e0dio en la seva vida? La r\u00e0dio va ser un dels grans invents de finals del segle XIX, principis del XX i gr\u00e0cies a ella la comunicaci\u00f3 va donar un gir de 360\u00ba. Ha estat utilitzada per transmetre informaci\u00f3 a&hellip;  <a href=\"https:\/\/agora.xtec.cat\/insbitacola\/general\/descobrint-la-radio-per-fora-i-per-dins\/\" title=\"Read Descobrint la r\u00e0dio per fora i per dins!\">Llegeix m\u00e9s\u00bb<\/a><\/p>\n","protected":false},"author":1,"featured_media":19939,"comment_status":"open","ping_status":"closed","sticky":false,"template":"","format":"standard","meta":{"_bbp_topic_count":0,"_bbp_reply_count":0,"_bbp_total_topic_count":0,"_bbp_total_reply_count":0,"_bbp_voice_count":0,"_bbp_anonymous_reply_count":0,"_bbp_topic_count_hidden":0,"_bbp_reply_count_hidden":0,"_bbp_forum_subforum_count":0,"footnotes":""},"categories":[107,103,1,29],"tags":[160,157,159,158],"class_list":["post-19937","post","type-post","status-publish","format-standard","has-post-thumbnail","hentry","category-eso-3","category-espai-en-xarxa","category-general","category-portada","tag-canal-terrassa","tag-ex-radio","tag-picalletres","tag-radio-barbera-del-valles"],"post_mailing_queue_ids":[],"_links":{"self":[{"href":"https:\/\/agora.xtec.cat\/insbitacola\/wp-json\/wp\/v2\/posts\/19937","targetHints":{"allow":["GET"]}}],"collection":[{"href":"https:\/\/agora.xtec.cat\/insbitacola\/wp-json\/wp\/v2\/posts"}],"about":[{"href":"https:\/\/agora.xtec.cat\/insbitacola\/wp-json\/wp\/v2\/types\/post"}],"author":[{"embeddable":true,"href":"https:\/\/agora.xtec.cat\/insbitacola\/wp-json\/wp\/v2\/users\/1"}],"replies":[{"embeddable":true,"href":"https:\/\/agora.xtec.cat\/insbitacola\/wp-json\/wp\/v2\/comments?post=19937"}],"version-history":[{"count":2,"href":"https:\/\/agora.xtec.cat\/insbitacola\/wp-json\/wp\/v2\/posts\/19937\/revisions"}],"predecessor-version":[{"id":19946,"href":"https:\/\/agora.xtec.cat\/insbitacola\/wp-json\/wp\/v2\/posts\/19937\/revisions\/19946"}],"wp:featuredmedia":[{"embeddable":true,"href":"https:\/\/agora.xtec.cat\/insbitacola\/wp-json\/wp\/v2\/media\/19939"}],"wp:attachment":[{"href":"https:\/\/agora.xtec.cat\/insbitacola\/wp-json\/wp\/v2\/media?parent=19937"}],"wp:term":[{"taxonomy":"category","embeddable":true,"href":"https:\/\/agora.xtec.cat\/insbitacola\/wp-json\/wp\/v2\/categories?post=19937"},{"taxonomy":"post_tag","embeddable":true,"href":"https:\/\/agora.xtec.cat\/insbitacola\/wp-json\/wp\/v2\/tags?post=19937"}],"curies":[{"name":"wp","href":"https:\/\/api.w.org\/{rel}","templated":true}]}}