{"id":15979,"date":"2019-11-07T17:58:03","date_gmt":"2019-11-07T16:58:03","guid":{"rendered":"http:\/\/agora.xtec.cat\/insbitacola\/?p=15979"},"modified":"2019-11-07T17:58:03","modified_gmt":"2019-11-07T16:58:03","slug":"consell-de-delegats-i-delegades-curs-19-20","status":"publish","type":"post","link":"https:\/\/agora.xtec.cat\/insbitacola\/general\/consell-de-delegats-i-delegades-curs-19-20\/","title":{"rendered":"Consell de delegats i delegades curs 19\/20"},"content":{"rendered":"<p>Fa unes setmanes els i les representants de cada classe es van reunir per primer cop al teatre, tamb\u00e9 els representants mediambientals de secund\u00e0ria Institut Bit\u00e0cola i prim\u00e0ria Elisa Badia.<\/p>\n<p>Es va donar el tret de sortida al nou projecte de recollida porta a porta que afecta al barri de l&#8217;escola i l&#8217;institut. Aix\u00ed com les noves mesures preses als centres per a la ubicaci\u00f3 de noves papereres de recollida selectiva i la ubicaci\u00f3 d&#8217;aquestes en els diferents espais.<\/p>\n<p>Posteriorment, els delegats i delegades de cada nivell s&#8217;han reunit amb les diferents coordinacions i han anat aportant les propostes dels diferents grups de cara al curs escolar 2019-20.<\/p>\n<p>El passat dilluns, va culminar amb la primera reuni\u00f3 del consell de delegats i delegades amb els representants de cada curs, les coordinacions i la direcci\u00f3. Van sortir propostes molt interessants de l&#8217;alumnat que comencen a posar-se en marxa, algunes de manera m\u00e9s directa i altres a llarg pla\u00e7.<\/p>\n<p>Totes aquestes activitats i trobades s\u00f3n l&#8217;inici del que ser\u00e0 la participaci\u00f3 i implicaci\u00f3 de l&#8217;alumnat al centre al llarg del curs. Endavant!<\/p>\n\n\t\t<style type=\"text\/css\">\n\t\t\t#gallery-1 {\n\t\t\t\tmargin: auto;\n\t\t\t}\n\t\t\t#gallery-1 .gallery-item {\n\t\t\t\tfloat: left;\n\t\t\t\tmargin-top: 10px;\n\t\t\t\ttext-align: center;\n\t\t\t\twidth: 50%;\n\t\t\t}\n\t\t\t#gallery-1 img {\n\t\t\t\tborder: 2px solid #cfcfcf;\n\t\t\t}\n\t\t\t#gallery-1 .gallery-caption {\n\t\t\t\tmargin-left: 0;\n\t\t\t}\n\t\t\t\/* see gallery_shortcode() in wp-includes\/media.php *\/\n\t\t<\/style>\n\t\t<div id='gallery-1' class='gallery galleryid-15979 gallery-columns-2 gallery-size-large'><dl class='gallery-item'>\n\t\t\t<dt class='gallery-icon landscape'>\n\t\t\t\t<a href='https:\/\/agora.xtec.cat\/insbitacola\/general\/consell-de-delegats-i-delegades-curs-19-20\/attachment\/a10fa8bf-56e6-4ff9-a61b-28a171035b08\/'><img loading=\"lazy\" decoding=\"async\" width=\"1024\" height=\"536\" src=\"https:\/\/agora.xtec.cat\/insbitacola\/wp-content\/uploads\/usu1329\/2019\/11\/A10FA8BF-56E6-4FF9-A61B-28A171035B08-1024x536.jpg\" class=\"attachment-large size-large\" alt=\"\" srcset=\"https:\/\/agora.xtec.cat\/insbitacola\/wp-content\/uploads\/usu1329\/2019\/11\/A10FA8BF-56E6-4FF9-A61B-28A171035B08-1024x536.jpg 1024w, https:\/\/agora.xtec.cat\/insbitacola\/wp-content\/uploads\/usu1329\/2019\/11\/A10FA8BF-56E6-4FF9-A61B-28A171035B08-300x157.jpg 300w, https:\/\/agora.xtec.cat\/insbitacola\/wp-content\/uploads\/usu1329\/2019\/11\/A10FA8BF-56E6-4FF9-A61B-28A171035B08-768x402.jpg 768w, https:\/\/agora.xtec.cat\/insbitacola\/wp-content\/uploads\/usu1329\/2019\/11\/A10FA8BF-56E6-4FF9-A61B-28A171035B08.jpg 2048w\" sizes=\"auto, (max-width: 1024px) 100vw, 1024px\" \/><\/a>\n\t\t\t<\/dt><\/dl><dl class='gallery-item'>\n\t\t\t<dt class='gallery-icon landscape'>\n\t\t\t\t<a href='https:\/\/agora.xtec.cat\/insbitacola\/general\/consell-de-delegats-i-delegades-curs-19-20\/attachment\/img_9797\/'><img loading=\"lazy\" decoding=\"async\" width=\"1024\" height=\"768\" src=\"https:\/\/agora.xtec.cat\/insbitacola\/wp-content\/uploads\/usu1329\/2019\/11\/IMG_9797-1024x768.jpg\" class=\"attachment-large size-large\" alt=\"\" srcset=\"https:\/\/agora.xtec.cat\/insbitacola\/wp-content\/uploads\/usu1329\/2019\/11\/IMG_9797-1024x768.jpg 1024w, https:\/\/agora.xtec.cat\/insbitacola\/wp-content\/uploads\/usu1329\/2019\/11\/IMG_9797-300x225.jpg 300w, https:\/\/agora.xtec.cat\/insbitacola\/wp-content\/uploads\/usu1329\/2019\/11\/IMG_9797-768x576.jpg 768w, https:\/\/agora.xtec.cat\/insbitacola\/wp-content\/uploads\/usu1329\/2019\/11\/IMG_9797-200x150.jpg 200w, https:\/\/agora.xtec.cat\/insbitacola\/wp-content\/uploads\/usu1329\/2019\/11\/IMG_9797.jpg 2016w\" sizes=\"auto, (max-width: 1024px) 100vw, 1024px\" \/><\/a>\n\t\t\t<\/dt><\/dl><br style=\"clear: both\" \/><dl class='gallery-item'>\n\t\t\t<dt class='gallery-icon landscape'>\n\t\t\t\t<a href='https:\/\/agora.xtec.cat\/insbitacola\/general\/consell-de-delegats-i-delegades-curs-19-20\/attachment\/img_9804\/'><img loading=\"lazy\" decoding=\"async\" width=\"1024\" height=\"768\" src=\"https:\/\/agora.xtec.cat\/insbitacola\/wp-content\/uploads\/usu1329\/2019\/11\/IMG_9804-1024x768.jpg\" class=\"attachment-large size-large\" alt=\"\" srcset=\"https:\/\/agora.xtec.cat\/insbitacola\/wp-content\/uploads\/usu1329\/2019\/11\/IMG_9804-1024x768.jpg 1024w, https:\/\/agora.xtec.cat\/insbitacola\/wp-content\/uploads\/usu1329\/2019\/11\/IMG_9804-300x225.jpg 300w, https:\/\/agora.xtec.cat\/insbitacola\/wp-content\/uploads\/usu1329\/2019\/11\/IMG_9804-768x576.jpg 768w, https:\/\/agora.xtec.cat\/insbitacola\/wp-content\/uploads\/usu1329\/2019\/11\/IMG_9804-200x150.jpg 200w, https:\/\/agora.xtec.cat\/insbitacola\/wp-content\/uploads\/usu1329\/2019\/11\/IMG_9804.jpg 2016w\" sizes=\"auto, (max-width: 1024px) 100vw, 1024px\" \/><\/a>\n\t\t\t<\/dt><\/dl><dl class='gallery-item'>\n\t\t\t<dt class='gallery-icon landscape'>\n\t\t\t\t<a href='https:\/\/agora.xtec.cat\/insbitacola\/general\/consell-de-delegats-i-delegades-curs-19-20\/attachment\/img_0247\/'><img loading=\"lazy\" decoding=\"async\" width=\"1024\" height=\"768\" src=\"https:\/\/agora.xtec.cat\/insbitacola\/wp-content\/uploads\/usu1329\/2019\/11\/IMG_0247-1024x768.jpg\" class=\"attachment-large size-large\" alt=\"\" srcset=\"https:\/\/agora.xtec.cat\/insbitacola\/wp-content\/uploads\/usu1329\/2019\/11\/IMG_0247-1024x768.jpg 1024w, https:\/\/agora.xtec.cat\/insbitacola\/wp-content\/uploads\/usu1329\/2019\/11\/IMG_0247-300x225.jpg 300w, https:\/\/agora.xtec.cat\/insbitacola\/wp-content\/uploads\/usu1329\/2019\/11\/IMG_0247-768x576.jpg 768w, https:\/\/agora.xtec.cat\/insbitacola\/wp-content\/uploads\/usu1329\/2019\/11\/IMG_0247-200x150.jpg 200w, https:\/\/agora.xtec.cat\/insbitacola\/wp-content\/uploads\/usu1329\/2019\/11\/IMG_0247.jpg 2016w\" sizes=\"auto, (max-width: 1024px) 100vw, 1024px\" \/><\/a>\n\t\t\t<\/dt><\/dl><br style=\"clear: both\" \/>\n\t\t<\/div>\n\n","protected":false},"excerpt":{"rendered":"<p>Fa unes setmanes els i les representants de cada classe es van reunir per primer cop al teatre, tamb\u00e9 els representants mediambientals de secund\u00e0ria Institut Bit\u00e0cola i prim\u00e0ria Elisa Badia.<br \/>\nEs va donar el tret de sortida al nou projecte de recollida porta a porta que&hellip;  <a href=\"https:\/\/agora.xtec.cat\/insbitacola\/general\/consell-de-delegats-i-delegades-curs-19-20\/\" title=\"Read Consell de delegats i delegades curs 19\/20\">Llegeix m\u00e9s\u00bb<\/a><\/p>\n","protected":false},"author":1,"featured_media":15986,"comment_status":"open","ping_status":"closed","sticky":false,"template":"","format":"standard","meta":{"_bbp_topic_count":0,"_bbp_reply_count":0,"_bbp_total_topic_count":0,"_bbp_total_reply_count":0,"_bbp_voice_count":0,"_bbp_anonymous_reply_count":0,"_bbp_topic_count_hidden":0,"_bbp_reply_count_hidden":0,"_bbp_forum_subforum_count":0,"footnotes":""},"categories":[4,98,107,114,1,29],"tags":[],"class_list":["post-15979","post","type-post","status-publish","format-standard","has-post-thumbnail","hentry","category-eso-1","category-eso-2","category-eso-3","category-eso-4","category-general","category-portada"],"post_mailing_queue_ids":[],"_links":{"self":[{"href":"https:\/\/agora.xtec.cat\/insbitacola\/wp-json\/wp\/v2\/posts\/15979","targetHints":{"allow":["GET"]}}],"collection":[{"href":"https:\/\/agora.xtec.cat\/insbitacola\/wp-json\/wp\/v2\/posts"}],"about":[{"href":"https:\/\/agora.xtec.cat\/insbitacola\/wp-json\/wp\/v2\/types\/post"}],"author":[{"embeddable":true,"href":"https:\/\/agora.xtec.cat\/insbitacola\/wp-json\/wp\/v2\/users\/1"}],"replies":[{"embeddable":true,"href":"https:\/\/agora.xtec.cat\/insbitacola\/wp-json\/wp\/v2\/comments?post=15979"}],"version-history":[{"count":1,"href":"https:\/\/agora.xtec.cat\/insbitacola\/wp-json\/wp\/v2\/posts\/15979\/revisions"}],"predecessor-version":[{"id":15987,"href":"https:\/\/agora.xtec.cat\/insbitacola\/wp-json\/wp\/v2\/posts\/15979\/revisions\/15987"}],"wp:featuredmedia":[{"embeddable":true,"href":"https:\/\/agora.xtec.cat\/insbitacola\/wp-json\/wp\/v2\/media\/15986"}],"wp:attachment":[{"href":"https:\/\/agora.xtec.cat\/insbitacola\/wp-json\/wp\/v2\/media?parent=15979"}],"wp:term":[{"taxonomy":"category","embeddable":true,"href":"https:\/\/agora.xtec.cat\/insbitacola\/wp-json\/wp\/v2\/categories?post=15979"},{"taxonomy":"post_tag","embeddable":true,"href":"https:\/\/agora.xtec.cat\/insbitacola\/wp-json\/wp\/v2\/tags?post=15979"}],"curies":[{"name":"wp","href":"https:\/\/api.w.org\/{rel}","templated":true}]}}