{"id":15167,"date":"2019-05-06T07:36:51","date_gmt":"2019-05-06T05:36:51","guid":{"rendered":"http:\/\/agora.xtec.cat\/insbitacola\/?p=15167"},"modified":"2019-05-01T21:40:21","modified_gmt":"2019-05-01T19:40:21","slug":"cloenda-creixem-entre-plantes-2","status":"publish","type":"post","link":"https:\/\/agora.xtec.cat\/insbitacola\/general\/cloenda-creixem-entre-plantes-2\/","title":{"rendered":"Cloenda &#8220;Creixem entre plantes&#8221;"},"content":{"rendered":"<p style=\"text-align: justify;\"><strong>El pr\u00f2xim 15 de maig, a partir de les 17:30 hores, la Torre d\u2019En Gorgs acollir\u00e0 la cloenda del projecte \u2018Creixem entre plantes\u2019<\/strong>, una activitat coordinada entre la Fundaci\u00f3 Barber\u00e0 Promoci\u00f3, les llars d\u2019infants La Baldufa , La Blava, El Bosquet i l\u2019Institut Bit\u00e0cola.<\/p>\n<p style=\"text-align: justify;\"><a href=\"https:\/\/agora.xtec.cat\/insbitacola\/wp-content\/uploads\/usu1329\/2019\/04\/targeta.png\"><img loading=\"lazy\" decoding=\"async\" class=\"wp-image-15168 aligncenter\" src=\"https:\/\/agora.xtec.cat\/insbitacola\/wp-content\/uploads\/usu1329\/2019\/04\/targeta.png\" alt=\"\" width=\"606\" height=\"431\" srcset=\"https:\/\/agora.xtec.cat\/insbitacola\/wp-content\/uploads\/usu1329\/2019\/04\/targeta.png 778w, https:\/\/agora.xtec.cat\/insbitacola\/wp-content\/uploads\/usu1329\/2019\/04\/targeta-300x213.png 300w, https:\/\/agora.xtec.cat\/insbitacola\/wp-content\/uploads\/usu1329\/2019\/04\/targeta-768x546.png 768w\" sizes=\"auto, (max-width: 606px) 100vw, 606px\" \/><\/a><\/p>\n<p style=\"text-align: justify;\">La primera part d\u2019aquesta cloenda, de caire familiar, se celebrar\u00e0 a la sala El Celler de la Torre on projectarem<strong> un audiovisual del projecte preparat per l\u2019alumnat de primer d\u2019ESO de l\u2019Institut Bit\u00e0cola. Posteriorment, les entitats participants en el \u2018Creixem entre plantes\u2019 faran una petita valoraci\u00f3 i es passar\u00e0 a la realitzaci\u00f3 del contacontes \u2018Un viatge inesperat\u2019, dirigit als m\u00e9s petits.<\/strong><\/p>\n<p style=\"text-align: justify;\"><strong>La segona part de l\u2019acte es realitzar\u00e0 als jardins de la Torre d\u2019En Gorgs, amb m\u00fasica i activitats lliures familiars, especialment dirigides als infants. Seguint la tem\u00e0tica del canvi clim\u00e0tic, es faran diverses activitats amb l\u2019objectiu que els m\u00e9s petits gaudeixin<\/strong>, com jocs fabricats amb material reciclat; i una exposici\u00f3 que tamb\u00e9 parlar\u00e0 sobre diversos punts de vista de l\u2019escalfament global i que ha sigut realitzada per l\u2019alumnat de l\u2019Institut Bit\u00e0cola, qui seran els encarregats de presentar la seva mateixa mostra.\u00a0<strong>L\u2019alumnat del Programa de Formaci\u00f3 i Inserci\u00f3 -PFI- \u2018Auxiliars de vivers i jardins\u2019 de la Fundaci\u00f3 Barber\u00e0 Promoci\u00f3 tamb\u00e9 aportar\u00e0 el seu gra de sorra a l\u2019acte, amb la realitzaci\u00f3 d\u2019una activitat de planter<\/strong>, on s\u2019ensenyar\u00e0 a preparar plantes i es donar\u00e0 un obsequi a les persones assistents que ho vulguin.<\/p>\n<p style=\"text-align: justify;\">El programa \u2018Creixem entre plantes\u2019 \u00a0est\u00e0 englobat dins de l\u2019espai globalitzat de \u201cCanvi Clim\u00e0tic\u201d i \u00e9s una activitat basada en la metodologia d\u2019aprenentatge-servei (APS) entre l\u2019alumnat del PFI de la Fundaci\u00f3 Barber\u00e0 Promoci\u00f3 i de primer d\u2019ESO de l\u2019institut Bit\u00e0cola, en col\u00b7laboraci\u00f3 amb les llars d\u2019infants La Baldufa, La Blava i El Bosquet.\u00a0<strong>El principal objectiu d\u2019aquest projecte ha sigut que les persones participants milloressin els seus coneixements, destreses, actituds i valors morals en societat, tot aix\u00f2 a trav\u00e9s de l\u2019autoaprenentatge mutu i el contacte amb els nens i nenes de les llars d\u2019infants del municipi.<\/strong><\/p>\n<p style=\"text-align: center;\"><a href=\"https:\/\/agora.xtec.cat\/insbitacola\/wp-content\/uploads\/usu1329\/2019\/04\/foto-cartell.png\"><img loading=\"lazy\" decoding=\"async\" class=\"alignnone size-full wp-image-15169\" src=\"https:\/\/agora.xtec.cat\/insbitacola\/wp-content\/uploads\/usu1329\/2019\/04\/foto-cartell.png\" alt=\"\" width=\"502\" height=\"697\" srcset=\"https:\/\/agora.xtec.cat\/insbitacola\/wp-content\/uploads\/usu1329\/2019\/04\/foto-cartell.png 502w, https:\/\/agora.xtec.cat\/insbitacola\/wp-content\/uploads\/usu1329\/2019\/04\/foto-cartell-216x300.png 216w\" sizes=\"auto, (max-width: 502px) 100vw, 502px\" \/><\/a><\/p>\n<p>&nbsp;<\/p>\n","protected":false},"excerpt":{"rendered":"<p>El pr\u00f2xim 15 de maig, a partir de les 17:30 hores, la Torre d\u2019En Gorgs acollir\u00e0 la cloenda del projecte \u2018Creixem entre plantes\u2019, una activitat coordinada entre la Fundaci\u00f3 Barber\u00e0 Promoci\u00f3, les llars d\u2019infants La Baldufa , La Blava, El Bosquet i l\u2019Institut Bit\u00e0cola.<br \/>\n<a href=\"https:\/\/agora.xtec.cat\/insbitacola\/wp-content\/uploads\/usu1329\/2019\/04\/targeta.png\"><\/a><br \/>\nLa&hellip;  <a href=\"https:\/\/agora.xtec.cat\/insbitacola\/general\/cloenda-creixem-entre-plantes-2\/\" title=\"Read Cloenda &#8220;Creixem entre plantes&#8221;\">Llegeix m\u00e9s\u00bb<\/a><\/p>\n","protected":false},"author":1,"featured_media":15168,"comment_status":"open","ping_status":"closed","sticky":false,"template":"","format":"standard","meta":{"_bbp_topic_count":0,"_bbp_reply_count":0,"_bbp_total_topic_count":0,"_bbp_total_reply_count":0,"_bbp_voice_count":0,"_bbp_anonymous_reply_count":0,"_bbp_topic_count_hidden":0,"_bbp_reply_count_hidden":0,"_bbp_forum_subforum_count":0,"footnotes":""},"categories":[4,94,1,29],"tags":[],"class_list":["post-15167","post","type-post","status-publish","format-standard","has-post-thumbnail","hentry","category-eso-1","category-espai-globalitzat","category-general","category-portada"],"post_mailing_queue_ids":[],"_links":{"self":[{"href":"https:\/\/agora.xtec.cat\/insbitacola\/wp-json\/wp\/v2\/posts\/15167","targetHints":{"allow":["GET"]}}],"collection":[{"href":"https:\/\/agora.xtec.cat\/insbitacola\/wp-json\/wp\/v2\/posts"}],"about":[{"href":"https:\/\/agora.xtec.cat\/insbitacola\/wp-json\/wp\/v2\/types\/post"}],"author":[{"embeddable":true,"href":"https:\/\/agora.xtec.cat\/insbitacola\/wp-json\/wp\/v2\/users\/1"}],"replies":[{"embeddable":true,"href":"https:\/\/agora.xtec.cat\/insbitacola\/wp-json\/wp\/v2\/comments?post=15167"}],"version-history":[{"count":3,"href":"https:\/\/agora.xtec.cat\/insbitacola\/wp-json\/wp\/v2\/posts\/15167\/revisions"}],"predecessor-version":[{"id":15172,"href":"https:\/\/agora.xtec.cat\/insbitacola\/wp-json\/wp\/v2\/posts\/15167\/revisions\/15172"}],"wp:featuredmedia":[{"embeddable":true,"href":"https:\/\/agora.xtec.cat\/insbitacola\/wp-json\/wp\/v2\/media\/15168"}],"wp:attachment":[{"href":"https:\/\/agora.xtec.cat\/insbitacola\/wp-json\/wp\/v2\/media?parent=15167"}],"wp:term":[{"taxonomy":"category","embeddable":true,"href":"https:\/\/agora.xtec.cat\/insbitacola\/wp-json\/wp\/v2\/categories?post=15167"},{"taxonomy":"post_tag","embeddable":true,"href":"https:\/\/agora.xtec.cat\/insbitacola\/wp-json\/wp\/v2\/tags?post=15167"}],"curies":[{"name":"wp","href":"https:\/\/api.w.org\/{rel}","templated":true}]}}