{"id":14703,"date":"2019-02-21T07:57:45","date_gmt":"2019-02-21T06:57:45","guid":{"rendered":"http:\/\/agora.xtec.cat\/insbitacola\/?p=14703"},"modified":"2019-02-22T10:11:43","modified_gmt":"2019-02-22T09:11:43","slug":"joves-volcanics-ii-sessio-de-professorat","status":"publish","type":"post","link":"https:\/\/agora.xtec.cat\/insbitacola\/general\/joves-volcanics-ii-sessio-de-professorat\/","title":{"rendered":"JOVES VOLC\u00c0NICS: II Sessi\u00f3 de professorat"},"content":{"rendered":"<p style=\"text-align: justify;\">Dins la programaci\u00f3 de l&#8217;Espai Creatiu aquest dimecres la Lucia i la Maria de Rius de Moviment ens han programat una sessi\u00f3 per al professorat molt activa. Cada grup (Cos i paraula, Cos i arts pl\u00e0stiques i Cos i arquitectura) han pensat i dirigit una possible creaci\u00f3 . Les idees han flu\u00eft i esperem que divendres tamb\u00e9 ho facin amb la sessi\u00f3 amb l&#8217;alumnat.<br \/>\nPer altra banda l&#8217;organitzaci\u00f3 del dia de la Mostra ha estat motiu de moltes noves propostes que hem representat en pissarres plenes de post-its!<\/p>\n<div id='gallery-1' class='gallery galleryid-14703 gallery-columns-2 gallery-size-large'><figure class='gallery-item'>\n\t\t\t<div class='gallery-icon landscape'>\n\t\t\t\t<a href='https:\/\/agora.xtec.cat\/insbitacola\/general\/joves-volcanics-ii-sessio-de-professorat\/attachment\/img-2020\/'><img loading=\"lazy\" decoding=\"async\" width=\"1024\" height=\"768\" src=\"https:\/\/agora.xtec.cat\/insbitacola\/wp-content\/uploads\/usu1329\/2019\/02\/IMG-2020-1024x768.jpg\" class=\"attachment-large size-large\" alt=\"\" srcset=\"https:\/\/agora.xtec.cat\/insbitacola\/wp-content\/uploads\/usu1329\/2019\/02\/IMG-2020-1024x768.jpg 1024w, https:\/\/agora.xtec.cat\/insbitacola\/wp-content\/uploads\/usu1329\/2019\/02\/IMG-2020-300x225.jpg 300w, https:\/\/agora.xtec.cat\/insbitacola\/wp-content\/uploads\/usu1329\/2019\/02\/IMG-2020-768x576.jpg 768w, https:\/\/agora.xtec.cat\/insbitacola\/wp-content\/uploads\/usu1329\/2019\/02\/IMG-2020-200x150.jpg 200w, https:\/\/agora.xtec.cat\/insbitacola\/wp-content\/uploads\/usu1329\/2019\/02\/IMG-2020.jpg 1200w\" sizes=\"auto, (max-width: 1024px) 100vw, 1024px\" \/><\/a>\n\t\t\t<\/div><\/figure><figure class='gallery-item'>\n\t\t\t<div class='gallery-icon landscape'>\n\t\t\t\t<a href='https:\/\/agora.xtec.cat\/insbitacola\/general\/joves-volcanics-ii-sessio-de-professorat\/attachment\/img-2022\/'><img loading=\"lazy\" decoding=\"async\" width=\"1024\" height=\"768\" src=\"https:\/\/agora.xtec.cat\/insbitacola\/wp-content\/uploads\/usu1329\/2019\/02\/IMG-2022-1024x768.jpg\" class=\"attachment-large size-large\" alt=\"\" srcset=\"https:\/\/agora.xtec.cat\/insbitacola\/wp-content\/uploads\/usu1329\/2019\/02\/IMG-2022-1024x768.jpg 1024w, https:\/\/agora.xtec.cat\/insbitacola\/wp-content\/uploads\/usu1329\/2019\/02\/IMG-2022-300x225.jpg 300w, https:\/\/agora.xtec.cat\/insbitacola\/wp-content\/uploads\/usu1329\/2019\/02\/IMG-2022-768x576.jpg 768w, https:\/\/agora.xtec.cat\/insbitacola\/wp-content\/uploads\/usu1329\/2019\/02\/IMG-2022-200x150.jpg 200w, https:\/\/agora.xtec.cat\/insbitacola\/wp-content\/uploads\/usu1329\/2019\/02\/IMG-2022.jpg 1200w\" sizes=\"auto, (max-width: 1024px) 100vw, 1024px\" \/><\/a>\n\t\t\t<\/div><\/figure><figure class='gallery-item'>\n\t\t\t<div class='gallery-icon landscape'>\n\t\t\t\t<a href='https:\/\/agora.xtec.cat\/insbitacola\/general\/joves-volcanics-ii-sessio-de-professorat\/attachment\/img-2021\/'><img loading=\"lazy\" decoding=\"async\" width=\"1024\" height=\"768\" src=\"https:\/\/agora.xtec.cat\/insbitacola\/wp-content\/uploads\/usu1329\/2019\/02\/IMG-2021-1024x768.jpg\" class=\"attachment-large size-large\" alt=\"\" srcset=\"https:\/\/agora.xtec.cat\/insbitacola\/wp-content\/uploads\/usu1329\/2019\/02\/IMG-2021-1024x768.jpg 1024w, https:\/\/agora.xtec.cat\/insbitacola\/wp-content\/uploads\/usu1329\/2019\/02\/IMG-2021-300x225.jpg 300w, https:\/\/agora.xtec.cat\/insbitacola\/wp-content\/uploads\/usu1329\/2019\/02\/IMG-2021-768x576.jpg 768w, https:\/\/agora.xtec.cat\/insbitacola\/wp-content\/uploads\/usu1329\/2019\/02\/IMG-2021-200x150.jpg 200w, https:\/\/agora.xtec.cat\/insbitacola\/wp-content\/uploads\/usu1329\/2019\/02\/IMG-2021.jpg 1200w\" sizes=\"auto, (max-width: 1024px) 100vw, 1024px\" \/><\/a>\n\t\t\t<\/div><\/figure><figure class='gallery-item'>\n\t\t\t<div class='gallery-icon landscape'>\n\t\t\t\t<a href='https:\/\/agora.xtec.cat\/insbitacola\/general\/joves-volcanics-ii-sessio-de-professorat\/attachment\/img-2019\/'><img loading=\"lazy\" decoding=\"async\" width=\"1024\" height=\"768\" src=\"https:\/\/agora.xtec.cat\/insbitacola\/wp-content\/uploads\/usu1329\/2019\/02\/IMG-2019-1024x768.jpg\" class=\"attachment-large size-large\" alt=\"\" srcset=\"https:\/\/agora.xtec.cat\/insbitacola\/wp-content\/uploads\/usu1329\/2019\/02\/IMG-2019-1024x768.jpg 1024w, https:\/\/agora.xtec.cat\/insbitacola\/wp-content\/uploads\/usu1329\/2019\/02\/IMG-2019-300x225.jpg 300w, https:\/\/agora.xtec.cat\/insbitacola\/wp-content\/uploads\/usu1329\/2019\/02\/IMG-2019-768x576.jpg 768w, https:\/\/agora.xtec.cat\/insbitacola\/wp-content\/uploads\/usu1329\/2019\/02\/IMG-2019-200x150.jpg 200w, https:\/\/agora.xtec.cat\/insbitacola\/wp-content\/uploads\/usu1329\/2019\/02\/IMG-2019.jpg 1200w\" sizes=\"auto, (max-width: 1024px) 100vw, 1024px\" \/><\/a>\n\t\t\t<\/div><\/figure><figure class='gallery-item'>\n\t\t\t<div class='gallery-icon landscape'>\n\t\t\t\t<a href='https:\/\/agora.xtec.cat\/insbitacola\/general\/joves-volcanics-ii-sessio-de-professorat\/attachment\/img-2014\/'><img loading=\"lazy\" decoding=\"async\" width=\"1024\" height=\"768\" src=\"https:\/\/agora.xtec.cat\/insbitacola\/wp-content\/uploads\/usu1329\/2019\/02\/IMG-2014-1024x768.jpg\" class=\"attachment-large size-large\" alt=\"\" srcset=\"https:\/\/agora.xtec.cat\/insbitacola\/wp-content\/uploads\/usu1329\/2019\/02\/IMG-2014-1024x768.jpg 1024w, https:\/\/agora.xtec.cat\/insbitacola\/wp-content\/uploads\/usu1329\/2019\/02\/IMG-2014-300x225.jpg 300w, https:\/\/agora.xtec.cat\/insbitacola\/wp-content\/uploads\/usu1329\/2019\/02\/IMG-2014-768x576.jpg 768w, https:\/\/agora.xtec.cat\/insbitacola\/wp-content\/uploads\/usu1329\/2019\/02\/IMG-2014-200x150.jpg 200w, https:\/\/agora.xtec.cat\/insbitacola\/wp-content\/uploads\/usu1329\/2019\/02\/IMG-2014.jpg 1200w\" sizes=\"auto, (max-width: 1024px) 100vw, 1024px\" \/><\/a>\n\t\t\t<\/div><\/figure><figure class='gallery-item'>\n\t\t\t<div class='gallery-icon landscape'>\n\t\t\t\t<a href='https:\/\/agora.xtec.cat\/insbitacola\/general\/joves-volcanics-ii-sessio-de-professorat\/attachment\/img-2017\/'><img loading=\"lazy\" decoding=\"async\" width=\"1024\" height=\"768\" src=\"https:\/\/agora.xtec.cat\/insbitacola\/wp-content\/uploads\/usu1329\/2019\/02\/IMG-2017-1024x768.jpg\" class=\"attachment-large size-large\" alt=\"\" srcset=\"https:\/\/agora.xtec.cat\/insbitacola\/wp-content\/uploads\/usu1329\/2019\/02\/IMG-2017-1024x768.jpg 1024w, https:\/\/agora.xtec.cat\/insbitacola\/wp-content\/uploads\/usu1329\/2019\/02\/IMG-2017-300x225.jpg 300w, https:\/\/agora.xtec.cat\/insbitacola\/wp-content\/uploads\/usu1329\/2019\/02\/IMG-2017-768x576.jpg 768w, https:\/\/agora.xtec.cat\/insbitacola\/wp-content\/uploads\/usu1329\/2019\/02\/IMG-2017-200x150.jpg 200w, https:\/\/agora.xtec.cat\/insbitacola\/wp-content\/uploads\/usu1329\/2019\/02\/IMG-2017.jpg 1200w\" sizes=\"auto, (max-width: 1024px) 100vw, 1024px\" \/><\/a>\n\t\t\t<\/div><\/figure>\n\t\t<\/div>\n\n","protected":false},"excerpt":{"rendered":"<p>Dins la programaci\u00f3 de l&#8217;Espai Creatiu aquest dimecres la Lucia i la Maria de Rius de Moviment ens han programat una sessi\u00f3 per al professorat molt activa. Cada grup (Cos i paraula, Cos i arts pl\u00e0stiques i Cos i arquitectura) han pensat i dirigit una possible creaci\u00f3 . Les idees han flu\u00eft i esperem que [&hellip;]<\/p>\n","protected":false},"author":3,"featured_media":14705,"comment_status":"open","ping_status":"closed","sticky":false,"template":"","format":"standard","meta":{"_bbp_topic_count":0,"_bbp_reply_count":0,"_bbp_total_topic_count":0,"_bbp_total_reply_count":0,"_bbp_voice_count":0,"_bbp_anonymous_reply_count":0,"_bbp_topic_count_hidden":0,"_bbp_reply_count_hidden":0,"_bbp_forum_subforum_count":0,"site-sidebar-layout":"default","site-content-layout":"","ast-site-content-layout":"","site-content-style":"default","site-sidebar-style":"default","ast-global-header-display":"","ast-banner-title-visibility":"","ast-main-header-display":"","ast-hfb-above-header-display":"","ast-hfb-below-header-display":"","ast-hfb-mobile-header-display":"","site-post-title":"","ast-breadcrumbs-content":"","ast-featured-img":"","footer-sml-layout":"","theme-transparent-header-meta":"","adv-header-id-meta":"","stick-header-meta":"","header-above-stick-meta":"","header-main-stick-meta":"","header-below-stick-meta":"","astra-migrate-meta-layouts":"default","ast-page-background-enabled":"default","ast-page-background-meta":{"desktop":{"background-color":"var(--ast-global-color-4)","background-image":"","background-repeat":"repeat","background-position":"center center","background-size":"auto","background-attachment":"scroll","background-type":"","background-media":"","overlay-type":"","overlay-color":"","overlay-opacity":"","overlay-gradient":""},"tablet":{"background-color":"","background-image":"","background-repeat":"repeat","background-position":"center center","background-size":"auto","background-attachment":"scroll","background-type":"","background-media":"","overlay-type":"","overlay-color":"","overlay-opacity":"","overlay-gradient":""},"mobile":{"background-color":"","background-image":"","background-repeat":"repeat","background-position":"center center","background-size":"auto","background-attachment":"scroll","background-type":"","background-media":"","overlay-type":"","overlay-color":"","overlay-opacity":"","overlay-gradient":""}},"ast-content-background-meta":{"desktop":{"background-color":"var(--ast-global-color-5)","background-image":"","background-repeat":"repeat","background-position":"center center","background-size":"auto","background-attachment":"scroll","background-type":"","background-media":"","overlay-type":"","overlay-color":"","overlay-opacity":"","overlay-gradient":""},"tablet":{"background-color":"var(--ast-global-color-5)","background-image":"","background-repeat":"repeat","background-position":"center center","background-size":"auto","background-attachment":"scroll","background-type":"","background-media":"","overlay-type":"","overlay-color":"","overlay-opacity":"","overlay-gradient":""},"mobile":{"background-color":"var(--ast-global-color-5)","background-image":"","background-repeat":"repeat","background-position":"center center","background-size":"auto","background-attachment":"scroll","background-type":"","background-media":"","overlay-type":"","overlay-color":"","overlay-opacity":"","overlay-gradient":""}},"footnotes":""},"categories":[4,98,107,96,1,29],"tags":[],"class_list":["post-14703","post","type-post","status-publish","format-standard","has-post-thumbnail","hentry","category-eso-1","category-eso-2","category-eso-3","category-espai-creatiu","category-general","category-portada"],"post_mailing_queue_ids":[],"_links":{"self":[{"href":"https:\/\/agora.xtec.cat\/insbitacola\/wp-json\/wp\/v2\/posts\/14703","targetHints":{"allow":["GET"]}}],"collection":[{"href":"https:\/\/agora.xtec.cat\/insbitacola\/wp-json\/wp\/v2\/posts"}],"about":[{"href":"https:\/\/agora.xtec.cat\/insbitacola\/wp-json\/wp\/v2\/types\/post"}],"author":[{"embeddable":true,"href":"https:\/\/agora.xtec.cat\/insbitacola\/wp-json\/wp\/v2\/users\/3"}],"replies":[{"embeddable":true,"href":"https:\/\/agora.xtec.cat\/insbitacola\/wp-json\/wp\/v2\/comments?post=14703"}],"version-history":[{"count":1,"href":"https:\/\/agora.xtec.cat\/insbitacola\/wp-json\/wp\/v2\/posts\/14703\/revisions"}],"predecessor-version":[{"id":14710,"href":"https:\/\/agora.xtec.cat\/insbitacola\/wp-json\/wp\/v2\/posts\/14703\/revisions\/14710"}],"wp:featuredmedia":[{"embeddable":true,"href":"https:\/\/agora.xtec.cat\/insbitacola\/wp-json\/wp\/v2\/media\/14705"}],"wp:attachment":[{"href":"https:\/\/agora.xtec.cat\/insbitacola\/wp-json\/wp\/v2\/media?parent=14703"}],"wp:term":[{"taxonomy":"category","embeddable":true,"href":"https:\/\/agora.xtec.cat\/insbitacola\/wp-json\/wp\/v2\/categories?post=14703"},{"taxonomy":"post_tag","embeddable":true,"href":"https:\/\/agora.xtec.cat\/insbitacola\/wp-json\/wp\/v2\/tags?post=14703"}],"curies":[{"name":"wp","href":"https:\/\/api.w.org\/{rel}","templated":true}]}}