{"id":6117,"date":"2026-04-24T23:41:36","date_gmt":"2026-04-24T21:41:36","guid":{"rendered":"https:\/\/agora.xtec.cat\/insbiada\/?p=6117"},"modified":"2026-04-25T09:30:29","modified_gmt":"2026-04-25T07:30:29","slug":"durant-la-jornada-de-sant-jordi-shan-lliurat-els-premis-literaris-i-els-premis-de-dibuix","status":"publish","type":"post","link":"https:\/\/agora.xtec.cat\/insbiada\/eso\/durant-la-jornada-de-sant-jordi-shan-lliurat-els-premis-literaris-i-els-premis-de-dibuix\/","title":{"rendered":"Durant la jornada de Sant Jordi s\u2019han lliurat els premis de Dibuix"},"content":{"rendered":"<p>Durant la jornada de Sant Jordi s\u2019han lliurat els premis literaris i tamb\u00e9 els corresponents a les mat\u00e8ries de Dibuix.<\/p>\n<p>L\u2019alumnat de la mat\u00e8ria d\u2019Expressi\u00f3 Art\u00edstica de 4t d\u2019ESO ha acceptat el repte de dissenyar la imatge de la carpeta que ens acompanyar\u00e0 el curs vinent. La proposta guanyadora ha estat la de l\u2019Arwa El Baida, i aquest ser\u00e0 el disseny que portarem tots el proper curs.<\/p>\n<p>D\u2019altra banda, tot l\u2019alumnat de VIP i d\u2019Expressi\u00f3 Art\u00edstica del centre ha participat en la creaci\u00f3 del punt de llibre de Sant Jordi. El guanyador absolut ha estat l\u2019Amir Iqerichen. <span class=\"a_GcMg font-feature-liga-off font-feature-clig-off font-feature-calt-off text-decoration-none text-strikethrough-none\">El seu disseny ser\u00e0 impr\u00e8s <\/span><span class=\"a_GcMg font-feature-liga-off font-feature-clig-off font-feature-calt-off text-decoration-none text-strikethrough-none\">i distribu\u00eft a tota la comunitat <\/span><span class=\"a_GcMg font-feature-liga-off font-feature-clig-off font-feature-calt-off text-decoration-none text-strikethrough-none\">educativa durant la diada <\/span><span class=\"a_GcMg font-feature-liga-off font-feature-clig-off font-feature-calt-off text-decoration-none text-strikethrough-none\">de Sant Jordi.<\/span><\/p>\n<p>Enhorabona a tots per la bona feina!<\/p>\n<p>Aprofitant la celebraci\u00f3, hem exposat una petita mostra d\u2019aquests treballs.<\/p>\n<p><a href=\"https:\/\/agora.xtec.cat\/insbiada\/wp-content\/uploads\/usu2344\/2026\/04\/108_premis_sant_jordi_5.jpg\"><img loading=\"lazy\" decoding=\"async\" class=\"size-large wp-image-6112\" src=\"https:\/\/agora.xtec.cat\/insbiada\/wp-content\/uploads\/usu2344\/2026\/04\/108_premis_sant_jordi_5-1024x822.jpg\" alt=\"\" width=\"1024\" height=\"822\" srcset=\"https:\/\/agora.xtec.cat\/insbiada\/wp-content\/uploads\/usu2344\/2026\/04\/108_premis_sant_jordi_5-1024x822.jpg 1024w, https:\/\/agora.xtec.cat\/insbiada\/wp-content\/uploads\/usu2344\/2026\/04\/108_premis_sant_jordi_5-300x241.jpg 300w, https:\/\/agora.xtec.cat\/insbiada\/wp-content\/uploads\/usu2344\/2026\/04\/108_premis_sant_jordi_5-768x617.jpg 768w, https:\/\/agora.xtec.cat\/insbiada\/wp-content\/uploads\/usu2344\/2026\/04\/108_premis_sant_jordi_5-1536x1234.jpg 1536w, https:\/\/agora.xtec.cat\/insbiada\/wp-content\/uploads\/usu2344\/2026\/04\/108_premis_sant_jordi_5.jpg 1681w\" sizes=\"auto, (max-width: 1024px) 100vw, 1024px\" \/><\/a><\/p>\n<p><a href=\"https:\/\/agora.xtec.cat\/insbiada\/wp-content\/uploads\/usu2344\/2026\/04\/108_premis_sant_jordi_1.jpg\"><img loading=\"lazy\" decoding=\"async\" class=\"size-large wp-image-6108\" src=\"https:\/\/agora.xtec.cat\/insbiada\/wp-content\/uploads\/usu2344\/2026\/04\/108_premis_sant_jordi_1-1024x822.jpg\" alt=\"\" width=\"1024\" height=\"822\" srcset=\"https:\/\/agora.xtec.cat\/insbiada\/wp-content\/uploads\/usu2344\/2026\/04\/108_premis_sant_jordi_1-1024x822.jpg 1024w, https:\/\/agora.xtec.cat\/insbiada\/wp-content\/uploads\/usu2344\/2026\/04\/108_premis_sant_jordi_1-300x241.jpg 300w, https:\/\/agora.xtec.cat\/insbiada\/wp-content\/uploads\/usu2344\/2026\/04\/108_premis_sant_jordi_1-768x617.jpg 768w, https:\/\/agora.xtec.cat\/insbiada\/wp-content\/uploads\/usu2344\/2026\/04\/108_premis_sant_jordi_1-1536x1234.jpg 1536w, https:\/\/agora.xtec.cat\/insbiada\/wp-content\/uploads\/usu2344\/2026\/04\/108_premis_sant_jordi_1.jpg 1681w\" sizes=\"auto, (max-width: 1024px) 100vw, 1024px\" \/><\/a><\/p>\n<p><a href=\"https:\/\/agora.xtec.cat\/insbiada\/wp-content\/uploads\/usu2344\/2026\/04\/108_premis_sant_jordi_2.jpg\"><img loading=\"lazy\" decoding=\"async\" class=\"size-large wp-image-6109\" src=\"https:\/\/agora.xtec.cat\/insbiada\/wp-content\/uploads\/usu2344\/2026\/04\/108_premis_sant_jordi_2-1024x822.jpg\" alt=\"\" width=\"1024\" height=\"822\" srcset=\"https:\/\/agora.xtec.cat\/insbiada\/wp-content\/uploads\/usu2344\/2026\/04\/108_premis_sant_jordi_2-1024x822.jpg 1024w, https:\/\/agora.xtec.cat\/insbiada\/wp-content\/uploads\/usu2344\/2026\/04\/108_premis_sant_jordi_2-300x241.jpg 300w, https:\/\/agora.xtec.cat\/insbiada\/wp-content\/uploads\/usu2344\/2026\/04\/108_premis_sant_jordi_2-768x617.jpg 768w, https:\/\/agora.xtec.cat\/insbiada\/wp-content\/uploads\/usu2344\/2026\/04\/108_premis_sant_jordi_2-1536x1234.jpg 1536w, https:\/\/agora.xtec.cat\/insbiada\/wp-content\/uploads\/usu2344\/2026\/04\/108_premis_sant_jordi_2.jpg 1681w\" sizes=\"auto, (max-width: 1024px) 100vw, 1024px\" \/><\/a><\/p>\n<figure class=\"figure wp-caption alignnone\"><a href=\"https:\/\/agora.xtec.cat\/insbiada\/wp-content\/uploads\/usu2344\/2026\/04\/108_premis_sant_jordi_3.jpg\"><img loading=\"lazy\" decoding=\"async\" class=\"size-large wp-image-6110\" src=\"https:\/\/agora.xtec.cat\/insbiada\/wp-content\/uploads\/usu2344\/2026\/04\/108_premis_sant_jordi_3-1024x822.jpg\" alt=\"\" width=\"1024\" height=\"822\" srcset=\"https:\/\/agora.xtec.cat\/insbiada\/wp-content\/uploads\/usu2344\/2026\/04\/108_premis_sant_jordi_3-1024x822.jpg 1024w, https:\/\/agora.xtec.cat\/insbiada\/wp-content\/uploads\/usu2344\/2026\/04\/108_premis_sant_jordi_3-300x241.jpg 300w, https:\/\/agora.xtec.cat\/insbiada\/wp-content\/uploads\/usu2344\/2026\/04\/108_premis_sant_jordi_3-768x617.jpg 768w, https:\/\/agora.xtec.cat\/insbiada\/wp-content\/uploads\/usu2344\/2026\/04\/108_premis_sant_jordi_3-1536x1234.jpg 1536w, https:\/\/agora.xtec.cat\/insbiada\/wp-content\/uploads\/usu2344\/2026\/04\/108_premis_sant_jordi_3.jpg 1681w\" sizes=\"auto, (max-width: 1024px) 100vw, 1024px\" \/><\/a><figcaption class=\"wp-caption-text\">Screenshot<\/figcaption><\/figure>\n<figure class=\"figure wp-caption alignnone\"><a href=\"https:\/\/agora.xtec.cat\/insbiada\/wp-content\/uploads\/usu2344\/2026\/04\/108_premis_sant_jordi_4.jpg\"><img loading=\"lazy\" decoding=\"async\" class=\"size-large wp-image-6111\" src=\"https:\/\/agora.xtec.cat\/insbiada\/wp-content\/uploads\/usu2344\/2026\/04\/108_premis_sant_jordi_4-1024x822.jpg\" alt=\"\" width=\"1024\" height=\"822\" srcset=\"https:\/\/agora.xtec.cat\/insbiada\/wp-content\/uploads\/usu2344\/2026\/04\/108_premis_sant_jordi_4-1024x822.jpg 1024w, https:\/\/agora.xtec.cat\/insbiada\/wp-content\/uploads\/usu2344\/2026\/04\/108_premis_sant_jordi_4-300x241.jpg 300w, https:\/\/agora.xtec.cat\/insbiada\/wp-content\/uploads\/usu2344\/2026\/04\/108_premis_sant_jordi_4-768x617.jpg 768w, https:\/\/agora.xtec.cat\/insbiada\/wp-content\/uploads\/usu2344\/2026\/04\/108_premis_sant_jordi_4-1536x1234.jpg 1536w, https:\/\/agora.xtec.cat\/insbiada\/wp-content\/uploads\/usu2344\/2026\/04\/108_premis_sant_jordi_4.jpg 1681w\" sizes=\"auto, (max-width: 1024px) 100vw, 1024px\" \/><\/a><figcaption class=\"wp-caption-text\">Screenshot<\/figcaption><\/figure>\n","protected":false},"excerpt":{"rendered":"<p>Ja tenim els guanyadors del disseny de la carpeta del centre i del punt de llibre de Sant Jordi.&hellip;  <a href=\"https:\/\/agora.xtec.cat\/insbiada\/eso\/durant-la-jornada-de-sant-jordi-shan-lliurat-els-premis-literaris-i-els-premis-de-dibuix\/\" title=\"Read Durant la jornada de Sant Jordi s\u2019han lliurat els premis de Dibuix\">Llegeix m\u00e9s\u00bb<\/a><\/p>\n","protected":false},"author":8,"featured_media":6113,"comment_status":"open","ping_status":"open","sticky":false,"template":"","format":"standard","meta":{"_bbp_topic_count":0,"_bbp_reply_count":0,"_bbp_total_topic_count":0,"_bbp_total_reply_count":0,"_bbp_voice_count":0,"_bbp_anonymous_reply_count":0,"_bbp_topic_count_hidden":0,"_bbp_reply_count_hidden":0,"_bbp_forum_subforum_count":0,"footnotes":""},"categories":[3,29],"tags":[],"class_list":["post-6117","post","type-post","status-publish","format-standard","has-post-thumbnail","hentry","category-eso","category-portada"],"post_mailing_queue_ids":[],"_links":{"self":[{"href":"https:\/\/agora.xtec.cat\/insbiada\/wp-json\/wp\/v2\/posts\/6117","targetHints":{"allow":["GET"]}}],"collection":[{"href":"https:\/\/agora.xtec.cat\/insbiada\/wp-json\/wp\/v2\/posts"}],"about":[{"href":"https:\/\/agora.xtec.cat\/insbiada\/wp-json\/wp\/v2\/types\/post"}],"author":[{"embeddable":true,"href":"https:\/\/agora.xtec.cat\/insbiada\/wp-json\/wp\/v2\/users\/8"}],"replies":[{"embeddable":true,"href":"https:\/\/agora.xtec.cat\/insbiada\/wp-json\/wp\/v2\/comments?post=6117"}],"version-history":[{"count":3,"href":"https:\/\/agora.xtec.cat\/insbiada\/wp-json\/wp\/v2\/posts\/6117\/revisions"}],"predecessor-version":[{"id":6122,"href":"https:\/\/agora.xtec.cat\/insbiada\/wp-json\/wp\/v2\/posts\/6117\/revisions\/6122"}],"wp:featuredmedia":[{"embeddable":true,"href":"https:\/\/agora.xtec.cat\/insbiada\/wp-json\/wp\/v2\/media\/6113"}],"wp:attachment":[{"href":"https:\/\/agora.xtec.cat\/insbiada\/wp-json\/wp\/v2\/media?parent=6117"}],"wp:term":[{"taxonomy":"category","embeddable":true,"href":"https:\/\/agora.xtec.cat\/insbiada\/wp-json\/wp\/v2\/categories?post=6117"},{"taxonomy":"post_tag","embeddable":true,"href":"https:\/\/agora.xtec.cat\/insbiada\/wp-json\/wp\/v2\/tags?post=6117"}],"curies":[{"name":"wp","href":"https:\/\/api.w.org\/{rel}","templated":true}]}}