{"id":2517,"date":"2023-12-12T21:26:10","date_gmt":"2023-12-12T20:26:10","guid":{"rendered":"https:\/\/agora.xtec.cat\/insbiada\/?p=2517"},"modified":"2023-12-12T21:26:10","modified_gmt":"2023-12-12T20:26:10","slug":"caminada-solidaria-per-la-marato-de-tv3-diumenge-17-de-desembre","status":"publish","type":"post","link":"https:\/\/agora.xtec.cat\/insbiada\/general\/caminada-solidaria-per-la-marato-de-tv3-diumenge-17-de-desembre\/","title":{"rendered":"Caminada solid\u00e0ria per la Marat\u00f3 de TV3, DIUMENGE 17 DE DESEMBRE"},"content":{"rendered":"<p>Benvolguts i benvolgudes,<br \/>\nus informem que el proper\u00a0\u00a0<b>diumenge dia 17 de desembre\u00a0<\/b>l&#8217;alumnat de 3r d&#8217;ESO organitzar\u00e0 la Caminada solid\u00e0ria pels carrers de Matar\u00f3 per recaptar diners per la Marat\u00f3 de TV3.\u00a0 L&#8217; edici\u00f3\u00a0 d&#8217;aquest any est\u00e0 adre\u00e7ada a recaptar diners\u00a0 per a la investigaci\u00f3 en l&#8217;\u00e0mbit de la salut sexual i reproductiva.<br \/>\nAnimeu-vos a participar, la inscripci\u00f3 s\u00f3n 2 euros i al final del recorregut us convidarem a xocolata!!<br \/>\nUs esperem diumenge a les 9.30h.<\/p>\n<p><a href=\"https:\/\/agora.xtec.cat\/insbiada\/wp-content\/uploads\/usu2344\/2023\/12\/cartell_caminada_biada_2023.jpg\"><img loading=\"lazy\" decoding=\"async\" class=\"alignnone size-large wp-image-2518\" src=\"https:\/\/agora.xtec.cat\/insbiada\/wp-content\/uploads\/usu2344\/2023\/12\/cartell_caminada_biada_2023-724x1024.jpg\" alt=\"\" width=\"724\" height=\"1024\" srcset=\"https:\/\/agora.xtec.cat\/insbiada\/wp-content\/uploads\/usu2344\/2023\/12\/cartell_caminada_biada_2023-724x1024.jpg 724w, https:\/\/agora.xtec.cat\/insbiada\/wp-content\/uploads\/usu2344\/2023\/12\/cartell_caminada_biada_2023-212x300.jpg 212w, https:\/\/agora.xtec.cat\/insbiada\/wp-content\/uploads\/usu2344\/2023\/12\/cartell_caminada_biada_2023-768x1086.jpg 768w, https:\/\/agora.xtec.cat\/insbiada\/wp-content\/uploads\/usu2344\/2023\/12\/cartell_caminada_biada_2023-1086x1536.jpg 1086w, https:\/\/agora.xtec.cat\/insbiada\/wp-content\/uploads\/usu2344\/2023\/12\/cartell_caminada_biada_2023-1448x2048.jpg 1448w, https:\/\/agora.xtec.cat\/insbiada\/wp-content\/uploads\/usu2344\/2023\/12\/cartell_caminada_biada_2023.jpg 1754w\" sizes=\"auto, (max-width: 724px) 100vw, 724px\" \/><\/a><\/p>\n<p><span style=\"color: #888888;\">\u00a0<\/span><\/p>\n","protected":false},"excerpt":{"rendered":"<p>Benvolguts i benvolgudes,<br \/>\nus informem que el proper\u00a0\u00a0diumenge dia 17 de desembre\u00a0l&#8217;alumnat de 3r d&#8217;ESO organitzar\u00e0 la Caminada solid\u00e0ria pels carrers de Matar\u00f3 per recaptar diners per la Marat\u00f3 de TV3.\u00a0 L&#8217; edici\u00f3\u00a0 d&#8217;aquest any est\u00e0 adre\u00e7ada a recaptar diners\u00a0 per a la investigaci\u00f3 en l&#8217;\u00e0mbit&hellip;  <a href=\"https:\/\/agora.xtec.cat\/insbiada\/general\/caminada-solidaria-per-la-marato-de-tv3-diumenge-17-de-desembre\/\" title=\"Read Caminada solid\u00e0ria per la Marat\u00f3 de TV3, DIUMENGE 17 DE DESEMBRE\">Llegeix m\u00e9s\u00bb<\/a><\/p>\n","protected":false},"author":8,"featured_media":2518,"comment_status":"open","ping_status":"closed","sticky":false,"template":"","format":"standard","meta":{"_bbp_topic_count":0,"_bbp_reply_count":0,"_bbp_total_topic_count":0,"_bbp_total_reply_count":0,"_bbp_voice_count":0,"_bbp_anonymous_reply_count":0,"_bbp_topic_count_hidden":0,"_bbp_reply_count_hidden":0,"_bbp_forum_subforum_count":0,"footnotes":""},"categories":[3,1,29],"tags":[],"class_list":["post-2517","post","type-post","status-publish","format-standard","has-post-thumbnail","hentry","category-eso","category-general","category-portada"],"post_mailing_queue_ids":[],"_links":{"self":[{"href":"https:\/\/agora.xtec.cat\/insbiada\/wp-json\/wp\/v2\/posts\/2517","targetHints":{"allow":["GET"]}}],"collection":[{"href":"https:\/\/agora.xtec.cat\/insbiada\/wp-json\/wp\/v2\/posts"}],"about":[{"href":"https:\/\/agora.xtec.cat\/insbiada\/wp-json\/wp\/v2\/types\/post"}],"author":[{"embeddable":true,"href":"https:\/\/agora.xtec.cat\/insbiada\/wp-json\/wp\/v2\/users\/8"}],"replies":[{"embeddable":true,"href":"https:\/\/agora.xtec.cat\/insbiada\/wp-json\/wp\/v2\/comments?post=2517"}],"version-history":[{"count":1,"href":"https:\/\/agora.xtec.cat\/insbiada\/wp-json\/wp\/v2\/posts\/2517\/revisions"}],"predecessor-version":[{"id":2519,"href":"https:\/\/agora.xtec.cat\/insbiada\/wp-json\/wp\/v2\/posts\/2517\/revisions\/2519"}],"wp:featuredmedia":[{"embeddable":true,"href":"https:\/\/agora.xtec.cat\/insbiada\/wp-json\/wp\/v2\/media\/2518"}],"wp:attachment":[{"href":"https:\/\/agora.xtec.cat\/insbiada\/wp-json\/wp\/v2\/media?parent=2517"}],"wp:term":[{"taxonomy":"category","embeddable":true,"href":"https:\/\/agora.xtec.cat\/insbiada\/wp-json\/wp\/v2\/categories?post=2517"},{"taxonomy":"post_tag","embeddable":true,"href":"https:\/\/agora.xtec.cat\/insbiada\/wp-json\/wp\/v2\/tags?post=2517"}],"curies":[{"name":"wp","href":"https:\/\/api.w.org\/{rel}","templated":true}]}}