{"id":4530,"date":"2026-09-04T09:54:53","date_gmt":"2026-09-04T07:54:53","guid":{"rendered":"https:\/\/agora.xtec.cat\/insbarresiones\/?p=4530"},"modified":"2026-09-04T09:55:29","modified_gmt":"2026-09-04T07:55:29","slug":"formacio-professional-grau-mitja-accedeix-a-una-placa-vacant","status":"publish","type":"post","link":"https:\/\/agora.xtec.cat\/insbarresiones\/general\/formacio-professional-grau-mitja-accedeix-a-una-placa-vacant\/","title":{"rendered":"Formaci\u00f3 professional (grau mitj\u00e0) &#8211; Accedeix a una pla\u00e7a vacant"},"content":{"rendered":"\n<p><a href=\"https:\/\/preinscripcio.gencat.cat\/ca\/estudis\/fp-grau-mitja\/accedeix-vacant\/index.html\">https:\/\/preinscripcio.gencat.cat\/ca\/estudis\/fp-grau-mitja\/accedeix-vacant\/index.html<\/a><\/p>\n\n\n\n<p>El dia 7 de setembre, el Departament d&#8217;Educaci\u00f3 i Formaci\u00f3 Professional, publicar\u00e0 al web de&nbsp;<a href=\"https:\/\/preinscripcio.gencat.cat\/ca\/inici\/\">preinscripci\u00f3<\/a>&nbsp;les places vacants, per centre educatiu.<\/p>\n\n\n\n<p>Per accedir a aquestes places,&nbsp;<strong>caldr\u00e0 que t&#8217;apuntis al web del centre escollit (no hi vagis presencialment)<\/strong>&nbsp;durant el dia 7 de setembre.<\/p>\n\n\n\n<p>Del 8 al 10 de setembre el centre es posar\u00e0 en contacte amb tu per gestionar la teva sol\u00b7licitud.<\/p>\n\n\n\n<p>El centre atendr\u00e0 l&#8217;alumnat seguint l&#8217;ordre assignat pel gestor de cues. Quan arribi el teu torn, podr\u00e0s optar a qualsevol de les vacants disponibles en aquell moment i dels cicles formatius per als quals compleixis els requisits d&#8217;acc\u00e9s.<\/p>\n\n\n\n<p>Per tant, la possibilitat d&#8217;obtenir pla\u00e7a dependr\u00e0 tant de la posici\u00f3 a la cua com de les vacants disponibles en cada cicle en el moment de l&#8217;atenci\u00f3.<\/p>\n","protected":false},"excerpt":{"rendered":"<p>https:\/\/preinscripcio.gencat.cat\/ca\/estudis\/fp-grau-mitja\/accedeix-vacant\/index.html El dia 7 de setembre, el Departament d&#8217;Educaci\u00f3 i Formaci\u00f3 Professional, publicar\u00e0 al web de&nbsp;preinscripci\u00f3&nbsp;les places vacants, per centre educatiu. Per accedir a aquestes places,&nbsp;caldr\u00e0 que t&#8217;apuntis al web del centre escollit (no hi vagis presencialment)&nbsp;durant el dia 7 de setembre. Del 8 al 10 de setembre el centre es posar\u00e0 en contacte amb [&hellip;]<\/p>\n","protected":false},"author":5,"featured_media":0,"comment_status":"open","ping_status":"open","sticky":false,"template":"","format":"standard","meta":{"_bbp_topic_count":0,"_bbp_reply_count":0,"_bbp_total_topic_count":0,"_bbp_total_reply_count":0,"_bbp_voice_count":0,"_bbp_anonymous_reply_count":0,"_bbp_topic_count_hidden":0,"_bbp_reply_count_hidden":0,"_bbp_forum_subforum_count":0,"site-sidebar-layout":"default","site-content-layout":"","ast-site-content-layout":"default","site-content-style":"default","site-sidebar-style":"default","ast-global-header-display":"","ast-banner-title-visibility":"","ast-main-header-display":"","ast-hfb-above-header-display":"","ast-hfb-below-header-display":"","ast-hfb-mobile-header-display":"","site-post-title":"","ast-breadcrumbs-content":"","ast-featured-img":"","footer-sml-layout":"","theme-transparent-header-meta":"","adv-header-id-meta":"","stick-header-meta":"","header-above-stick-meta":"","header-main-stick-meta":"","header-below-stick-meta":"","astra-migrate-meta-layouts":"set","ast-page-background-enabled":"default","ast-page-background-meta":{"desktop":{"background-color":"var(--ast-global-color-4)","background-image":"","background-repeat":"repeat","background-position":"center center","background-size":"auto","background-attachment":"scroll","background-type":"","background-media":"","overlay-type":"","overlay-color":"","overlay-opacity":"","overlay-gradient":""},"tablet":{"background-color":"","background-image":"","background-repeat":"repeat","background-position":"center center","background-size":"auto","background-attachment":"scroll","background-type":"","background-media":"","overlay-type":"","overlay-color":"","overlay-opacity":"","overlay-gradient":""},"mobile":{"background-color":"","background-image":"","background-repeat":"repeat","background-position":"center center","background-size":"auto","background-attachment":"scroll","background-type":"","background-media":"","overlay-type":"","overlay-color":"","overlay-opacity":"","overlay-gradient":""}},"ast-content-background-meta":{"desktop":{"background-color":"var(--ast-global-color-5)","background-image":"","background-repeat":"repeat","background-position":"center center","background-size":"auto","background-attachment":"scroll","background-type":"","background-media":"","overlay-type":"","overlay-color":"","overlay-opacity":"","overlay-gradient":""},"tablet":{"background-color":"var(--ast-global-color-5)","background-image":"","background-repeat":"repeat","background-position":"center center","background-size":"auto","background-attachment":"scroll","background-type":"","background-media":"","overlay-type":"","overlay-color":"","overlay-opacity":"","overlay-gradient":""},"mobile":{"background-color":"var(--ast-global-color-5)","background-image":"","background-repeat":"repeat","background-position":"center center","background-size":"auto","background-attachment":"scroll","background-type":"","background-media":"","overlay-type":"","overlay-color":"","overlay-opacity":"","overlay-gradient":""}},"footnotes":""},"categories":[30,1,29],"tags":[],"class_list":["post-4530","post","type-post","status-publish","format-standard","hentry","category-cfgm-smx","category-general","category-portada"],"post_mailing_queue_ids":[],"_links":{"self":[{"href":"https:\/\/agora.xtec.cat\/insbarresiones\/wp-json\/wp\/v2\/posts\/4530","targetHints":{"allow":["GET"]}}],"collection":[{"href":"https:\/\/agora.xtec.cat\/insbarresiones\/wp-json\/wp\/v2\/posts"}],"about":[{"href":"https:\/\/agora.xtec.cat\/insbarresiones\/wp-json\/wp\/v2\/types\/post"}],"author":[{"embeddable":true,"href":"https:\/\/agora.xtec.cat\/insbarresiones\/wp-json\/wp\/v2\/users\/5"}],"replies":[{"embeddable":true,"href":"https:\/\/agora.xtec.cat\/insbarresiones\/wp-json\/wp\/v2\/comments?post=4530"}],"version-history":[{"count":1,"href":"https:\/\/agora.xtec.cat\/insbarresiones\/wp-json\/wp\/v2\/posts\/4530\/revisions"}],"predecessor-version":[{"id":4531,"href":"https:\/\/agora.xtec.cat\/insbarresiones\/wp-json\/wp\/v2\/posts\/4530\/revisions\/4531"}],"wp:attachment":[{"href":"https:\/\/agora.xtec.cat\/insbarresiones\/wp-json\/wp\/v2\/media?parent=4530"}],"wp:term":[{"taxonomy":"category","embeddable":true,"href":"https:\/\/agora.xtec.cat\/insbarresiones\/wp-json\/wp\/v2\/categories?post=4530"},{"taxonomy":"post_tag","embeddable":true,"href":"https:\/\/agora.xtec.cat\/insbarresiones\/wp-json\/wp\/v2\/tags?post=4530"}],"curies":[{"name":"wp","href":"https:\/\/api.w.org\/{rel}","templated":true}]}}