{"id":1947,"date":"2024-10-18T20:46:00","date_gmt":"2024-10-18T18:46:00","guid":{"rendered":"https:\/\/agora.xtec.cat\/insbaixemporda\/?p=1947"},"modified":"2026-01-18T20:47:57","modified_gmt":"2026-01-18T19:47:57","slug":"inici-dels-actes-del-50e-aniversari-de-linstitut","status":"publish","type":"post","link":"https:\/\/agora.xtec.cat\/insbaixemporda\/portada\/inici-dels-actes-del-50e-aniversari-de-linstitut\/","title":{"rendered":"Inici dels actes del 50\u00e8 aniversari de l&#8217;institut"},"content":{"rendered":"\n<p>Comencen els actes de celebraci\u00f3 dels 50 anys del nostre institut. El primer dels actes programats per aquesta efem\u00e8ride es va celebrar el passat divendres dia 4 d\u2019octubre i va consistir amb una trobada, on membres del claustre actual i alguns dels seus antics directius i professionals es varen reunir a la sala d\u2019actes de l\u2019institut per donar el tret de sortida a tot un curs d\u2019actes. El director del centre, va destacar el paper del nostre centre com \u201cun pilar de la comunitat de tota la comarca\u201d. <\/p>\n\n\n\n<figure class=\"wp-block-image aligncenter size-full\"><a href=\"https:\/\/agora.xtec.cat\/insbaixemporda\/wp-content\/uploads\/usu3485\/2026\/01\/50_aniversari_inauguracio-1024x576-1.jpg\"><img loading=\"lazy\" decoding=\"async\" width=\"1024\" height=\"576\" src=\"https:\/\/agora.xtec.cat\/insbaixemporda\/wp-content\/uploads\/usu3485\/2026\/01\/50_aniversari_inauguracio-1024x576-1.jpg\" alt=\"\" class=\"wp-image-1948\" srcset=\"https:\/\/agora.xtec.cat\/insbaixemporda\/wp-content\/uploads\/usu3485\/2026\/01\/50_aniversari_inauguracio-1024x576-1.jpg 1024w, https:\/\/agora.xtec.cat\/insbaixemporda\/wp-content\/uploads\/usu3485\/2026\/01\/50_aniversari_inauguracio-1024x576-1-300x169.jpg 300w, https:\/\/agora.xtec.cat\/insbaixemporda\/wp-content\/uploads\/usu3485\/2026\/01\/50_aniversari_inauguracio-1024x576-1-768x432.jpg 768w\" sizes=\"auto, (max-width: 1024px) 100vw, 1024px\" \/><\/a><\/figure>\n\n\n\n<p>La primera tinenta d\u2019alcalde i futura alcaldessa, Laura Mill\u00e1n, es va comprometre a fer costat a l\u2019equip de l\u2019institut i donar-los suport. En\u00a0representaci\u00f3 del Departament d\u2019Educaci\u00f3, l\u2019inspector Llu\u00eds Monjas, va destacar que l\u2019institut Baix Empord\u00e0 s\u2019ha \u201csabut adaptar a tots els canvis socials i educatius que s\u2019han viscut els \u00faltims 50 anys\u201d. <\/p>\n\n\n\n<p>Durant l\u2019acte es va poder gaudir de l\u2019actuaci\u00f3 de l\u2019alumna Laia Mustera que va fer una interpretaci\u00f3, molt celebrada pels assistents, de Love in the Dark d\u2019Adele.<br>A continuaci\u00f3 es va descobrir una placa a les portes de l\u2019Institut per commemorar l\u2019esdeveniment. <\/p>\n\n\n\n<p>L\u2019acte va cloure amb un pica-pica elaborat per l\u2019alumnat de les especialitats de cuina i gastronomia i serveis en restauraci\u00f3 i tamb\u00e9 de per als de l\u2019especialitat de forneria, pastisseria i confiteria a l\u2019aula-restaurant Cap Roig. En les setmanes que venen es publicar\u00e0 una p\u00e0gina web on es podran consultar tots els actes de celebraci\u00f3.<\/p>\n","protected":false},"excerpt":{"rendered":"<p>Comencen els actes de celebraci\u00f3 dels 50 anys del nostre institut. El primer dels actes programats per aquesta efem\u00e8ride es va celebrar el passat divendres dia 4 d\u2019octubre i va consistir amb una trobada, on membres del claustre actual i alguns dels seus antics directius i professionals es varen reunir a la sala d\u2019actes de [&hellip;]<\/p>\n","protected":false},"author":1,"featured_media":0,"comment_status":"open","ping_status":"open","sticky":false,"template":"","format":"standard","meta":{"site-sidebar-layout":"default","site-content-layout":"","ast-site-content-layout":"default","site-content-style":"default","site-sidebar-style":"default","ast-global-header-display":"","ast-banner-title-visibility":"","ast-main-header-display":"","ast-hfb-above-header-display":"","ast-hfb-below-header-display":"","ast-hfb-mobile-header-display":"","site-post-title":"","ast-breadcrumbs-content":"","ast-featured-img":"","footer-sml-layout":"","theme-transparent-header-meta":"","adv-header-id-meta":"","stick-header-meta":"","header-above-stick-meta":"","header-main-stick-meta":"","header-below-stick-meta":"","astra-migrate-meta-layouts":"set","ast-page-background-enabled":"default","ast-page-background-meta":{"desktop":{"background-color":"var(--ast-global-color-4)","background-image":"","background-repeat":"repeat","background-position":"center center","background-size":"auto","background-attachment":"scroll","background-type":"","background-media":"","overlay-type":"","overlay-color":"","overlay-opacity":"","overlay-gradient":""},"tablet":{"background-color":"","background-image":"","background-repeat":"repeat","background-position":"center center","background-size":"auto","background-attachment":"scroll","background-type":"","background-media":"","overlay-type":"","overlay-color":"","overlay-opacity":"","overlay-gradient":""},"mobile":{"background-color":"","background-image":"","background-repeat":"repeat","background-position":"center center","background-size":"auto","background-attachment":"scroll","background-type":"","background-media":"","overlay-type":"","overlay-color":"","overlay-opacity":"","overlay-gradient":""}},"ast-content-background-meta":{"desktop":{"background-color":"var(--ast-global-color-5)","background-image":"","background-repeat":"repeat","background-position":"center center","background-size":"auto","background-attachment":"scroll","background-type":"","background-media":"","overlay-type":"","overlay-color":"","overlay-opacity":"","overlay-gradient":""},"tablet":{"background-color":"var(--ast-global-color-5)","background-image":"","background-repeat":"repeat","background-position":"center center","background-size":"auto","background-attachment":"scroll","background-type":"","background-media":"","overlay-type":"","overlay-color":"","overlay-opacity":"","overlay-gradient":""},"mobile":{"background-color":"var(--ast-global-color-5)","background-image":"","background-repeat":"repeat","background-position":"center center","background-size":"auto","background-attachment":"scroll","background-type":"","background-media":"","overlay-type":"","overlay-color":"","overlay-opacity":"","overlay-gradient":""}},"footnotes":""},"categories":[29],"tags":[171],"class_list":["post-1947","post","type-post","status-publish","format-standard","hentry","category-portada","tag-institut-baix-emporda"],"post_mailing_queue_ids":[],"_links":{"self":[{"href":"https:\/\/agora.xtec.cat\/insbaixemporda\/wp-json\/wp\/v2\/posts\/1947","targetHints":{"allow":["GET"]}}],"collection":[{"href":"https:\/\/agora.xtec.cat\/insbaixemporda\/wp-json\/wp\/v2\/posts"}],"about":[{"href":"https:\/\/agora.xtec.cat\/insbaixemporda\/wp-json\/wp\/v2\/types\/post"}],"author":[{"embeddable":true,"href":"https:\/\/agora.xtec.cat\/insbaixemporda\/wp-json\/wp\/v2\/users\/1"}],"replies":[{"embeddable":true,"href":"https:\/\/agora.xtec.cat\/insbaixemporda\/wp-json\/wp\/v2\/comments?post=1947"}],"version-history":[{"count":1,"href":"https:\/\/agora.xtec.cat\/insbaixemporda\/wp-json\/wp\/v2\/posts\/1947\/revisions"}],"predecessor-version":[{"id":1949,"href":"https:\/\/agora.xtec.cat\/insbaixemporda\/wp-json\/wp\/v2\/posts\/1947\/revisions\/1949"}],"wp:attachment":[{"href":"https:\/\/agora.xtec.cat\/insbaixemporda\/wp-json\/wp\/v2\/media?parent=1947"}],"wp:term":[{"taxonomy":"category","embeddable":true,"href":"https:\/\/agora.xtec.cat\/insbaixemporda\/wp-json\/wp\/v2\/categories?post=1947"},{"taxonomy":"post_tag","embeddable":true,"href":"https:\/\/agora.xtec.cat\/insbaixemporda\/wp-json\/wp\/v2\/tags?post=1947"}],"curies":[{"name":"wp","href":"https:\/\/api.w.org\/{rel}","templated":true}]}}