{"id":6539,"date":"2021-05-06T13:25:10","date_gmt":"2021-05-06T11:25:10","guid":{"rendered":"http:\/\/agora.xtec.cat\/insbaixamar\/?p=6539"},"modified":"2024-04-03T13:04:40","modified_gmt":"2024-04-03T11:04:40","slug":"tarraco-la-visita-conquerida-recull-de-textos-argumentatius-sobre-la-visita-a-tarraco","status":"publish","type":"post","link":"https:\/\/agora.xtec.cat\/insbaixamar\/general\/tarraco-la-visita-conquerida-recull-de-textos-argumentatius-sobre-la-visita-a-tarraco\/","title":{"rendered":"T\u00e0rraco, la visita conquerida. Recull de textos argumentatius sobre la visita a T\u00e0rraco"},"content":{"rendered":"<p><a href=\"https:\/\/agora.xtec.cat\/insbaixamar\/wp-content\/uploads\/usu374\/2021\/05\/4E9C6FA0-0E7B-4C4B-84B3-21BF07F257E3.jpeg\"><img loading=\"lazy\" decoding=\"async\" class=\"alignnone size-full wp-image-6552\" src=\"https:\/\/agora.xtec.cat\/insbaixamar\/wp-content\/uploads\/usu374\/2021\/05\/4E9C6FA0-0E7B-4C4B-84B3-21BF07F257E3.jpeg\" alt=\"\" width=\"630\" height=\"382\" srcset=\"https:\/\/agora.xtec.cat\/insbaixamar\/wp-content\/uploads\/usu374\/2021\/05\/4E9C6FA0-0E7B-4C4B-84B3-21BF07F257E3.jpeg 630w, https:\/\/agora.xtec.cat\/insbaixamar\/wp-content\/uploads\/usu374\/2021\/05\/4E9C6FA0-0E7B-4C4B-84B3-21BF07F257E3-300x182.jpeg 300w\" sizes=\"auto, (max-width: 630px) 100vw, 630px\" \/><\/a><\/p>\n<h3><\/h3>\n<h3><span style=\"color: #0000ff;\">Escrit per Mar Oropesa Garc\u00eda. 1r A de Batxillerat<\/span><\/h3>\n<p><span style=\"color: #0000ff;\">&#8220;T\u00e0rraco, capital de l&#8217;imperi rom\u00e0 a la Pen\u00ednsula ib\u00e8rica&#8221;<\/span><\/p>\n<p><span style=\"color: #000000;\">Per qu\u00e8 T\u00e0rraco \u00e9s una ciutat que sorpr\u00e8n? El seu patrimoni rom\u00e0, protegit per la Unesco des de l&#8217;any 2000, \u00e9s captivador. Per una banda, T\u00e0rraco est\u00e0 marcada pel seu context hist\u00f2ric: va ser fundada el 218 aC pels germans Escipion, dos generals romans, i ho van fer en el marc de la confrontaci\u00f3 b\u00e8l\u00b7lica entre romans i cartaginesos, l&#8217;anomenada Segona Guerra P\u00fanica.<\/span><\/p>\n<p><a href=\"https:\/\/agora.xtec.cat\/insbaixamar\/wp-content\/uploads\/usu374\/2021\/05\/PHOTO-2021-04-29-13-42-26.jpg\"><img loading=\"lazy\" decoding=\"async\" class=\"alignnone wp-image-6540\" src=\"https:\/\/agora.xtec.cat\/insbaixamar\/wp-content\/uploads\/usu374\/2021\/05\/PHOTO-2021-04-29-13-42-26-768x1024.jpg\" alt=\"\" width=\"327\" height=\"436\" srcset=\"https:\/\/agora.xtec.cat\/insbaixamar\/wp-content\/uploads\/usu374\/2021\/05\/PHOTO-2021-04-29-13-42-26-768x1024.jpg 768w, https:\/\/agora.xtec.cat\/insbaixamar\/wp-content\/uploads\/usu374\/2021\/05\/PHOTO-2021-04-29-13-42-26-225x300.jpg 225w, https:\/\/agora.xtec.cat\/insbaixamar\/wp-content\/uploads\/usu374\/2021\/05\/PHOTO-2021-04-29-13-42-26.jpg 1536w\" sizes=\"auto, (max-width: 327px) 100vw, 327px\" \/><\/a><\/p>\n<pre><span style=\"color: #000080;\">Un dels passadissos del circ rom\u00e0. Foto: \u00c0urea Pau<\/span><\/pre>\n<p>&nbsp;<\/p>\n<p>T\u00e0rraco aviat es va convertir en la capital a Hisp\u00e0nia de l&#8217;imperi rom\u00e0. Ara b\u00e9, l&#8217;arribada dels romans no nom\u00e9s va suposar la conflu\u00e8ncia amb una nova gent, tamb\u00e9 va implicar un gran impacte sociocultural i religi\u00f3s.<\/p>\n<p>D&#8217;altra banda, T\u00e0rraco tamb\u00e9 va impulsar una nova estructura urban\u00edstica, perqu\u00e8 els romans van millorar els serveis i les infraestructures, fet que avui encara es pot contemplar perqu\u00e8 se&#8217;n conserven monuments constru\u00efts des del segle III aC fins al segle VI dC.<\/p>\n<p>Hi destaquen les muralles, com a construcci\u00f3 m\u00e9s antiga de la ciutat; el f\u00f2rum, el gran empla\u00e7ament on es concentrava bona part de la vida p\u00fablica; el circ, on es disputaven curses de carros. I, sens dubte, l&#8217;amfiteatre, l&#8217;estructura m\u00e9s simb\u00f2lica. Als afores de T\u00e0rraco trobem tamb\u00e9 altres construccions de gran rellev\u00e0ncia, com per exemple l&#8217;aq\u00fceducte (el pont del Diable), la pedrera del M\u00e8dol, que \u00e9s d&#8217;on s&#8217;extreien pedres per fer-les servir en les obres p\u00fabliques.<\/p>\n<p><a href=\"https:\/\/agora.xtec.cat\/insbaixamar\/wp-content\/uploads\/usu374\/2021\/05\/PHOTO-2021-04-29-13-42-26-c\u00f2pia.jpg\"><img loading=\"lazy\" decoding=\"async\" class=\"alignnone wp-image-6541\" src=\"https:\/\/agora.xtec.cat\/insbaixamar\/wp-content\/uploads\/usu374\/2021\/05\/PHOTO-2021-04-29-13-42-26-c\u00f2pia-1024x768.jpg\" alt=\"\" width=\"508\" height=\"381\" \/><\/a><a href=\"https:\/\/agora.xtec.cat\/insbaixamar\/wp-content\/uploads\/usu374\/2021\/05\/PHOTO-2021-04-29-13-42-26-c\u00f2pia.jpg\"><img loading=\"lazy\" decoding=\"async\" class=\"alignnone size-large wp-image-6541\" src=\"https:\/\/agora.xtec.cat\/insbaixamar\/wp-content\/uploads\/usu374\/2021\/05\/PHOTO-2021-04-29-13-42-26-c\u00f2pia-1024x768.jpg\" alt=\"\" width=\"1024\" height=\"768\" \/><\/a><\/p>\n<pre><span style=\"color: #0000ff;\">L'alumnat, passejant pel pont del Diable. Foto: \u00c0urea Pau<\/span><\/pre>\n<p>&nbsp;<\/p>\n<p>Sobre la literatura, T\u00e0rraco ha estat font d&#8217;inspiraci\u00f3 per a molts autors cl\u00e0ssics i moderns, que hi han basat les seves accions.<\/p>\n<p>Segons el meu parer, T\u00e0rraco \u00e9s una de les ciutats m\u00e9s interessants d&#8217;Europa tant per la seva hist\u00f2ria com pel patrimoni, que \u00e9s un b\u00e9 universal incomparable. Parlar de T\u00e0rraco \u00e9s fer-ho del nostre passat, que ens explica com som.<\/p>\n<p>Finalment, destaco el significat de T\u00e0rraco-Tarragona. \u00c9s un acr\u00f2nim ib\u00e8ric que correspon a &#8220;Tar&#8221;, que vol dir &#8220;brava&#8221;. Per continuar, &#8220;raco&#8221; vol dir l\u00ednia de terra. I &#8220;ona&#8221; vol dir la m\u00e9s gran. Aquest fet confirma la teoria que els romans ja coneixien el significat de la paraula &#8220;T\u00e0rraco&#8221;, perqu\u00e8 li van atorgar un nom triomfal. <strong>La l\u00ednia de terra brava m\u00e9s gran.<\/strong> Encara avui podem subratllar-ne el significat.<\/p>\n<h3><span style=\"color: #0000ff;\">Escrit per Al\u00edcia Beamonte. 1r A de Batxillerat<\/span><\/h3>\n<h3><strong>&#8220;Tenir T\u00e0rraco tan a prop de casa nostra \u00e9s un privilegi, perqu\u00e8 \u00e9s una oportunitat per fer un viatge a la hist\u00f2ria&#8221;<\/strong><\/h3>\n<p><span style=\"color: #000000;\">Els romans van desembarcar a T\u00e0rraco l&#8217;any 218 aC despr\u00e9s de no arribar a cap acord amb els cartaginesos durant la lluita territorial que els va enfrontar. Van instal\u00b7lar-se a T\u00e0rraco a la recerca de mercats, productes per intercanviar, per\u00f2 tamb\u00e9 perqu\u00e8 continuaven volent guanyar els cartaginesos. Van considerar que era el lloc perfecte, perqu\u00e8 estava banyat pel mar Mediterrani per una banda, i per una altra, amb camps de vinyes infinits, i a m\u00e9s tramarien des d&#8217;aquest lloc les estrat\u00e8gies per v\u00e8ncer els cartaginesos. Aix\u00ed doncs, quan hi van posar els peus, van comen\u00e7ar a construir una ciutat nova, i la van envoltar d&#8217;una muralla contundent, que era tant per refugiar-se dels enemics com tamb\u00e9 per mostrar f\u00edsicament com de forts eren. Com m\u00e9s alta i robusta la muralla, m\u00e9s forts se&#8217;ls imaginarien.<\/span><\/p>\n<p><a href=\"https:\/\/agora.xtec.cat\/insbaixamar\/wp-content\/uploads\/usu374\/2021\/05\/PHOTO-2021-04-29-13-42-26-1.jpg\"><img loading=\"lazy\" decoding=\"async\" class=\"alignnone wp-image-6542\" src=\"https:\/\/agora.xtec.cat\/insbaixamar\/wp-content\/uploads\/usu374\/2021\/05\/PHOTO-2021-04-29-13-42-26-1-768x1024.jpg\" alt=\"\" width=\"436\" height=\"581\" srcset=\"https:\/\/agora.xtec.cat\/insbaixamar\/wp-content\/uploads\/usu374\/2021\/05\/PHOTO-2021-04-29-13-42-26-1-768x1024.jpg 768w, https:\/\/agora.xtec.cat\/insbaixamar\/wp-content\/uploads\/usu374\/2021\/05\/PHOTO-2021-04-29-13-42-26-1-225x300.jpg 225w, https:\/\/agora.xtec.cat\/insbaixamar\/wp-content\/uploads\/usu374\/2021\/05\/PHOTO-2021-04-29-13-42-26-1.jpg 1536w\" sizes=\"auto, (max-width: 436px) 100vw, 436px\" \/><\/a><\/p>\n<pre><span style=\"color: #0000ff;\">L'amfiteatre de T\u00e0rraco. Foto: \u00c0urea Pau\r\n\r\n<\/span><\/pre>\n<p>Avgvst, el primer emperador de l&#8217;Imperi rom\u00e0, es va instal\u00b7lar a T\u00e0rraco, des d&#8217;on va regnar i va dirigir les guerres contra les \u00faltimes tribus encara no romanitzades. Aquest fet va provocar que T\u00e0rraco adquir\u00eds un gran prestigi, i que an\u00e9s creixent en construccions.<\/p>\n<p>El fet que T\u00e0rraco es convert\u00eds en una ciutat de gran import\u00e0ncia per als romans va comportar que s&#8217;hi dediquessin esfor\u00e7os perqu\u00e8 albergu\u00e9s les millors construccions. I justament aquest fet, per a nosaltres, els visitants, \u00e9s una sort, perqu\u00e8 quan hi anem podem imaginar-nos com va ser aquesta \u00e8poca. No cal visitar Roma per admirar un amfiteatre, un aq\u00fceducte, una muralla. Tot plegat ens fa saber tamb\u00e9 com vivien els romans, els nostres avantpassats, quins van ser els seus costums, la llengua que parlaven. I tot plegat ens explica a nosaltres mateixos, tal com som avui.<\/p>\n<p>En conclusi\u00f3, tenir T\u00e0rraco tan a prop de casa nostra \u00e9s un privilegi, perqu\u00e8 \u00e9s una oportunitat per fer un viatge a la hist\u00f2ria, per entendre de cop tot el que hem anat estudiant al llargs de tants anys com a alumnes!<\/p>\n<h3><span style=\"color: #0000ff;\">Escrit per Aitor Fern\u00e1ndez Segura<\/span><\/h3>\n<h5 dir=\"auto\">&#8220;A la pedrera del M\u00e8dol, la hist\u00f2ria de la ciutat de T\u00e0rraco em va comen\u00e7ar a interessar&#8221;<\/h5>\n<p dir=\"auto\">Abans d\u2019anar-hi, est\u00e0vem tots emocionats per visitar i con\u00e8ixer Tarragona. <strong>He de confessar que a l\u2019inici hi volia anar nom\u00e9s per fer una excursi\u00f3, independentment de la finalitat, \u00e9s a dir, \u00a0estava menys interessat pel mateix recorregut hist\u00f2ric.\u00a0<\/strong><\/p>\n<p>En primer lloc, vam anar a la pedrera m\u00e9s gran que es conserva de l&#8217;\u00e8poca, la del M\u00e8dol. Just llavors la hist\u00f2ria d\u2019aquesta ciutat va comen\u00e7ar a interessar-me. \u00c9s un lloc bonic, t\u00e9 molt bones vistes i transmet moltes emocions i coneixements; es veu de manera clara com els romans extreien la pedra calc\u00e0ria.<\/p>\n<p>El seg\u00fcent dest\u00ed va ser l\u2019aq\u00fceducte, el pont del Diable, un lloc excitant. El guia ens va explicar el m\u00e8tode de transport d\u2019aigua del riu Francol\u00ed. Va ser aqu\u00ed on vaig comen\u00e7ar a admirar la grandesa del poder rom\u00e0 i les estrat\u00e8gies que feien per demostrar-lo.<\/p>\n<p>Durant el descans, els companys ens vam dedicar a explorar una part de la ciutat de manera aut\u00f2noma. Es podia observar la bellesa de l\u2019antiguitat dels carrers, molt ben conservats.<\/p>\n<p>Quan vam tornar a l&#8217;explicaci\u00f3 guiada, concretament a una de les maquetes de Tarraco inspirada en el s. II dC, es podia observar la disposici\u00f3 de les estructures del poble. <strong>Em va impactar: vaig poder veure i con\u00e8ixer T\u00e0rraco en el seu m\u00e0xim esplendor.<\/strong><\/p>\n<p>De totes maneres, <strong>van ser el circ i l\u2019amfiteatre els llocs que m\u00e9s em van impactar<\/strong>, perqu\u00e8 les seves dimensions eren impressionants.<\/p>\n<p>Com que en conexia la hist\u00f2ria, em vaig interessar molt m\u00e9s pels llocs que visit\u00e0vem.<\/p>\n<p>En conclusi\u00f3, <strong>crec que T\u00e0rraco \u00e9s un lloc que s\u2019ha de visitar, com a m\u00ednim, una vegada a la vida; sens dubte, hi tornaria a anar.<\/strong><\/p>\n<h3><span style=\"color: #0000ff;\">Escrit per Paula Moll\u00a0<\/span><\/h3>\n<p>\u201cL&#8217;imperi rom\u00e0 ens pot semblar que queda molt lluny, per\u00f2 en realitat el tenim ben a prop de casa\u201d<\/p>\n<p><span style=\"color: #0000ff;\"><span style=\"color: #000000;\">T\u00e0rraco \u00e9s com els romans anomenaven el que nosaltres coneixem com Tarragona. La capital del Tarragon\u00e8s va ser inva\u00efda pels romans, i la van convertir en un dels punts m\u00e9s importants de l&#8217;Imperi.<\/span><\/span><\/p>\n<p><a href=\"https:\/\/agora.xtec.cat\/insbaixamar\/wp-content\/uploads\/usu374\/2021\/05\/PHOTO-2021-04-29-13-39-23.jpg\"><img loading=\"lazy\" decoding=\"async\" class=\"alignnone wp-image-6548\" src=\"https:\/\/agora.xtec.cat\/insbaixamar\/wp-content\/uploads\/usu374\/2021\/05\/PHOTO-2021-04-29-13-39-23-1024x768.jpg\" alt=\"\" width=\"553\" height=\"415\" srcset=\"https:\/\/agora.xtec.cat\/insbaixamar\/wp-content\/uploads\/usu374\/2021\/05\/PHOTO-2021-04-29-13-39-23-1024x768.jpg 1024w, https:\/\/agora.xtec.cat\/insbaixamar\/wp-content\/uploads\/usu374\/2021\/05\/PHOTO-2021-04-29-13-39-23-300x225.jpg 300w, https:\/\/agora.xtec.cat\/insbaixamar\/wp-content\/uploads\/usu374\/2021\/05\/PHOTO-2021-04-29-13-39-23-768x576.jpg 768w, https:\/\/agora.xtec.cat\/insbaixamar\/wp-content\/uploads\/usu374\/2021\/05\/PHOTO-2021-04-29-13-39-23-200x150.jpg 200w, https:\/\/agora.xtec.cat\/insbaixamar\/wp-content\/uploads\/usu374\/2021\/05\/PHOTO-2021-04-29-13-39-23.jpg 2048w\" sizes=\"auto, (max-width: 553px) 100vw, 553px\" \/><\/a><\/p>\n<pre><span style=\"color: #0000ff;\">La maqueta de la ciutat romana en \u00e8poca d'Avgvstvs. Foto: \u00c0urea Pau<\/span><\/pre>\n<p>&nbsp;<\/p>\n<p>Des de T\u00e0rraco s&#8217;importaven moltes mercaderies com per exemple pedres calc\u00e0ries, que s&#8217;extreien de les pedreres. Se n&#8217;han trobat unes quantes, per\u00f2 nosaltres vam tenir la sort de veure&#8217;n una de les m\u00e9s importants, la del M\u00e8dol. Crec que \u00e9s molt curi\u00f3s observar com civilitzacions tan antigues comptaven amb la seva tecnologia per extreure pedres de tant de pes.<\/p>\n<p>Despr\u00e9s de visitar el M\u00e8dol, vam anar cap a l&#8217;aq\u00fceducte, el pont del Diable. Sincerament, va ser la part que m\u00e9s em va impressionar. L&#8217;aq\u00fceducte, a part de fer la seva funci\u00f3, tamb\u00e9 va ser constru\u00eft com a mostra de poder. Els guies que ens hi van portar ens van explicar que no era necessari al\u00e7ar una construcci\u00f3 tan gran per\u00f2 ho van fer per demostrar la grand\u00e0ria de l&#8217;Imperi rom\u00e0. Una manera de dir: &#8220;Observeu el que som capa\u00e7os de construir!&#8221;.<\/p>\n<p>Aquestes dos llocs, el M\u00e8dol i l&#8217;aq\u00fceducte, estava situat als afores de T\u00e0rraco (Tarragona). Aix\u00ed que la tercera parada del recorregut va ser la ciutat. Primer de tot, he de dir que en recomano la visita per la bellesa. \u00c9s una ciutat molt bonica i ben cuidada. I, en segon lloc, la hist\u00f2ria que es pot entendre de visitar-la \u00e9s cabdal. Podem trobar indicis de com va ser.<\/p>\n<p>A mi em va sorprendre con\u00e8ixer la hist\u00f2ria de l&#8217;emperador Avgvst, que va estar vivint a la ciutat. Aquest fet explica per qu\u00e8 T\u00e0rraco va ser tan monumental, perqu\u00e8 li van dedicar construccions enormes, com per exemple un temple que en l&#8217;actualitat no es conserva (perqu\u00e8 al seu lloc hi ha la catedral de Tarragona), per\u00f2 que se sap per ru\u00efnes que s&#8217;han conservat (un dit del peu d&#8217;una escultura dedicada a Avgvstus). Una altra \u00e9s la Via Augusta, que era la via terrestre per arribar a T\u00e0rraco. Mentrestant, a la part alta de la ciutat estava situat el f\u00f2rum provincial, i en una altra part, el circ i, encara, l&#8217;amfiteatre, fora de les muralles. He de dir que una de les visites que em va anar molt b\u00e9 va ser observar la maqueta de la ciutat, perqu\u00e8 aix\u00ed va ser una manera de fer-nos la idea de com era la ciutat.<\/p>\n<p><a href=\"https:\/\/agora.xtec.cat\/insbaixamar\/wp-content\/uploads\/usu374\/2021\/05\/PHOTO-2021-04-29-13-39-21.jpg\"><img loading=\"lazy\" decoding=\"async\" class=\"alignnone wp-image-6547\" src=\"https:\/\/agora.xtec.cat\/insbaixamar\/wp-content\/uploads\/usu374\/2021\/05\/PHOTO-2021-04-29-13-39-21-1024x768.jpg\" alt=\"\" width=\"495\" height=\"371\" srcset=\"https:\/\/agora.xtec.cat\/insbaixamar\/wp-content\/uploads\/usu374\/2021\/05\/PHOTO-2021-04-29-13-39-21-1024x768.jpg 1024w, https:\/\/agora.xtec.cat\/insbaixamar\/wp-content\/uploads\/usu374\/2021\/05\/PHOTO-2021-04-29-13-39-21-300x225.jpg 300w, https:\/\/agora.xtec.cat\/insbaixamar\/wp-content\/uploads\/usu374\/2021\/05\/PHOTO-2021-04-29-13-39-21-768x576.jpg 768w, https:\/\/agora.xtec.cat\/insbaixamar\/wp-content\/uploads\/usu374\/2021\/05\/PHOTO-2021-04-29-13-39-21-200x150.jpg 200w, https:\/\/agora.xtec.cat\/insbaixamar\/wp-content\/uploads\/usu374\/2021\/05\/PHOTO-2021-04-29-13-39-21.jpg 2048w\" sizes=\"auto, (max-width: 495px) 100vw, 495px\" \/><\/a><\/p>\n<pre><span style=\"color: #0000ff;\">L'alumnat de 1r de Batxillerat amb el professorat<\/span><\/pre>\n<p>&nbsp;<\/p>\n<p>En resum, recomano la ciutat a tots aquells curiosos i interessats en la hist\u00f2ria. L&#8217;imperi rom\u00e0 ens pot semblar que queda molt lluny, per\u00f2 en realitat el tenim ben a prop de casa. Trobo que visitar una ciutat que va viure una \u00e8poca de m\u00e0xima esplendor (hist\u00f2rica) \u00e9s una experi\u00e8ncia molt enriquidora.<\/p>\n","protected":false},"excerpt":{"rendered":"<p><a href=\"https:\/\/agora.xtec.cat\/insbaixamar\/wp-content\/uploads\/usu374\/2021\/05\/4E9C6FA0-0E7B-4C4B-84B3-21BF07F257E3.jpeg\"><\/a><\/p>\n<p>Escrit per Mar Oropesa Garc\u00eda. 1r A de Batxillerat<br \/>\n&#8220;T\u00e0rraco, capital de l&#8217;imperi rom\u00e0 a la Pen\u00ednsula ib\u00e8rica&#8221;<br \/>\nPer qu\u00e8 T\u00e0rraco \u00e9s una ciutat que sorpr\u00e8n? El seu patrimoni rom\u00e0, protegit per la Unesco des de l&#8217;any 2000, \u00e9s captivador. Per una banda, T\u00e0rraco est\u00e0 marcada&hellip;  <a href=\"https:\/\/agora.xtec.cat\/insbaixamar\/general\/tarraco-la-visita-conquerida-recull-de-textos-argumentatius-sobre-la-visita-a-tarraco\/\" title=\"Read T\u00e0rraco, la visita conquerida. Recull de textos argumentatius sobre la visita a T\u00e0rraco\">Llegeix m\u00e9s\u00bb<\/a><\/p>\n","protected":false},"author":141,"featured_media":6540,"comment_status":"open","ping_status":"closed","sticky":false,"template":"","format":"standard","meta":{"_bbp_topic_count":0,"_bbp_reply_count":0,"_bbp_total_topic_count":0,"_bbp_total_reply_count":0,"_bbp_voice_count":0,"_bbp_anonymous_reply_count":0,"_bbp_topic_count_hidden":0,"_bbp_reply_count_hidden":0,"_bbp_forum_subforum_count":0,"footnotes":""},"categories":[413,1,29,342],"tags":[],"class_list":["post-6539","post","type-post","status-publish","format-standard","has-post-thumbnail","hentry","category-revistacurs_2020-21","category-general","category-portada","category-articles-informatius-redactats-pels-alumnes"],"post_mailing_queue_ids":[],"_links":{"self":[{"href":"https:\/\/agora.xtec.cat\/insbaixamar\/wp-json\/wp\/v2\/posts\/6539","targetHints":{"allow":["GET"]}}],"collection":[{"href":"https:\/\/agora.xtec.cat\/insbaixamar\/wp-json\/wp\/v2\/posts"}],"about":[{"href":"https:\/\/agora.xtec.cat\/insbaixamar\/wp-json\/wp\/v2\/types\/post"}],"author":[{"embeddable":true,"href":"https:\/\/agora.xtec.cat\/insbaixamar\/wp-json\/wp\/v2\/users\/141"}],"replies":[{"embeddable":true,"href":"https:\/\/agora.xtec.cat\/insbaixamar\/wp-json\/wp\/v2\/comments?post=6539"}],"version-history":[{"count":3,"href":"https:\/\/agora.xtec.cat\/insbaixamar\/wp-json\/wp\/v2\/posts\/6539\/revisions"}],"predecessor-version":[{"id":6554,"href":"https:\/\/agora.xtec.cat\/insbaixamar\/wp-json\/wp\/v2\/posts\/6539\/revisions\/6554"}],"wp:featuredmedia":[{"embeddable":true,"href":"https:\/\/agora.xtec.cat\/insbaixamar\/wp-json\/wp\/v2\/media\/6540"}],"wp:attachment":[{"href":"https:\/\/agora.xtec.cat\/insbaixamar\/wp-json\/wp\/v2\/media?parent=6539"}],"wp:term":[{"taxonomy":"category","embeddable":true,"href":"https:\/\/agora.xtec.cat\/insbaixamar\/wp-json\/wp\/v2\/categories?post=6539"},{"taxonomy":"post_tag","embeddable":true,"href":"https:\/\/agora.xtec.cat\/insbaixamar\/wp-json\/wp\/v2\/tags?post=6539"}],"curies":[{"name":"wp","href":"https:\/\/api.w.org\/{rel}","templated":true}]}}