{"id":6035,"date":"2020-12-17T13:19:17","date_gmt":"2020-12-17T12:19:17","guid":{"rendered":"http:\/\/agora.xtec.cat\/insbaixamar\/?p=6035"},"modified":"2024-04-03T12:58:38","modified_gmt":"2024-04-03T10:58:38","slug":"estic-orgullosa-de-la-meva-feina-com-a-professora-perque-ensenyar-es-aprendre","status":"publish","type":"post","link":"https:\/\/agora.xtec.cat\/insbaixamar\/general\/estic-orgullosa-de-la-meva-feina-com-a-professora-perque-ensenyar-es-aprendre\/","title":{"rendered":"\u201cEstic orgullosa de la meva feina com a professora, perqu\u00e8 ensenyar \u00e9s aprendre\u201d. Entrevista a la mare de l&#8217;alumne Daniel Mar\u00edn, de 3r A"},"content":{"rendered":"<p><strong>Entrevista a Claire Bodgers (54 anys), mare de l&#8217;alumne Daniel Mar\u00edn Bodgers, de 3r A<\/strong><\/p>\n<p><a href=\"https:\/\/agora.xtec.cat\/insbaixamar\/wp-content\/uploads\/usu374\/2020\/12\/IMG_5122-e1608017104592.jpg\"><img loading=\"lazy\" decoding=\"async\" class=\"alignnone wp-image-6037\" src=\"https:\/\/agora.xtec.cat\/insbaixamar\/wp-content\/uploads\/usu374\/2020\/12\/IMG_5122-e1608017104592-768x1024.jpg\" alt=\"\" width=\"269\" height=\"359\" srcset=\"https:\/\/agora.xtec.cat\/insbaixamar\/wp-content\/uploads\/usu374\/2020\/12\/IMG_5122-e1608017104592-768x1024.jpg 768w, https:\/\/agora.xtec.cat\/insbaixamar\/wp-content\/uploads\/usu374\/2020\/12\/IMG_5122-e1608017104592-225x300.jpg 225w\" sizes=\"auto, (max-width: 269px) 100vw, 269px\" \/><\/a><\/p>\n<p><strong>Claire Bodgers (54 anys), nascuda a Ashton-Under-Lyne, (Greater Manchester, Anglaterra) visita l&#8217;institut Baix a mar per explicar a la classe 3rvA en qu\u00e8 consisteix la seva feina i quines s\u00f3n les seves aficions. Principalment els alumnes li pregunten sobre la seva arribada a Catalunya, i despr\u00e9s li formulem q\u00fcestions sobre el seu temps lliure. Tamb\u00e9 ens fa saber que viuen a les Roquetes.<\/strong><\/p>\n<p><b>Trinitat, professora de Catal\u00e0: <\/b>Bon dia. Moltes gr\u00e0cies per haver vingut, Claire.\u00a0<span style=\"font-weight: 400;\">Vols presentar-te tu mateixa?<\/span><\/p>\n<p><b>Claire: <\/b><span style=\"font-weight: 400;\">Hola! Soc la Claire Bodgers, tinc 54 anys i s\u00f3c la mare del Dani Mar\u00edn.<\/span><\/p>\n<p><b>S\u00edlvia Prieto: <\/b><span style=\"font-weight: 400;\">Bon dia, Claire. Em presento. Soc la S\u00edlvia Prieto, companya de classe del Dani, i voldria saber de qu\u00e8 treballes.<\/span><\/p>\n<p><b>Claire:<\/b><span style=\"font-weight: 400;\"> Actualment treballo com a professora d\u2019angl\u00e8s en una acad\u00e8mia, encara que a causa de la pand\u00e8mia estic fent classes en l\u00ednia en comptes de fer-les presencials.<\/span><\/p>\n<p><b>S\u00edlvia: <\/b><span style=\"font-weight: 400;\">Quant fa que treballes en aquesta feina?<\/span><\/p>\n<p><b>Claire: <\/b>Primer, deixeu-me que us digui, que\u00a0<span style=\"font-weight: 400;\">vaig comen\u00e7ar a treballar quan tenia 14 anys, per\u00f2 \u00a0en fa 16 que treballo com a professora en una acad\u00e8mia d\u2019angl\u00e8s.<\/span><\/p>\n<p><b>S\u00edlvia: <\/b><span style=\"font-weight: 400;\">T\u2019agrada la teva feina?<\/span><\/p>\n<p><b>Claire: <\/b><span style=\"font-weight: 400;\">S\u00ed, molt. La meva professi\u00f3 es basa a ensenyar i donar nous aprenentatges als meus alumnes, per\u00f2 el que la gent no sap \u00e9s que jo tamb\u00e9 n&#8217;aprenc al mateix temps que els meus alumnes. A m\u00e9s, us he de dir que m&#8217;entusiasma la sensaci\u00f3 de saber que estic ajudant les persones a estudiar un idioma tan important com \u00e9s l\u2019angl\u00e8s. Aix\u00f2 no treu que hi ha dies durs, perqu\u00e8 els hi tinc, per\u00f2 m&#8217;acaben compensant els bons.<\/span><\/p>\n<p><b>S\u00edlvia: <\/b><span style=\"font-weight: 400;\">Qu\u00e8 vas estudiar?<\/span><\/p>\n<p><b>Claire: <\/b><span style=\"font-weight: 400;\">Vaig fer els cursos per aconseguir el Certificat d&#8217;Aptitud Pedag\u00f2giga, i quan vaig acabar-lo, vaig fer-ne d&#8217;altres.<\/span><\/p>\n<p><b>S\u00edlvia: <\/b>Ens has relatat que vas posar-te a treballar de molt jove,\u00a0<span style=\"font-weight: 400;\">quines feines has fet al llarg de la teva vida?<\/span><\/p>\n<p><b>Claire:<\/b><span style=\"font-weight: 400;\"> Seria m\u00e9s f\u00e0cil que em preguntessis quines feines no he tingut! Vaig comen\u00e7ar treballant en un mercat al costat de casa meva, despr\u00e9s en una perruqueria, m\u00e9s tard en un gimn\u00e0s. Despr\u00e9s vaig entrar al m\u00f3n de l&#8217;administraci\u00f3, aix\u00ed que vaig ser anys en una ag\u00e8ncia immobili\u00e0ria tamb\u00e9.<\/span><\/p>\n<p><b>S\u00edlvia: <\/b><span style=\"font-weight: 400;\">Vas estudiar molt per poder treballar en totes aquestes feines?<\/span><\/p>\n<p><b>Claire: <\/b><span style=\"font-weight: 400;\">S\u2019ha d\u2019estudiar molt, s\u00ed perqu\u00e8 cada dia m&#8217;he de posar al dia.<\/span><\/p>\n<p><b>S\u00edlvia: <\/b><span style=\"font-weight: 400;\">Vas repetir cap curs quan estudiaves?<\/span><\/p>\n<p><b>Claire: <\/b><span style=\"font-weight: 400;\">No, no vaig repetir cap curs, perqu\u00e8 estudiava a Anglaterra i all\u00e0 no hi havia l\u2019opci\u00f3 de repetir. Per\u00f2 tamb\u00e9 perqu\u00e8 crec que no m&#8217;hauria calgut [riu].<\/span><\/p>\n<p><b>S\u00edlvia: <\/b><span style=\"font-weight: 400;\">En quins centres escolars has estudiat?<\/span><\/p>\n<p><b>Claire: <\/b><span style=\"font-weight: 400;\">Vaig estudiar la Prim\u00e0ria al col\u00b7legi <a href=\"https:\/\/www.st-christophers.tameside.sch.uk\/gallery\/manchester-a-city-united-260517\">Saint Christopher&#8217;s School<\/a>; la Secund\u00e0ria a l\u2019institut Loreto Grammar School, i el grau universitari a l&#8217;University of Sunderland.<\/span><\/p>\n<p><b>S\u00edlvia: <\/b><span style=\"font-weight: 400;\">De qu\u00e8 volies treballar quan eres petita?<\/span><\/p>\n<p><b>Claire: <\/b><span style=\"font-weight: 400;\">De petita sempre havia volgut treballar com a professora, de fet agafava les meves joguines i feia com si estigu\u00e9s explicant alguna cosa a les nines.<\/span><\/p>\n<p><b>S: <\/b><span style=\"font-weight: 400;\">Tens cap afici\u00f3?<\/span><\/p>\n<p><b>C: <\/b><span style=\"font-weight: 400;\">S\u00ed, les meves aficions s\u00f3n la natura; m\u2019encanta escapar-me per la muntanya amb la meva gossa i gaudir de la tranquil\u00b7litat. Tamb\u00e9 m\u2019agrada molt fer <em>scrapbooking<\/em>, aix\u00ed que quan soc a casa, busco tutorials i comen\u00e7o a fer manualitats.<\/span><\/p>\n<p><b>S: <\/b><span style=\"font-weight: 400;\">Tens m\u00e9s fills, a m\u00e9s del Daniel?<\/span><\/p>\n<p><b>C: <\/b><span style=\"font-weight: 400;\">No, nom\u00e9s tinc el Dani.<\/span><\/p>\n<p><b>S: <\/b><span style=\"font-weight: 400;\">Ja hem acabat! Moltes gr\u00e0cies Claire!<\/span><\/p>\n<p><b>C: <\/b><span style=\"font-weight: 400;\">Gr\u00e0cies a vosaltres!<\/span><\/p>\n","protected":false},"excerpt":{"rendered":"<p>Entrevista a Claire Bodgers (54 anys), mare de l&#8217;alumne Daniel Mar\u00edn Bodgers, de 3r A<br \/>\n<a href=\"https:\/\/agora.xtec.cat\/insbaixamar\/wp-content\/uploads\/usu374\/2020\/12\/IMG_5122-e1608017104592.jpg\"><\/a><br \/>\nClaire Bodgers (54 anys), nascuda a Ashton-Under-Lyne, (Greater Manchester, Anglaterra) visita l&#8217;institut Baix a mar per explicar a la classe 3rvA en qu\u00e8 consisteix la seva feina i quines s\u00f3n&hellip;  <a href=\"https:\/\/agora.xtec.cat\/insbaixamar\/general\/estic-orgullosa-de-la-meva-feina-com-a-professora-perque-ensenyar-es-aprendre\/\" title=\"Read \u201cEstic orgullosa de la meva feina com a professora, perqu\u00e8 ensenyar \u00e9s aprendre\u201d. Entrevista a la mare de l&#8217;alumne Daniel Mar\u00edn, de 3r A\">Llegeix m\u00e9s\u00bb<\/a><\/p>\n","protected":false},"author":141,"featured_media":6038,"comment_status":"open","ping_status":"closed","sticky":false,"template":"","format":"standard","meta":{"_bbp_topic_count":0,"_bbp_reply_count":0,"_bbp_total_topic_count":0,"_bbp_total_reply_count":0,"_bbp_voice_count":0,"_bbp_anonymous_reply_count":0,"_bbp_topic_count_hidden":0,"_bbp_reply_count_hidden":0,"_bbp_forum_subforum_count":0,"footnotes":""},"categories":[413,1,29,342],"tags":[],"class_list":["post-6035","post","type-post","status-publish","format-standard","has-post-thumbnail","hentry","category-revistacurs_2020-21","category-general","category-portada","category-articles-informatius-redactats-pels-alumnes"],"post_mailing_queue_ids":[],"_links":{"self":[{"href":"https:\/\/agora.xtec.cat\/insbaixamar\/wp-json\/wp\/v2\/posts\/6035","targetHints":{"allow":["GET"]}}],"collection":[{"href":"https:\/\/agora.xtec.cat\/insbaixamar\/wp-json\/wp\/v2\/posts"}],"about":[{"href":"https:\/\/agora.xtec.cat\/insbaixamar\/wp-json\/wp\/v2\/types\/post"}],"author":[{"embeddable":true,"href":"https:\/\/agora.xtec.cat\/insbaixamar\/wp-json\/wp\/v2\/users\/141"}],"replies":[{"embeddable":true,"href":"https:\/\/agora.xtec.cat\/insbaixamar\/wp-json\/wp\/v2\/comments?post=6035"}],"version-history":[{"count":3,"href":"https:\/\/agora.xtec.cat\/insbaixamar\/wp-json\/wp\/v2\/posts\/6035\/revisions"}],"predecessor-version":[{"id":6058,"href":"https:\/\/agora.xtec.cat\/insbaixamar\/wp-json\/wp\/v2\/posts\/6035\/revisions\/6058"}],"wp:featuredmedia":[{"embeddable":true,"href":"https:\/\/agora.xtec.cat\/insbaixamar\/wp-json\/wp\/v2\/media\/6038"}],"wp:attachment":[{"href":"https:\/\/agora.xtec.cat\/insbaixamar\/wp-json\/wp\/v2\/media?parent=6035"}],"wp:term":[{"taxonomy":"category","embeddable":true,"href":"https:\/\/agora.xtec.cat\/insbaixamar\/wp-json\/wp\/v2\/categories?post=6035"},{"taxonomy":"post_tag","embeddable":true,"href":"https:\/\/agora.xtec.cat\/insbaixamar\/wp-json\/wp\/v2\/tags?post=6035"}],"curies":[{"name":"wp","href":"https:\/\/api.w.org\/{rel}","templated":true}]}}