{"id":5931,"date":"2020-11-05T13:32:26","date_gmt":"2020-11-05T12:32:26","guid":{"rendered":"http:\/\/agora.xtec.cat\/insbaixamar\/?p=5931"},"modified":"2024-04-03T12:55:36","modified_gmt":"2024-04-03T10:55:36","slug":"les-xarxes-socials-perilloses-o-fascinants-article-dopinio","status":"publish","type":"post","link":"https:\/\/agora.xtec.cat\/insbaixamar\/general\/les-xarxes-socials-perilloses-o-fascinants-article-dopinio\/","title":{"rendered":"Les xarxes socials, perilloses o fascinants (article d&#8217;opini\u00f3)"},"content":{"rendered":"<pre><span style=\"color: #0000ff;\">Escrit per Mar Oropesa Garcia\r\n\r\n<a href=\"https:\/\/agora.xtec.cat\/insbaixamar\/wp-content\/uploads\/usu374\/2020\/10\/unnamed.jpg\"><img loading=\"lazy\" decoding=\"async\" class=\"alignnone  wp-image-5813\" src=\"https:\/\/agora.xtec.cat\/insbaixamar\/wp-content\/uploads\/usu374\/2020\/10\/unnamed-576x1024.jpg\" alt=\"\" width=\"96\" height=\"171\" srcset=\"https:\/\/agora.xtec.cat\/insbaixamar\/wp-content\/uploads\/usu374\/2020\/10\/unnamed-576x1024.jpg 576w, https:\/\/agora.xtec.cat\/insbaixamar\/wp-content\/uploads\/usu374\/2020\/10\/unnamed-169x300.jpg 169w, https:\/\/agora.xtec.cat\/insbaixamar\/wp-content\/uploads\/usu374\/2020\/10\/unnamed-768x1365.jpg 768w, https:\/\/agora.xtec.cat\/insbaixamar\/wp-content\/uploads\/usu374\/2020\/10\/unnamed.jpg 1242w\" sizes=\"auto, (max-width: 96px) 100vw, 96px\" \/><\/a>\r\n\r\n<\/span><\/pre>\n<p>Algunes persones consideren que les xarxes socials s\u00f3n fascinants, perqu\u00e8 ens connecten els uns amb els altres; d\u2019altres sostenen que s\u00f3n molt perilloses. Amb l&#8217;opini\u00f3 que tothom est\u00e0 d\u2019acord\u00a0 \u00e9s que\u00a0 aquestes eines han revolucionat l\u2019era digital. Plataformes\u00a0 com: Youtube, Facebook, Twitter, Spotify, Tumblr, Linkedin, Vsco, Snapchat, Pinterest, Tik Tok, Instagram, Whatsapp&#8230;. estan canviant el m\u00f3n i la manera de relacionar-nos entre nosaltres.<\/p>\n<p>En les xarxes socials, segons el meu parer, hi veig progr\u00e9s, aprenentatge i et poden donar la possibilitat de promocionar-te professional. Alhora mostrem la nostra personalitat mitjan\u00e7ant fotos i v\u00eddeos, i podem interactuar i compartir amb moltes persones de manera r\u00e0pida i sense la necessitat de viatjar o moure\u2019t de casa.<\/p>\n<blockquote><p><strong>&#8220;Cal verificar la informaci\u00f3\u00a0 que ens arriba i fer servir entorns fiables<\/strong>.<strong> I tot aix\u00f2 sense oblidar i acceptar que darrera d\u2019aquesta revoluci\u00f3 digital, hi ha un negoci d\u2019empreses i multinacionals&#8221;<\/strong><\/p><\/blockquote>\n<p>Ara b\u00e9. hi ha altres cares, no tan positives. El problema recau quan <strong>les xarxes socials ens distreuen m\u00e9s del compte, creen adicci\u00f3-descontrol \u00a0i perdem el contacte directe<\/strong>, de cara a cara, amb els amics, fam\u00edlia&#8230;. Tamb\u00e9\u00a0 \u00e9s important no creure tot el que circula per les xarxes socials i posar especial atenci\u00f3 a les \u201c<em>fake news<\/em>\u201d (les mentides), que viatgen a la velocitat de la llum. Per tant, <strong>cal verificar la informaci\u00f3\u00a0 que ens arriba i fer servir entorns fiables<\/strong>. I tot aix\u00f2 sense oblidar i acceptar que darrera d\u2019aquesta revoluci\u00f3 digital, hi ha un negoci d\u2019empreses i multinacionals que busquen guanyar diners, perqu\u00e8 promocionen els seus productes \u00a0i controlen i manipulen la nostra vida quotidiana.<\/p>\n<blockquote><p><strong>&#8220;Els recursos que ens ofereixen s\u2019han de treballar amb intel\u00b7lig\u00e8ncia, responsabilitat, coneixement i sobretot amb molta prud\u00e8ncia&#8221;\u00a0<\/strong><\/p><\/blockquote>\n<p>Per concloure, vull afegir que cadasc\u00fa de nosaltres som lliures de fer servir el que ens ofereixen les xarxes socials de manera positiva o negativa, per\u00f2 poso especial \u00e8mfasi que els recursos que ens ofereixen s\u2019han de treballar amb intel\u00b7lig\u00e8ncia, responsabilitat, coneixement i sobretot amb molta prud\u00e8ncia. \u00a0A m\u00e9s a m\u00e9s, hem de con\u00e8ixer les regles b\u00e0siques per gaudir d\u2019una conviv\u00e8ncia digital saludable.<\/p>\n<p>Com tot a la vida, l\u2019equilibri \u00a0amb l\u2019\u00fas d\u2019aquests instruments digitals ens poden oferir grans avantatges, nom\u00e9s cal aprofitar-los i fer-ne un \u00fas responsable.<\/p>\n<p>&nbsp;<\/p>\n<p>&nbsp;<\/p>\n<p>.<\/p>\n<p>&nbsp;<\/p>\n<pre><span style=\"color: #0000ff;\">\u00a0<\/span><\/pre>\n","protected":false},"excerpt":{"rendered":"<p>Escrit per Mar Oropesa Garcia<\/p>\n<p><a href=\"https:\/\/agora.xtec.cat\/insbaixamar\/wp-content\/uploads\/usu374\/2020\/10\/unnamed.jpg\"><\/a><\/p>\n<p>Algunes persones consideren que les xarxes socials s\u00f3n fascinants, perqu\u00e8 ens connecten els uns amb els altres; d\u2019altres sostenen que s\u00f3n molt perilloses. Amb l&#8217;opini\u00f3 que tothom est\u00e0 d\u2019acord\u00a0 \u00e9s que\u00a0 aquestes eines han revolucionat l\u2019era digital. Plataformes\u00a0 com: Youtube,&hellip;  <a href=\"https:\/\/agora.xtec.cat\/insbaixamar\/general\/les-xarxes-socials-perilloses-o-fascinants-article-dopinio\/\" title=\"Read Les xarxes socials, perilloses o fascinants (article d&#8217;opini\u00f3)\">Llegeix m\u00e9s\u00bb<\/a><\/p>\n","protected":false},"author":141,"featured_media":5932,"comment_status":"open","ping_status":"closed","sticky":false,"template":"","format":"standard","meta":{"_bbp_topic_count":0,"_bbp_reply_count":0,"_bbp_total_topic_count":0,"_bbp_total_reply_count":0,"_bbp_voice_count":0,"_bbp_anonymous_reply_count":0,"_bbp_topic_count_hidden":0,"_bbp_reply_count_hidden":0,"_bbp_forum_subforum_count":0,"footnotes":""},"categories":[413,1,29,342],"tags":[],"class_list":["post-5931","post","type-post","status-publish","format-standard","has-post-thumbnail","hentry","category-revistacurs_2020-21","category-general","category-portada","category-articles-informatius-redactats-pels-alumnes"],"post_mailing_queue_ids":[],"_links":{"self":[{"href":"https:\/\/agora.xtec.cat\/insbaixamar\/wp-json\/wp\/v2\/posts\/5931","targetHints":{"allow":["GET"]}}],"collection":[{"href":"https:\/\/agora.xtec.cat\/insbaixamar\/wp-json\/wp\/v2\/posts"}],"about":[{"href":"https:\/\/agora.xtec.cat\/insbaixamar\/wp-json\/wp\/v2\/types\/post"}],"author":[{"embeddable":true,"href":"https:\/\/agora.xtec.cat\/insbaixamar\/wp-json\/wp\/v2\/users\/141"}],"replies":[{"embeddable":true,"href":"https:\/\/agora.xtec.cat\/insbaixamar\/wp-json\/wp\/v2\/comments?post=5931"}],"version-history":[{"count":1,"href":"https:\/\/agora.xtec.cat\/insbaixamar\/wp-json\/wp\/v2\/posts\/5931\/revisions"}],"predecessor-version":[{"id":5933,"href":"https:\/\/agora.xtec.cat\/insbaixamar\/wp-json\/wp\/v2\/posts\/5931\/revisions\/5933"}],"wp:featuredmedia":[{"embeddable":true,"href":"https:\/\/agora.xtec.cat\/insbaixamar\/wp-json\/wp\/v2\/media\/5932"}],"wp:attachment":[{"href":"https:\/\/agora.xtec.cat\/insbaixamar\/wp-json\/wp\/v2\/media?parent=5931"}],"wp:term":[{"taxonomy":"category","embeddable":true,"href":"https:\/\/agora.xtec.cat\/insbaixamar\/wp-json\/wp\/v2\/categories?post=5931"},{"taxonomy":"post_tag","embeddable":true,"href":"https:\/\/agora.xtec.cat\/insbaixamar\/wp-json\/wp\/v2\/tags?post=5931"}],"curies":[{"name":"wp","href":"https:\/\/api.w.org\/{rel}","templated":true}]}}