{"id":4334,"date":"2019-06-19T12:34:13","date_gmt":"2019-06-19T10:34:13","guid":{"rendered":"http:\/\/agora.xtec.cat\/insbaixamar\/?p=4334"},"modified":"2019-09-28T22:13:47","modified_gmt":"2019-09-28T20:13:47","slug":"alumnes-de-1r-de-batxillerat-aproven-el-nivell-a2-dalemany","status":"publish","type":"post","link":"https:\/\/agora.xtec.cat\/insbaixamar\/general\/alumnes-de-1r-de-batxillerat-aproven-el-nivell-a2-dalemany\/","title":{"rendered":"Alumnes de 4t d&#8217;ESO i 1r de Batxillerat aproven el nivell A2 d&#8217;alemany"},"content":{"rendered":"<p><a href=\"https:\/\/agora.xtec.cat\/insbaixamar\/wp-content\/uploads\/usu374\/2019\/06\/Captura-de-Pantalla-2019-06-19-a-les-12.03.56.png\"><img loading=\"lazy\" decoding=\"async\" class=\"alignnone size-full wp-image-4335\" src=\"https:\/\/agora.xtec.cat\/insbaixamar\/wp-content\/uploads\/usu374\/2019\/06\/Captura-de-Pantalla-2019-06-19-a-les-12.03.56.png\" alt=\"\" width=\"945\" height=\"705\" srcset=\"https:\/\/agora.xtec.cat\/insbaixamar\/wp-content\/uploads\/usu374\/2019\/06\/Captura-de-Pantalla-2019-06-19-a-les-12.03.56.png 945w, https:\/\/agora.xtec.cat\/insbaixamar\/wp-content\/uploads\/usu374\/2019\/06\/Captura-de-Pantalla-2019-06-19-a-les-12.03.56-300x224.png 300w, https:\/\/agora.xtec.cat\/insbaixamar\/wp-content\/uploads\/usu374\/2019\/06\/Captura-de-Pantalla-2019-06-19-a-les-12.03.56-768x573.png 768w, https:\/\/agora.xtec.cat\/insbaixamar\/wp-content\/uploads\/usu374\/2019\/06\/Captura-de-Pantalla-2019-06-19-a-les-12.03.56-200x150.png 200w\" sizes=\"auto, (max-width: 945px) 100vw, 945px\" \/><\/a><\/p>\n<p>Els alumnes Pol Homs, C\u00e8sar G\u00f3mez, lNat\u00e0lia Mart\u00ed, Insaf Bouchmal, Ainhoa Rovira, Carla Devoto, \u00a0Clara Bernal (a dalt, d&#8217;esquerra a dreta), i la Naiara Lasquibar i Yaiza Serrano (a baix) han aprovat el nivell A2 d&#8217;alemany, atorgat per l&#8217;<a href=\"https:\/\/www.goethe.de\/ins\/es\/ca\/sta\/bcn.html\">Institut Goethe de Barcelona<\/a>.<\/p>\n<p>L&#8217;examen oficial, el van fer el 6 de maig al mateix institut Baix a mar, on van venir els professors del Goethe per examinar els alumnes de 4t d&#8217;ESO i de 1r de Batxillerat.<\/p>\n<p>&#8220;Els resultats van ser molt bons, i assenyalo que tots els alumnes van destacar en la prova oral, perqu\u00e8 hi van obtenir notes que oscil\u00b7len entre el notable i l&#8217;excel\u00b7lent&#8221;, assegura la professora d&#8217;Alemany del Baix a mar Lola Benlloch.<\/p>\n<p>&nbsp;<\/p>\n","protected":false},"excerpt":{"rendered":"<p>Despr\u00e9s de superar l&#8217;examen oficial de nivell A2 d&#8217;alemany, els alumnes ja en tenen el t\u00edtol.&hellip;  <a href=\"https:\/\/agora.xtec.cat\/insbaixamar\/general\/alumnes-de-1r-de-batxillerat-aproven-el-nivell-a2-dalemany\/\" title=\"Read Alumnes de 4t d&#8217;ESO i 1r de Batxillerat aproven el nivell A2 d&#8217;alemany\">Llegeix m\u00e9s\u00bb<\/a><\/p>\n","protected":false},"author":141,"featured_media":4335,"comment_status":"open","ping_status":"closed","sticky":false,"template":"","format":"standard","meta":{"_bbp_topic_count":0,"_bbp_reply_count":0,"_bbp_total_topic_count":0,"_bbp_total_reply_count":0,"_bbp_voice_count":0,"_bbp_anonymous_reply_count":0,"_bbp_topic_count_hidden":0,"_bbp_reply_count_hidden":0,"_bbp_forum_subforum_count":0,"footnotes":""},"categories":[390,1,29,342],"tags":[352,230],"class_list":["post-4334","post","type-post","status-publish","format-standard","has-post-thumbnail","hentry","category-revista_curs_201819","category-general","category-portada","category-articles-informatius-redactats-pels-alumnes","tag-1r-de-batxillerat","tag-alemany"],"post_mailing_queue_ids":[],"_links":{"self":[{"href":"https:\/\/agora.xtec.cat\/insbaixamar\/wp-json\/wp\/v2\/posts\/4334","targetHints":{"allow":["GET"]}}],"collection":[{"href":"https:\/\/agora.xtec.cat\/insbaixamar\/wp-json\/wp\/v2\/posts"}],"about":[{"href":"https:\/\/agora.xtec.cat\/insbaixamar\/wp-json\/wp\/v2\/types\/post"}],"author":[{"embeddable":true,"href":"https:\/\/agora.xtec.cat\/insbaixamar\/wp-json\/wp\/v2\/users\/141"}],"replies":[{"embeddable":true,"href":"https:\/\/agora.xtec.cat\/insbaixamar\/wp-json\/wp\/v2\/comments?post=4334"}],"version-history":[{"count":2,"href":"https:\/\/agora.xtec.cat\/insbaixamar\/wp-json\/wp\/v2\/posts\/4334\/revisions"}],"predecessor-version":[{"id":4337,"href":"https:\/\/agora.xtec.cat\/insbaixamar\/wp-json\/wp\/v2\/posts\/4334\/revisions\/4337"}],"wp:featuredmedia":[{"embeddable":true,"href":"https:\/\/agora.xtec.cat\/insbaixamar\/wp-json\/wp\/v2\/media\/4335"}],"wp:attachment":[{"href":"https:\/\/agora.xtec.cat\/insbaixamar\/wp-json\/wp\/v2\/media?parent=4334"}],"wp:term":[{"taxonomy":"category","embeddable":true,"href":"https:\/\/agora.xtec.cat\/insbaixamar\/wp-json\/wp\/v2\/categories?post=4334"},{"taxonomy":"post_tag","embeddable":true,"href":"https:\/\/agora.xtec.cat\/insbaixamar\/wp-json\/wp\/v2\/tags?post=4334"}],"curies":[{"name":"wp","href":"https:\/\/api.w.org\/{rel}","templated":true}]}}