{"id":4330,"date":"2019-06-18T11:08:41","date_gmt":"2019-06-18T09:08:41","guid":{"rendered":"http:\/\/agora.xtec.cat\/insbaixamar\/?p=4330"},"modified":"2019-09-28T22:13:19","modified_gmt":"2019-09-28T20:13:19","slug":"roger-grau-a-la-mostra1-les-tasques-individuals-acaben-generant-un-acte-gran","status":"publish","type":"post","link":"https:\/\/agora.xtec.cat\/insbaixamar\/general\/roger-grau-a-la-mostra1-les-tasques-individuals-acaben-generant-un-acte-gran\/","title":{"rendered":"Roger Grau: &#8220;A la Mostra1, les tasques individuals acaben\u00a0generant un acte gran&#8221;"},"content":{"rendered":"<div><b>Entrevista feta per \u00c0lex Arroyo<\/b><\/div>\n<div><\/div>\n<div><a href=\"https:\/\/agora.xtec.cat\/insbaixamar\/wp-content\/uploads\/usu374\/2019\/06\/Captura-de-Pantalla-2019-06-18-a-les-11.06.33.png\"><img loading=\"lazy\" decoding=\"async\" class=\"alignnone size-full wp-image-4332\" src=\"https:\/\/agora.xtec.cat\/insbaixamar\/wp-content\/uploads\/usu374\/2019\/06\/Captura-de-Pantalla-2019-06-18-a-les-11.06.33.png\" alt=\"\" width=\"700\" height=\"693\" srcset=\"https:\/\/agora.xtec.cat\/insbaixamar\/wp-content\/uploads\/usu374\/2019\/06\/Captura-de-Pantalla-2019-06-18-a-les-11.06.33.png 700w, https:\/\/agora.xtec.cat\/insbaixamar\/wp-content\/uploads\/usu374\/2019\/06\/Captura-de-Pantalla-2019-06-18-a-les-11.06.33-150x150.png 150w, https:\/\/agora.xtec.cat\/insbaixamar\/wp-content\/uploads\/usu374\/2019\/06\/Captura-de-Pantalla-2019-06-18-a-les-11.06.33-300x297.png 300w\" sizes=\"auto, (max-width: 700px) 100vw, 700px\" \/><\/a><\/div>\n<div><b>\u00a0<\/b><\/div>\n<div><b>\u00a0<\/b><\/div>\n<div><b>\u00a0<\/b><\/div>\n<p><b>1.- Explica&#8217;ns qu\u00e8 t\u00e9 de diferent aquesta &#8216;Mostra1&#8217; (que \u00e9s la 5a), respecte de les anteriors.<\/b><\/p>\n<p>Totes s\u00f3n diferents. Primer, perqu\u00e8 els alumnes s\u00f3n diferents, tot i que l\u2019estructura \u00e9s semblant a la dels altres anys, per\u00f2 cada any les confer\u00e8ncies i les coses que es presenten varien. Tota l&#8217;estructura \u00e9s la mateixa, per\u00f2, clar, cada any, el que aporten els alumnes de cada generaci\u00f3 canvia.<\/p>\n<p><b>2.- Qu\u00e8 destacaries del que aprenen els alumnes fent el treball de s\u00edntesi?<\/b><\/p>\n<p>L\u2019objectiu \u00e9s que aprenguin que la feina de cadasc\u00fa, individualment, o en petit grup, acaba generant un acte que \u00e9s molt gran, i que \u00e9s molt potent. Dit amb altres paraules, m\u00e9s enll\u00e0 del temari concret que cada comissi\u00f3 apr\u00e8n, la de continguts, la de com gestionar una cuina, la de fer de periodista, la de ser capa\u00e7 de produir materials de marxandatge per despr\u00e9s vendre, aprenem que el gra de sorra individual acaba creant un acte molt important i maco.<\/p>\n<p><b>3.- Digues-nos qu\u00e8 t&#8217;agrada m\u00e9s a l\u2019hora de coordinar la &#8216;Mostra1&#8217;.<\/b><\/p>\n<p>No t&#8217;ho sabria dir, i jo aquests dies, la veritat, \u00e9s que m\u2019ho he passat molt b\u00e9. Soc a la comissi\u00f3 de Continguts, per\u00f2 despr\u00e9s tots els profes ho coordinem tot. Ell m\u00e9s interessant, sobretot ara, el dia abans, \u00e9s que esperem que surti molt b\u00e9, com ha anat tot.<\/p>\n<p><b>4.- Sabem que el 19 de juny, el dia de la Mostra1, \u00e9s un dia de molts nervis. Qu\u00e8 recomanaries als alumnes per portar-ho b\u00e9?<\/b><\/p>\n<p>Els diria que els nervis sempre se solucionen treballant. Si tu has treballat i portes la feina al dia, i has fet el que tocava\u2026, doncs, no passar\u00e0 res. Evidentment sempre hi ha nervis, perqu\u00e8 presentar coses davant de persones que no s\u00f3n els teus companys, sin\u00f3 que s\u00f3n els teus familiars, o altres professors, costa, oi? Per\u00f2, sobretot, si tens la feina feta, despr\u00e9s el tema dels nervis \u00e9s m\u00e9s f\u00e0cil de gestionar.<\/p>\n","protected":false},"excerpt":{"rendered":"<p>Entrevistem el professor Roger Grau, que ens explica qu\u00e8 destaca de la Mostra1, el treball de s\u00edntesi de 1r d&#8217;ESO.&hellip;  <a href=\"https:\/\/agora.xtec.cat\/insbaixamar\/general\/roger-grau-a-la-mostra1-les-tasques-individuals-acaben-generant-un-acte-gran\/\" title=\"Read Roger Grau: &#8220;A la Mostra1, les tasques individuals acaben\u00a0generant un acte gran&#8221;\">Llegeix m\u00e9s\u00bb<\/a><\/p>\n","protected":false},"author":141,"featured_media":4331,"comment_status":"open","ping_status":"closed","sticky":false,"template":"","format":"standard","meta":{"_bbp_topic_count":0,"_bbp_reply_count":0,"_bbp_total_topic_count":0,"_bbp_total_reply_count":0,"_bbp_voice_count":0,"_bbp_anonymous_reply_count":0,"_bbp_topic_count_hidden":0,"_bbp_reply_count_hidden":0,"_bbp_forum_subforum_count":0,"footnotes":""},"categories":[390,1,29,342],"tags":[],"class_list":["post-4330","post","type-post","status-publish","format-standard","has-post-thumbnail","hentry","category-revista_curs_201819","category-general","category-portada","category-articles-informatius-redactats-pels-alumnes"],"post_mailing_queue_ids":[],"_links":{"self":[{"href":"https:\/\/agora.xtec.cat\/insbaixamar\/wp-json\/wp\/v2\/posts\/4330","targetHints":{"allow":["GET"]}}],"collection":[{"href":"https:\/\/agora.xtec.cat\/insbaixamar\/wp-json\/wp\/v2\/posts"}],"about":[{"href":"https:\/\/agora.xtec.cat\/insbaixamar\/wp-json\/wp\/v2\/types\/post"}],"author":[{"embeddable":true,"href":"https:\/\/agora.xtec.cat\/insbaixamar\/wp-json\/wp\/v2\/users\/141"}],"replies":[{"embeddable":true,"href":"https:\/\/agora.xtec.cat\/insbaixamar\/wp-json\/wp\/v2\/comments?post=4330"}],"version-history":[{"count":1,"href":"https:\/\/agora.xtec.cat\/insbaixamar\/wp-json\/wp\/v2\/posts\/4330\/revisions"}],"predecessor-version":[{"id":4333,"href":"https:\/\/agora.xtec.cat\/insbaixamar\/wp-json\/wp\/v2\/posts\/4330\/revisions\/4333"}],"wp:featuredmedia":[{"embeddable":true,"href":"https:\/\/agora.xtec.cat\/insbaixamar\/wp-json\/wp\/v2\/media\/4331"}],"wp:attachment":[{"href":"https:\/\/agora.xtec.cat\/insbaixamar\/wp-json\/wp\/v2\/media?parent=4330"}],"wp:term":[{"taxonomy":"category","embeddable":true,"href":"https:\/\/agora.xtec.cat\/insbaixamar\/wp-json\/wp\/v2\/categories?post=4330"},{"taxonomy":"post_tag","embeddable":true,"href":"https:\/\/agora.xtec.cat\/insbaixamar\/wp-json\/wp\/v2\/tags?post=4330"}],"curies":[{"name":"wp","href":"https:\/\/api.w.org\/{rel}","templated":true}]}}