{"id":12014,"date":"2026-09-04T18:28:14","date_gmt":"2026-09-04T16:28:14","guid":{"rendered":"https:\/\/agora.xtec.cat\/insbaixamar\/?p=12014"},"modified":"2026-09-04T23:37:35","modified_gmt":"2026-09-04T21:37:35","slug":"informacio-afa-26-27","status":"publish","type":"post","link":"https:\/\/agora.xtec.cat\/insbaixamar\/general\/informacio-afa-26-27\/","title":{"rendered":"Informaci\u00f3 AFA 26-27"},"content":{"rendered":"<p><span style=\"font-weight: 400;\">Benvolgudes fam\u00edlies,<\/span><\/p>\n<p>&nbsp;<\/p>\n<p><span style=\"font-weight: 400;\">Des de l\u2019associaci\u00f3 de fam\u00edlies (AFA) us donem la benvinguda al curs 2026-27 i, juntament amb la quota de l\u2019associaci\u00f3 (25\u20ac per fam\u00edlia i any) us fem arribar tres informacions d&#8217;inter\u00e8s:<\/span><\/p>\n<p>&nbsp;<\/p>\n<ul>\n<li aria-level=\"1\"><b>ASSEMBLEA GENERAL DE FAM\u00cdLIES:\u00a0<\/b><\/li>\n<\/ul>\n<p><span style=\"font-weight: 400;\">\u00c9s molt important la vostra assist\u00e8ncia i participaci\u00f3 a la propera assemblea general per constituir un nou equip de tres persones (m\u00ednim) que gestioni l\u2019entitat i li doni continu\u00eftat als projectes.<\/span><\/p>\n<p><span style=\"font-weight: 400;\">Data i hora: <\/span><b>dijous 17 de setembre, 18:30h<\/b><\/p>\n<p><span style=\"font-weight: 400;\">Lloc: Pati Institut Baix a Mar<\/span><\/p>\n<p><span style=\"font-weight: 400;\">Ordre del dia::<\/span><\/p>\n<ul>\n<li style=\"font-weight: 400;\" aria-level=\"1\"><span style=\"font-weight: 400;\">Resum de comptes<\/span><\/li>\n<li style=\"font-weight: 400;\" aria-level=\"1\"><span style=\"font-weight: 400;\">Formalitzaci\u00f3 dimissions equip anterior<\/span><\/li>\n<li style=\"font-weight: 400;\" aria-level=\"1\"><span style=\"font-weight: 400;\">Eleccions nova junta directiva<\/span><\/li>\n<li style=\"font-weight: 400;\" aria-level=\"1\"><span style=\"font-weight: 400;\">Torn obert de paraula<\/span><\/li>\n<\/ul>\n<p>&nbsp;<\/p>\n<ul>\n<li aria-level=\"1\"><b>SOL\u00b7LICITUD D\u2019ARMARIETS (taquilles)<\/b><\/li>\n<\/ul>\n<p><span style=\"font-weight: 400;\">Aquest curs 2026-2027 l\u2019AFA s\u2019encarrega de la gesti\u00f3 del lloguer dels armariets del centre. Per accedir al lloguer us adjuntem un enlla\u00e7 al formulari de sol\u00b7licitud i tamb\u00e9 un altre enlla\u00e7 amb la informaci\u00f3 del funcionament. IMPORTANT! Recordeu retornar les claus del curs anterior a secretaria durant la primera setmana d\u2019aquest curs.<\/span><\/p>\n<p><span style=\"font-weight: 400;\">Funcionament:<\/span><\/p>\n<p><a href=\"https:\/\/drive.google.com\/file\/d\/1B-OSbx2MaG9ssoYmLLrqLMmwg7gfV8Cl\/view?usp=sharing\"><span style=\"font-weight: 400;\">https:\/\/drive.google.com\/file\/d\/1B-OSbx2MaG9ssoYmLLrqLMmwg7gfV8Cl\/view?usp=sharing<\/span><\/a><\/p>\n<p>&nbsp;<\/p>\n<p><span style=\"font-weight: 400;\">Sol\u00b7licitud:<\/span><\/p>\n<p><a href=\"https:\/\/forms.gle\/AYTRNQyP5QmymYZq5\"><span style=\"font-weight: 400;\">https:\/\/forms.gle\/AYTRNQyP5QmymYZq5<\/span><\/a><\/p>\n<p>&nbsp;<\/p>\n<ul>\n<li aria-level=\"1\"><b>COMUNITAT DE WHATSAPP DE FAM\u00cdLIES<\/b><\/li>\n<\/ul>\n<p><span style=\"font-weight: 400;\">Us recordem que podeu accedir a la comunitat de whatsapp de fam\u00edlies del Baix a Mar a trav\u00e9s del seg\u00fcent enlla\u00e7:<\/span><\/p>\n<p><a href=\"https:\/\/chat.whatsapp.com\/KSYNxiyJfqm4FphG3YeHEQ\"><span style=\"font-weight: 400;\">https:\/\/chat.whatsapp.com\/KSYNxiyJfqm4FphG3YeHEQ<\/span><\/a><\/p>\n<p>&nbsp;<\/p>\n<p><span style=\"font-weight: 400;\">Per a m\u00e9s informaci\u00f3, podeu contactar-nos a <\/span><a href=\"mailto:ampa@iesbaixamar.com\"><span style=\"font-weight: 400;\">ampa@iesbaixamar.com<\/span><\/a><\/p>\n<p>&nbsp;<\/p>\n<p><span style=\"font-weight: 400;\">Aprofitem per donar una especial benvinguda a les fam\u00edlies noves i per animar-vos a participar activament en l\u2019AFA i la vida del centre.<\/span><\/p>\n<p>&nbsp;<\/p>\n<p><span style=\"font-weight: 400;\">Cordialment,<\/span><\/p>\n<p>&nbsp;<\/p>\n<p><span style=\"font-weight: 400;\">Junta de l\u2019AFA<\/span><\/p>\n<p><span style=\"font-weight: 400;\">Institut Baix a Mar<\/span><\/p>\n","protected":false},"excerpt":{"rendered":"<p>L&#8217;AFA us dona la benvinguda i convoca a totes les fam\u00edlies a l&#8217;assemblea d&#8217;inici de curs. Informaci\u00f3 quota i servei de lloguer d&#8217;armariets ja disponible.&hellip;  <a href=\"https:\/\/agora.xtec.cat\/insbaixamar\/general\/informacio-afa-26-27\/\" title=\"Read Informaci\u00f3 AFA 26-27\">Llegeix m\u00e9s\u00bb<\/a><\/p>\n","protected":false},"author":77,"featured_media":12017,"comment_status":"open","ping_status":"open","sticky":false,"template":"","format":"standard","meta":{"_bbp_topic_count":0,"_bbp_reply_count":0,"_bbp_total_topic_count":0,"_bbp_total_reply_count":0,"_bbp_voice_count":0,"_bbp_anonymous_reply_count":0,"_bbp_topic_count_hidden":0,"_bbp_reply_count_hidden":0,"_bbp_forum_subforum_count":0,"footnotes":""},"categories":[454,31,1,29],"tags":[441,457,440],"class_list":["post-12014","post","type-post","status-publish","format-standard","has-post-thumbnail","hentry","category-afa-2","category-afa","category-general","category-portada","tag-afa","tag-armariets","tag-families"],"post_mailing_queue_ids":[],"_links":{"self":[{"href":"https:\/\/agora.xtec.cat\/insbaixamar\/wp-json\/wp\/v2\/posts\/12014","targetHints":{"allow":["GET"]}}],"collection":[{"href":"https:\/\/agora.xtec.cat\/insbaixamar\/wp-json\/wp\/v2\/posts"}],"about":[{"href":"https:\/\/agora.xtec.cat\/insbaixamar\/wp-json\/wp\/v2\/types\/post"}],"author":[{"embeddable":true,"href":"https:\/\/agora.xtec.cat\/insbaixamar\/wp-json\/wp\/v2\/users\/77"}],"replies":[{"embeddable":true,"href":"https:\/\/agora.xtec.cat\/insbaixamar\/wp-json\/wp\/v2\/comments?post=12014"}],"version-history":[{"count":2,"href":"https:\/\/agora.xtec.cat\/insbaixamar\/wp-json\/wp\/v2\/posts\/12014\/revisions"}],"predecessor-version":[{"id":12018,"href":"https:\/\/agora.xtec.cat\/insbaixamar\/wp-json\/wp\/v2\/posts\/12014\/revisions\/12018"}],"wp:featuredmedia":[{"embeddable":true,"href":"https:\/\/agora.xtec.cat\/insbaixamar\/wp-json\/wp\/v2\/media\/12017"}],"wp:attachment":[{"href":"https:\/\/agora.xtec.cat\/insbaixamar\/wp-json\/wp\/v2\/media?parent=12014"}],"wp:term":[{"taxonomy":"category","embeddable":true,"href":"https:\/\/agora.xtec.cat\/insbaixamar\/wp-json\/wp\/v2\/categories?post=12014"},{"taxonomy":"post_tag","embeddable":true,"href":"https:\/\/agora.xtec.cat\/insbaixamar\/wp-json\/wp\/v2\/tags?post=12014"}],"curies":[{"name":"wp","href":"https:\/\/api.w.org\/{rel}","templated":true}]}}