{"id":11526,"date":"2026-04-17T10:52:43","date_gmt":"2026-04-17T08:52:43","guid":{"rendered":"https:\/\/agora.xtec.cat\/insbaixamar\/?p=11526"},"modified":"2026-04-17T10:52:43","modified_gmt":"2026-04-17T08:52:43","slug":"la-infravalorada-tarragona","status":"publish","type":"post","link":"https:\/\/agora.xtec.cat\/insbaixamar\/articles-informatius-redactats-pels-alumnes\/2025-26\/la-infravalorada-tarragona\/","title":{"rendered":"La infravalorada Tarragona"},"content":{"rendered":"<p style=\"text-align: right;\">Autor: <strong>Mario Lomel\u00ed<\/strong><\/p>\n<p><span style=\"font-weight: 400;\">Tarragona, la capital de la prov\u00edncia del Tarragon\u00e9s. Un lloc molt infravalorat de Catalunya.\u00a0<\/span><\/p>\n<p><a href=\"https:\/\/agora.xtec.cat\/insbaixamar\/wp-content\/uploads\/usu374\/2026\/04\/que_fer_visitar_tarragona-12-1.jpg\"><img loading=\"lazy\" decoding=\"async\" class=\"aligncenter size-large wp-image-11527\" src=\"https:\/\/agora.xtec.cat\/insbaixamar\/wp-content\/uploads\/usu374\/2026\/04\/que_fer_visitar_tarragona-12-1-1024x683.jpg\" alt=\"\" width=\"1024\" height=\"683\" srcset=\"https:\/\/agora.xtec.cat\/insbaixamar\/wp-content\/uploads\/usu374\/2026\/04\/que_fer_visitar_tarragona-12-1-1024x683.jpg 1024w, https:\/\/agora.xtec.cat\/insbaixamar\/wp-content\/uploads\/usu374\/2026\/04\/que_fer_visitar_tarragona-12-1-300x200.jpg 300w, https:\/\/agora.xtec.cat\/insbaixamar\/wp-content\/uploads\/usu374\/2026\/04\/que_fer_visitar_tarragona-12-1-768x512.jpg 768w, https:\/\/agora.xtec.cat\/insbaixamar\/wp-content\/uploads\/usu374\/2026\/04\/que_fer_visitar_tarragona-12-1-1536x1024.jpg 1536w, https:\/\/agora.xtec.cat\/insbaixamar\/wp-content\/uploads\/usu374\/2026\/04\/que_fer_visitar_tarragona-12-1.jpg 1620w\" sizes=\"auto, (max-width: 1024px) 100vw, 1024px\" \/><\/a><\/p>\n<p><span style=\"font-weight: 400;\">Tarragona \u00e9s una ciutat que sovint rep menys atenci\u00f3 de la que mereix perqu\u00e8 aquesta est\u00e0 molt a prop de Barcelona. Tot i aix\u00f2, \u00e9s una de les capitals m\u00e9s rellevants de la pen\u00ednsula pel seu patrimoni hist\u00f2ric i la seva oferta educativa especialitzada. La ciutat destaca principalment per haver conservat l&#8217;antiga estructura romana de T\u00e0rraco dins del seu teixit urb\u00e0 actual, cosa que li va valdre el reconeixement de patrimoni de la humanitat per la UNESCO l&#8217;any 2000.<\/span><\/p>\n<p>&nbsp;<\/p>\n<p><span style=\"font-weight: 400;\">A nivell monumental, l&#8217;inter\u00e8s se centra en el conjunt arqueol\u00f2gic que inclou l&#8217;amfiteatre, situat a tocar de la costa, el circ rom\u00e0, les muralles i el f\u00f2rum provincial. A difer\u00e8ncia d&#8217;altres ciutats on les runes estan a\u00efllades, a Tarragona els monuments estan integrats a la Part Alta, el barri antic on tamb\u00e9 es troba la Catedral de Santa Tecla, un edifici que combina l&#8217;estil rom\u00e0nic i el g\u00f2tic. A part de la hist\u00f2ria antiga, la ciutat t\u00e9 un barri mariner, el Serrallo, on es concentra l&#8217;activitat pesquera i una oferta gastron\u00f2mica basada en el producte del mar, i un litoral amb platges que mantenen un entorn natural poc urbanitzat, com la Platja Llarga.<\/span><\/p>\n<p><a href=\"https:\/\/agora.xtec.cat\/insbaixamar\/wp-content\/uploads\/usu374\/2026\/04\/TArragona.webp\"><img loading=\"lazy\" decoding=\"async\" class=\"aligncenter size-large wp-image-11528\" src=\"https:\/\/agora.xtec.cat\/insbaixamar\/wp-content\/uploads\/usu374\/2026\/04\/TArragona-1024x683.webp\" alt=\"\" width=\"1024\" height=\"683\" srcset=\"https:\/\/agora.xtec.cat\/insbaixamar\/wp-content\/uploads\/usu374\/2026\/04\/TArragona-1024x683.webp 1024w, https:\/\/agora.xtec.cat\/insbaixamar\/wp-content\/uploads\/usu374\/2026\/04\/TArragona-300x200.webp 300w, https:\/\/agora.xtec.cat\/insbaixamar\/wp-content\/uploads\/usu374\/2026\/04\/TArragona-768x512.webp 768w, https:\/\/agora.xtec.cat\/insbaixamar\/wp-content\/uploads\/usu374\/2026\/04\/TArragona-1536x1024.webp 1536w, https:\/\/agora.xtec.cat\/insbaixamar\/wp-content\/uploads\/usu374\/2026\/04\/TArragona.webp 1600w\" sizes=\"auto, (max-width: 1024px) 100vw, 1024px\" \/><\/a><\/p>\n<p><span style=\"font-weight: 400;\">Pel que fa a la formaci\u00f3, Tarragona t\u00e9 la Universitat Rovira i Virgili (URV), un institut amb una oferta acad\u00e8mica molt lligada a economia. Els estudis m\u00e9s destacats s\u00f3n els de Qu\u00edmica i Enginyeria Qu\u00edmica, la URV, a m\u00e9s ofereix graus en Arqueologia i Hist\u00f2ria, que utilitzen els jaciments de la ciutat com a camp de treball real, i estudis en l&#8217;\u00e0mbit del Turisme i la Geografia.\u00a0<\/span><\/p>\n<p><span style=\"font-weight: 400;\">En definitiva, Tarragona \u00e9s un lloc que passa desapercebut a causa de la seva proximitat amb Barcelona. Realment val molt la pena per visitar i fins i tot per estudiar. Des de la revista digital et convidem a visitar Tarragona!<\/span><\/p>\n<p>&nbsp;<\/p>\n","protected":false},"excerpt":{"rendered":"<p>Autor: Mario Lomel\u00ed<br \/>\nTarragona, la capital de la prov\u00edncia del Tarragon\u00e9s. Un lloc molt infravalorat de Catalunya.\u00a0<br \/>\n<a href=\"https:\/\/agora.xtec.cat\/insbaixamar\/wp-content\/uploads\/usu374\/2026\/04\/que_fer_visitar_tarragona-12-1.jpg\"><\/a><br \/>\nTarragona \u00e9s una ciutat que sovint rep menys atenci\u00f3 de la que mereix perqu\u00e8 aquesta est\u00e0 molt a prop de Barcelona. Tot i aix\u00f2, \u00e9s una de les capitals&hellip;  <a href=\"https:\/\/agora.xtec.cat\/insbaixamar\/articles-informatius-redactats-pels-alumnes\/2025-26\/la-infravalorada-tarragona\/\" title=\"Read La infravalorada Tarragona\">Llegeix m\u00e9s\u00bb<\/a><\/p>\n","protected":false},"author":141,"featured_media":11527,"comment_status":"open","ping_status":"open","sticky":false,"template":"","format":"standard","meta":{"_bbp_topic_count":0,"_bbp_reply_count":0,"_bbp_total_topic_count":0,"_bbp_total_reply_count":0,"_bbp_voice_count":0,"_bbp_anonymous_reply_count":0,"_bbp_topic_count_hidden":0,"_bbp_reply_count_hidden":0,"_bbp_forum_subforum_count":0,"footnotes":""},"categories":[453],"tags":[],"class_list":["post-11526","post","type-post","status-publish","format-standard","has-post-thumbnail","hentry","category-2025-26"],"post_mailing_queue_ids":[],"_links":{"self":[{"href":"https:\/\/agora.xtec.cat\/insbaixamar\/wp-json\/wp\/v2\/posts\/11526","targetHints":{"allow":["GET"]}}],"collection":[{"href":"https:\/\/agora.xtec.cat\/insbaixamar\/wp-json\/wp\/v2\/posts"}],"about":[{"href":"https:\/\/agora.xtec.cat\/insbaixamar\/wp-json\/wp\/v2\/types\/post"}],"author":[{"embeddable":true,"href":"https:\/\/agora.xtec.cat\/insbaixamar\/wp-json\/wp\/v2\/users\/141"}],"replies":[{"embeddable":true,"href":"https:\/\/agora.xtec.cat\/insbaixamar\/wp-json\/wp\/v2\/comments?post=11526"}],"version-history":[{"count":2,"href":"https:\/\/agora.xtec.cat\/insbaixamar\/wp-json\/wp\/v2\/posts\/11526\/revisions"}],"predecessor-version":[{"id":11530,"href":"https:\/\/agora.xtec.cat\/insbaixamar\/wp-json\/wp\/v2\/posts\/11526\/revisions\/11530"}],"wp:featuredmedia":[{"embeddable":true,"href":"https:\/\/agora.xtec.cat\/insbaixamar\/wp-json\/wp\/v2\/media\/11527"}],"wp:attachment":[{"href":"https:\/\/agora.xtec.cat\/insbaixamar\/wp-json\/wp\/v2\/media?parent=11526"}],"wp:term":[{"taxonomy":"category","embeddable":true,"href":"https:\/\/agora.xtec.cat\/insbaixamar\/wp-json\/wp\/v2\/categories?post=11526"},{"taxonomy":"post_tag","embeddable":true,"href":"https:\/\/agora.xtec.cat\/insbaixamar\/wp-json\/wp\/v2\/tags?post=11526"}],"curies":[{"name":"wp","href":"https:\/\/api.w.org\/{rel}","templated":true}]}}