{"id":9945,"date":"2024-05-23T17:30:24","date_gmt":"2024-05-23T15:30:24","guid":{"rendered":"https:\/\/agora.xtec.cat\/insbadiaimargarit\/?p=9945"},"modified":"2024-05-27T10:14:53","modified_gmt":"2024-05-27T08:14:53","slug":"gaudim-de-sant-jordi-al-badia-i-margarit-2","status":"publish","type":"post","link":"https:\/\/agora.xtec.cat\/insbadiaimargarit\/general\/gaudim-de-sant-jordi-al-badia-i-margarit-2\/","title":{"rendered":"Gaudim de Sant Jordi al Badia i Margarit"},"content":{"rendered":"<p>&nbsp;<\/p>\n<p><span style=\"font-weight: 400;\"><a href=\"https:\/\/agora.xtec.cat\/insbadiaimargarit\/wp-content\/uploads\/usu348\/2024\/05\/IMG_7464-scaled.jpg\"><img loading=\"lazy\" decoding=\"async\" class=\"alignnone size-thumbnail wp-image-9956\" src=\"https:\/\/agora.xtec.cat\/insbadiaimargarit\/wp-content\/uploads\/usu348\/2024\/05\/IMG_7464-150x150.jpg\" alt=\"\" width=\"150\" height=\"150\" \/><\/a><a href=\"https:\/\/agora.xtec.cat\/insbadiaimargarit\/wp-content\/uploads\/usu348\/2024\/05\/IMG_20240423_130250-scaled.jpg\"><img loading=\"lazy\" decoding=\"async\" class=\"alignnone size-thumbnail wp-image-9957\" src=\"https:\/\/agora.xtec.cat\/insbadiaimargarit\/wp-content\/uploads\/usu348\/2024\/05\/IMG_20240423_130250-150x150.jpg\" alt=\"\" width=\"150\" height=\"150\" \/><\/a><\/span><\/p>\n<p><span style=\"font-weight: 400;\">El passat 23 d\u2019abril es va celebrar la diada de Sant Jordi a l\u2019Institut Badia i Margarit<\/span><span style=\"font-weight: 400;\">\u00a0amb diverses activitats.\u00a0<\/span><\/p>\n<p><span style=\"font-weight: 400;\">Durant tot el mat\u00ed, els estudiants van realitzar tallers de tota mena: l\u2019alumnat de 2n, 3r i 4t d\u2019ESO van fer una lectura dramatitzada de l\u2019adaptaci\u00f3 teatral <\/span><i><span style=\"font-weight: 400;\">El retorn d\u2019Odisseu<\/span><\/i><span style=\"font-weight: 400;\"> que representaran els alumnes de teatre, el mes de juny al Teatre de l\u2019Ateneu. Els alumnes de 1r d\u2019ESO van fer un taller de Braille, tamb\u00e9 es va dur a terme una activitat de m\u00e0scares per al projecte educatiu \u201cFem \u00d2pera!\u201d, ja que 1r d\u2019ESO participaran en un espectacle musical d\u2019aquesta obra; a 3r i 4t d\u2019ESO van fer les activitats\u00a0 \u201cEl Gran Dictat\u201d i \u201cJuegos de letras\u201d. A m\u00e9s, dues alumnes de 1r de Batxillerat, la Jua Robert i la Laia Navarro, van organitzar un taller de danses tradicionals i folk per als alumnes de 2n d\u2019ESO.<\/span><\/p>\n<p><span style=\"font-weight: 400;\">A la una del migdia es va fer el lliurament de premis del certamen literari, presentat per 4 alumnes de 2n de Batxillerat, en el qual es feia un reconeixement a les millors obres escrites pels alumnes de cada nivell i s\u2019atorgava als guanyadors un val de 15 euros, bescanviables per llibres de lectura. El departament de Visual i Pl\u00e0stica va donar premis a les millors il\u00b7lustracions, que seran la portada de l\u2019agenda del curs i dels documents de centre del curs vinent.<\/span><\/p>\n<p><span style=\"font-weight: 400;\">L\u2019import total dels premis va ser de 435\u20ac gr\u00e0cies a les aportacions dels socis de l\u2019AMPA.\u00a0<\/span><\/p>\n<p><span style=\"font-weight: 400;\">Els professors guanyadors del Joc especial de Sant Jordi tamb\u00e9 van rebre un obsequi.\u00a0<\/span><\/p>\n<p><span style=\"font-weight: 400;\">En aquest certamen tamb\u00e9 hi van haver recitacions i actuacions de m\u00fasica i dansa, que van ser: can\u00e7ons de \u201cCom Sona l\u2019ESO\u201d per part dels alumnes de 3r, la lectura d\u2019un fragment literari amb el qual el D\u00eddac Grados (1r d\u2019ESO) i Mamady Soumah, Jan Aguilera i Roc Mestre (4t d\u2019ESO) van participar en el Certamen de Lectura en Veu Alta, coreografies d\u2019 alumnes de l\u2019optativa de Dansa de 1r i 2n d\u2019ESO i una mostra de declamaci\u00f3 en franc\u00e8s de les alumnes Iana Boinstean i Wissal el Koudye. Finalment, l\u2019alumnat de 1r d\u2019ESO va tancar la celebraci\u00f3 amb una actuaci\u00f3 d\u2019un recull de can\u00e7ons que estan preparant per al projecte \u201cFem \u00d2pera\u201d.\u00a0<\/span><\/p>\n<p><span style=\"font-weight: 400;\">Aquesta diada va fer viure la literatura i l\u2019esperit de Sant Jordi a tot el centre.\u00a0<\/span><\/p>\n<p>Podeu veure&#8217;n el v\u00eddeo al seg\u00fcent enlla\u00e7:\u00a0<strong><a href=\"https:\/\/youtu.be\/Sv-VYuLVAbU\" target=\"_blank\" rel=\"noopener\">V\u00cdDEO SANT JORDI 2024 Institut Badia i Margarit<\/a><\/strong><\/p>\n<p>&nbsp;<\/p>\n","protected":false},"excerpt":{"rendered":"<p>El passat 23 d\u2019abril es va celebrar la diada de Sant Jordi a l\u2019Institut Badia i Margarit\u00a0amb diverses activitats.\u00a0&hellip;  <a href=\"https:\/\/agora.xtec.cat\/insbadiaimargarit\/general\/gaudim-de-sant-jordi-al-badia-i-margarit-2\/\" title=\"Read Gaudim de Sant Jordi al Badia i Margarit\">Llegeix m\u00e9s\u00bb<\/a><\/p>\n","protected":false},"author":2,"featured_media":9955,"comment_status":"closed","ping_status":"closed","sticky":false,"template":"","format":"standard","meta":{"_bbp_topic_count":0,"_bbp_reply_count":0,"_bbp_total_topic_count":0,"_bbp_total_reply_count":0,"_bbp_voice_count":0,"_bbp_anonymous_reply_count":0,"_bbp_topic_count_hidden":0,"_bbp_reply_count_hidden":0,"_bbp_forum_subforum_count":0,"footnotes":""},"categories":[218,3,1,110,29],"tags":[351,91,124],"class_list":["post-9945","post","type-post","status-publish","format-standard","has-post-thumbnail","hentry","category-batillerat","category-eso","category-general","category-teatre","category-portada","tag-curs-2023-24","tag-dies-tematics","tag-projecte-educatiu"],"post_mailing_queue_ids":[],"_links":{"self":[{"href":"https:\/\/agora.xtec.cat\/insbadiaimargarit\/wp-json\/wp\/v2\/posts\/9945","targetHints":{"allow":["GET"]}}],"collection":[{"href":"https:\/\/agora.xtec.cat\/insbadiaimargarit\/wp-json\/wp\/v2\/posts"}],"about":[{"href":"https:\/\/agora.xtec.cat\/insbadiaimargarit\/wp-json\/wp\/v2\/types\/post"}],"author":[{"embeddable":true,"href":"https:\/\/agora.xtec.cat\/insbadiaimargarit\/wp-json\/wp\/v2\/users\/2"}],"replies":[{"embeddable":true,"href":"https:\/\/agora.xtec.cat\/insbadiaimargarit\/wp-json\/wp\/v2\/comments?post=9945"}],"version-history":[{"count":6,"href":"https:\/\/agora.xtec.cat\/insbadiaimargarit\/wp-json\/wp\/v2\/posts\/9945\/revisions"}],"predecessor-version":[{"id":10009,"href":"https:\/\/agora.xtec.cat\/insbadiaimargarit\/wp-json\/wp\/v2\/posts\/9945\/revisions\/10009"}],"wp:featuredmedia":[{"embeddable":true,"href":"https:\/\/agora.xtec.cat\/insbadiaimargarit\/wp-json\/wp\/v2\/media\/9955"}],"wp:attachment":[{"href":"https:\/\/agora.xtec.cat\/insbadiaimargarit\/wp-json\/wp\/v2\/media?parent=9945"}],"wp:term":[{"taxonomy":"category","embeddable":true,"href":"https:\/\/agora.xtec.cat\/insbadiaimargarit\/wp-json\/wp\/v2\/categories?post=9945"},{"taxonomy":"post_tag","embeddable":true,"href":"https:\/\/agora.xtec.cat\/insbadiaimargarit\/wp-json\/wp\/v2\/tags?post=9945"}],"curies":[{"name":"wp","href":"https:\/\/api.w.org\/{rel}","templated":true}]}}