{"id":9885,"date":"2024-05-10T09:04:02","date_gmt":"2024-05-10T07:04:02","guid":{"rendered":"https:\/\/agora.xtec.cat\/insbadiaimargarit\/?p=9885"},"modified":"2024-05-10T09:04:02","modified_gmt":"2024-05-10T07:04:02","slug":"dilluns-13-de-maig-celebrem-el-dia-deuropa","status":"publish","type":"post","link":"https:\/\/agora.xtec.cat\/insbadiaimargarit\/eso\/dilluns-13-de-maig-celebrem-el-dia-deuropa\/","title":{"rendered":"Dilluns 13 de maig, celebrem el Dia d&#8217;Europa"},"content":{"rendered":"<p>Un any m\u00e9s, celebrarem el Dia d&#8217;Europa, amb noves activitats i amb el cl\u00e0ssic mercat de pa\u00efsos organitzat pels alumnes de tercer d&#8217;eso.<\/p>\n<p>Aqu\u00ed us deixem el programa de la jornada que esperem sigui molt profitosa i interessant per a tothom:<\/p>\n<p><a href=\"https:\/\/agora.xtec.cat\/insbadiaimargarit\/wp-content\/uploads\/usu348\/2024\/05\/DIA-DEUROPA_imatge.jpg\"><img loading=\"lazy\" decoding=\"async\" class=\"alignnone size-full wp-image-9886\" src=\"https:\/\/agora.xtec.cat\/insbadiaimargarit\/wp-content\/uploads\/usu348\/2024\/05\/DIA-DEUROPA_imatge.jpg\" alt=\"\" width=\"580\" height=\"820\" srcset=\"https:\/\/agora.xtec.cat\/insbadiaimargarit\/wp-content\/uploads\/usu348\/2024\/05\/DIA-DEUROPA_imatge.jpg 580w, https:\/\/agora.xtec.cat\/insbadiaimargarit\/wp-content\/uploads\/usu348\/2024\/05\/DIA-DEUROPA_imatge-212x300.jpg 212w\" sizes=\"auto, (max-width: 580px) 100vw, 580px\" \/><\/a><\/p>\n<p>&nbsp;<\/p>\n","protected":false},"excerpt":{"rendered":"<p>Un any m\u00e9s, celebrarem el Dia d&#8217;Europa, amb noves activitats i amb el cl\u00e0ssic mercat de pa\u00efsos organitzat pels alumnes de tercer d&#8217;eso.<br \/>\nAqu\u00ed us deixem el programa de la jornada que esperem sigui molt profitosa i interessant per a tothom:<br \/>\n<a href=\"https:\/\/agora.xtec.cat\/insbadiaimargarit\/wp-content\/uploads\/usu348\/2024\/05\/DIA-DEUROPA_imatge.jpg\"><\/a><br \/>\n&nbsp;<\/p>\n","protected":false},"author":149,"featured_media":9888,"comment_status":"closed","ping_status":"closed","sticky":false,"template":"","format":"standard","meta":{"_bbp_topic_count":0,"_bbp_reply_count":0,"_bbp_total_topic_count":0,"_bbp_total_reply_count":0,"_bbp_voice_count":0,"_bbp_anonymous_reply_count":0,"_bbp_topic_count_hidden":0,"_bbp_reply_count_hidden":0,"_bbp_forum_subforum_count":0,"footnotes":""},"categories":[218,312,3,354,29],"tags":[351,91,187,157,124],"class_list":["post-9885","post","type-post","status-publish","format-standard","has-post-thumbnail","hentry","category-batillerat","category-escoles-ambaixadores-parlament-europeu","category-eso","category-formacio-professional","category-portada","tag-curs-2023-24","tag-dies-tematics","tag-eso","tag-europe","tag-projecte-educatiu"],"post_mailing_queue_ids":[],"_links":{"self":[{"href":"https:\/\/agora.xtec.cat\/insbadiaimargarit\/wp-json\/wp\/v2\/posts\/9885","targetHints":{"allow":["GET"]}}],"collection":[{"href":"https:\/\/agora.xtec.cat\/insbadiaimargarit\/wp-json\/wp\/v2\/posts"}],"about":[{"href":"https:\/\/agora.xtec.cat\/insbadiaimargarit\/wp-json\/wp\/v2\/types\/post"}],"author":[{"embeddable":true,"href":"https:\/\/agora.xtec.cat\/insbadiaimargarit\/wp-json\/wp\/v2\/users\/149"}],"replies":[{"embeddable":true,"href":"https:\/\/agora.xtec.cat\/insbadiaimargarit\/wp-json\/wp\/v2\/comments?post=9885"}],"version-history":[{"count":1,"href":"https:\/\/agora.xtec.cat\/insbadiaimargarit\/wp-json\/wp\/v2\/posts\/9885\/revisions"}],"predecessor-version":[{"id":9887,"href":"https:\/\/agora.xtec.cat\/insbadiaimargarit\/wp-json\/wp\/v2\/posts\/9885\/revisions\/9887"}],"wp:featuredmedia":[{"embeddable":true,"href":"https:\/\/agora.xtec.cat\/insbadiaimargarit\/wp-json\/wp\/v2\/media\/9888"}],"wp:attachment":[{"href":"https:\/\/agora.xtec.cat\/insbadiaimargarit\/wp-json\/wp\/v2\/media?parent=9885"}],"wp:term":[{"taxonomy":"category","embeddable":true,"href":"https:\/\/agora.xtec.cat\/insbadiaimargarit\/wp-json\/wp\/v2\/categories?post=9885"},{"taxonomy":"post_tag","embeddable":true,"href":"https:\/\/agora.xtec.cat\/insbadiaimargarit\/wp-json\/wp\/v2\/tags?post=9885"}],"curies":[{"name":"wp","href":"https:\/\/api.w.org\/{rel}","templated":true}]}}