{"id":9293,"date":"2023-11-02T08:59:20","date_gmt":"2023-11-02T07:59:20","guid":{"rendered":"https:\/\/agora.xtec.cat\/insbadiaimargarit\/?p=9293"},"modified":"2023-11-02T08:59:20","modified_gmt":"2023-11-02T07:59:20","slug":"ivette-tarrida-des-de-la-comissio-europea-al-bim","status":"publish","type":"post","link":"https:\/\/agora.xtec.cat\/insbadiaimargarit\/portada\/ivette-tarrida-des-de-la-comissio-europea-al-bim\/","title":{"rendered":"Ivette Tarrida, des de la Comissi\u00f3 Europea al BiM"},"content":{"rendered":"<p>Ivette Tarrida torna a la seva ciutat natal.<\/p>\n<p>El passat 26 d&#8217;octubre ens va visitar la Ivette Tarrida en el marc del projecte &#8220;Back to school&#8221; promogut per la Comissi\u00f3 Europea. La proposta &#8220;Back to school&#8221; consisteix en la visita dels funcionaris europeus de la Comissi\u00f3 a les escoles en les quals havien estudiat per explicar el funcionament de la Uni\u00f3 Europea i parlar de les seves institucions com a una sortida laboral. Evidentment, la Ivette no va estudiar al nostre institut perqu\u00e8 encara no existia, per\u00f2 ens ha volgut visitar gr\u00e0cies al programa d\u2019Escoles Ambaixadores del Parlament Europeu.<\/p>\n<p><a href=\"https:\/\/agora.xtec.cat\/insbadiaimargarit\/wp-content\/uploads\/usu348\/2023\/11\/foto_1.jpg\"><img loading=\"lazy\" decoding=\"async\" class=\"alignnone size-full wp-image-9294\" src=\"https:\/\/agora.xtec.cat\/insbadiaimargarit\/wp-content\/uploads\/usu348\/2023\/11\/foto_1.jpg\" alt=\"\" width=\"400\" height=\"225\" srcset=\"https:\/\/agora.xtec.cat\/insbadiaimargarit\/wp-content\/uploads\/usu348\/2023\/11\/foto_1.jpg 400w, https:\/\/agora.xtec.cat\/insbadiaimargarit\/wp-content\/uploads\/usu348\/2023\/11\/foto_1-300x169.jpg 300w\" sizes=\"auto, (max-width: 400px) 100vw, 400px\" \/><\/a><\/p>\n<p>La visita va anar dirigida als alumnes de 4t d\u2019eso, 1r de batxillerat i 2n de batxillerat. La xerrada va comen\u00e7ar amb una introducci\u00f3 a la UE i les seves institucions, particularment sobre quines decisions es prenen i com es prenen. A continuaci\u00f3, ens va presentar de manera detallada la Comissi\u00f3 Europea i les seves funcions i concretament sobre les tasques de la secci\u00f3 de protecci\u00f3 civil i ajuda humanit\u00e0ria, departament on ella treballa. Vam trobar molt interessant que vingu\u00e9s a presentar-nos aquesta secci\u00f3 en el context actual de guerra a Ucra\u00efna aix\u00ed com a la frontera de Gaza. Ens va permetre plantejar-nos qu\u00e8 fa Europa per aquestes regions i com actua, ja que fins ara aquesta secci\u00f3 de la Comissi\u00f3 Europea no havia actuat en contextos b\u00e8l\u00b7lics. Tamb\u00e9 vam parlar d\u2019altres accions humanit\u00e0ries i de protecci\u00f3 civil engegades per la Comissi\u00f3 Europea que han donat resposta de manera conjunta i organitzada als terratr\u00e8mols de Turquia o als incendis a Gr\u00e8cia d\u2019aquest estiu passat, per donar dos exemples d&#8217;accions concretes dutes a terme per la Comissi\u00f3 Europea.<\/p>\n<p><a href=\"https:\/\/agora.xtec.cat\/insbadiaimargarit\/wp-content\/uploads\/usu348\/2023\/11\/foto_3.jpg\"><img loading=\"lazy\" decoding=\"async\" class=\"alignnone wp-image-9295\" src=\"https:\/\/agora.xtec.cat\/insbadiaimargarit\/wp-content\/uploads\/usu348\/2023\/11\/foto_3.jpg\" alt=\"\" width=\"338\" height=\"190\" srcset=\"https:\/\/agora.xtec.cat\/insbadiaimargarit\/wp-content\/uploads\/usu348\/2023\/11\/foto_3.jpg 500w, https:\/\/agora.xtec.cat\/insbadiaimargarit\/wp-content\/uploads\/usu348\/2023\/11\/foto_3-300x169.jpg 300w\" sizes=\"auto, (max-width: 338px) 100vw, 338px\" \/><\/a> <a href=\"https:\/\/agora.xtec.cat\/insbadiaimargarit\/wp-content\/uploads\/usu348\/2023\/11\/foto_4.jpg\"><img loading=\"lazy\" decoding=\"async\" class=\"alignnone wp-image-9296\" src=\"https:\/\/agora.xtec.cat\/insbadiaimargarit\/wp-content\/uploads\/usu348\/2023\/11\/foto_4.jpg\" alt=\"\" width=\"393\" height=\"221\" srcset=\"https:\/\/agora.xtec.cat\/insbadiaimargarit\/wp-content\/uploads\/usu348\/2023\/11\/foto_4.jpg 500w, https:\/\/agora.xtec.cat\/insbadiaimargarit\/wp-content\/uploads\/usu348\/2023\/11\/foto_4-300x169.jpg 300w\" sizes=\"auto, (max-width: 393px) 100vw, 393px\" \/><\/a><\/p>\n<p>Tota aquesta informaci\u00f3 i reflexions ens les va proporcionar a partir d\u2019una presentaci\u00f3 i de les seves explicacions, per\u00f2 sobretot vam trobar molt interessant saber com s\u2019organitzen dins d\u2019aquesta secci\u00f3 per donar resposta de manera immediata a una trucada d\u2019emerg\u00e8ncia. Val a dir que hi ha un equip de persones que treballa activament les 24 hores del dia durant els 7 dies de la setmana i que est\u00e0 atent a qualsevol emerg\u00e8ncia mundial i que pot rebre en qualsevol moment una trucada demanant ajuda. Ens va mostrar alguna fotografia del lloc on treballa i els mapes que s\u2019elaboren a partir dels registres diaris i les dades de les actuacions dutes a terme. Vam reflexionar sobre el fet que fins ara la Comissi\u00f3 Europea havia donat resposta a crisis humanit\u00e0ries provocades per desastres naturals com ara sismes, inundacions o incendis; no obstant, i llastimosament, cada cop m\u00e9s la UE ha de donar suport i ser solid\u00e0ria en punts concrets del planeta per donar resposta a emerg\u00e8ncies humanit\u00e0ries provocades per conflictes b\u00e8l\u00b7lics.<\/p>\n<p><a href=\"https:\/\/agora.xtec.cat\/insbadiaimargarit\/wp-content\/uploads\/usu348\/2023\/11\/seisme.jpg\"><img loading=\"lazy\" decoding=\"async\" class=\"alignnone size-full wp-image-9297\" src=\"https:\/\/agora.xtec.cat\/insbadiaimargarit\/wp-content\/uploads\/usu348\/2023\/11\/seisme.jpg\" alt=\"\" width=\"579\" height=\"325\" srcset=\"https:\/\/agora.xtec.cat\/insbadiaimargarit\/wp-content\/uploads\/usu348\/2023\/11\/seisme.jpg 579w, https:\/\/agora.xtec.cat\/insbadiaimargarit\/wp-content\/uploads\/usu348\/2023\/11\/seisme-300x168.jpg 300w\" sizes=\"auto, (max-width: 579px) 100vw, 579px\" \/><\/a><\/p>\n<p>Va fer refer\u00e8ncia tamb\u00e9 a la import\u00e0ncia de les lleng\u00fces estrangeres per poder treballar a una de les institucions europees per\u00f2 va fer especial \u00e8mfasi en el fet que \u00e9s una sortida laboral per a molts tipus de perfils professionals, no nom\u00e9s per graduats universitaris en pol\u00edtiques. I tamb\u00e9 en el fet que no nom\u00e9s \u00e9s per treballar a Europa si no que tamb\u00e9 \u00e9s una bona oportunitat per treballar en diferents parts del m\u00f3n i tenir una feina que pot arribar a ser molt diversa.<\/p>\n<p>Ivette, estem molt agra\u00efts que hagis vingut i sempre que vulguis pots tornar perqu\u00e8 ser\u00e0s molt benvinguda!<\/p>\n<p>&nbsp;<\/p>\n<p style=\"text-align: right;\"><span style=\"font-weight: 600;\">Els alumnes de l\u2019optativa MEPAS: Daniel, Elsa, Iana i Aitor.<\/span><\/p>\n","protected":false},"excerpt":{"rendered":"<p>Ivette Tarrida torna a la seva ciutat natal.<br \/>\nEl passat 26 d&#8217;octubre ens va visitar la Ivette Tarrida en el marc del projecte &#8220;Back to school&#8221; promogut per la Comissi\u00f3 Europea. La proposta &#8220;Back to school&#8221; consisteix en la visita dels funcionaris europeus de la Comissi\u00f3&hellip;  <a href=\"https:\/\/agora.xtec.cat\/insbadiaimargarit\/portada\/ivette-tarrida-des-de-la-comissio-europea-al-bim\/\" title=\"Read Ivette Tarrida, des de la Comissi\u00f3 Europea al BiM\">Llegeix m\u00e9s\u00bb<\/a><\/p>\n","protected":false},"author":149,"featured_media":9296,"comment_status":"closed","ping_status":"closed","sticky":false,"template":"","format":"standard","meta":{"_bbp_topic_count":0,"_bbp_reply_count":0,"_bbp_total_topic_count":0,"_bbp_total_reply_count":0,"_bbp_voice_count":0,"_bbp_anonymous_reply_count":0,"_bbp_topic_count_hidden":0,"_bbp_reply_count_hidden":0,"_bbp_forum_subforum_count":0,"footnotes":""},"categories":[265,218,312,173,29,106],"tags":[268,351,157,124,44],"class_list":["post-9293","post","type-post","status-publish","format-standard","has-post-thumbnail","hentry","category-batxibac","category-batillerat","category-escoles-ambaixadores-parlament-europeu","category-eso-4","category-portada","category-projecte-educatiu","tag-batxillerat","tag-curs-2023-24","tag-europe","tag-projecte-educatiu","tag-xerrades"],"post_mailing_queue_ids":[],"_links":{"self":[{"href":"https:\/\/agora.xtec.cat\/insbadiaimargarit\/wp-json\/wp\/v2\/posts\/9293","targetHints":{"allow":["GET"]}}],"collection":[{"href":"https:\/\/agora.xtec.cat\/insbadiaimargarit\/wp-json\/wp\/v2\/posts"}],"about":[{"href":"https:\/\/agora.xtec.cat\/insbadiaimargarit\/wp-json\/wp\/v2\/types\/post"}],"author":[{"embeddable":true,"href":"https:\/\/agora.xtec.cat\/insbadiaimargarit\/wp-json\/wp\/v2\/users\/149"}],"replies":[{"embeddable":true,"href":"https:\/\/agora.xtec.cat\/insbadiaimargarit\/wp-json\/wp\/v2\/comments?post=9293"}],"version-history":[{"count":1,"href":"https:\/\/agora.xtec.cat\/insbadiaimargarit\/wp-json\/wp\/v2\/posts\/9293\/revisions"}],"predecessor-version":[{"id":9298,"href":"https:\/\/agora.xtec.cat\/insbadiaimargarit\/wp-json\/wp\/v2\/posts\/9293\/revisions\/9298"}],"wp:featuredmedia":[{"embeddable":true,"href":"https:\/\/agora.xtec.cat\/insbadiaimargarit\/wp-json\/wp\/v2\/media\/9296"}],"wp:attachment":[{"href":"https:\/\/agora.xtec.cat\/insbadiaimargarit\/wp-json\/wp\/v2\/media?parent=9293"}],"wp:term":[{"taxonomy":"category","embeddable":true,"href":"https:\/\/agora.xtec.cat\/insbadiaimargarit\/wp-json\/wp\/v2\/categories?post=9293"},{"taxonomy":"post_tag","embeddable":true,"href":"https:\/\/agora.xtec.cat\/insbadiaimargarit\/wp-json\/wp\/v2\/tags?post=9293"}],"curies":[{"name":"wp","href":"https:\/\/api.w.org\/{rel}","templated":true}]}}