{"id":8630,"date":"2023-04-30T17:10:07","date_gmt":"2023-04-30T15:10:07","guid":{"rendered":"https:\/\/agora.xtec.cat\/insbadiaimargarit\/?p=8630"},"modified":"2023-05-08T15:55:23","modified_gmt":"2023-05-08T13:55:23","slug":"gaudim-de-sant-jordi-al-badia-i-margarit","status":"publish","type":"post","link":"https:\/\/agora.xtec.cat\/insbadiaimargarit\/general\/gaudim-de-sant-jordi-al-badia-i-margarit\/","title":{"rendered":"Gaudim de Sant Jordi al Badia i Margarit"},"content":{"rendered":"<p><span style=\"font-weight: 400;\">El passat 24 d\u2019abril Sant Jordi va arribar a l\u2019Institut Badia i Margarit per difondre la literatura entre els alumnes.\u00a0<\/span><\/p>\n<p><span style=\"font-weight: 400;\">Els estudiants van dedicar aquest dia a fer tallers i activitats de tota mena: els alumnes de Franc\u00e8s de 1r d\u2019ESO van fer un \u201cScape Room\u201d; uns altres estudiants van fer un taller de llengua de signes en el qual van poder aprendre algunes paraules i con\u00e8ixer aquest sistema de comunicaci\u00f3; tamb\u00e9 es va dur a terme una activitat de m\u00e0scares per al projecte educatiu \u201cFem \u00d2pera!\u201d, ja que 1r i 2n d\u2019ESO participaran en un espectacle musical; a 3r d\u2019ESO van fer una activitat del \u201cGran Dictat\u201d i del \u201cParaul\u00f2gic\u201d, i 4t d\u2019ESO, un concurs de cartes d\u2019amor.<\/span><\/p>\n<p><span style=\"font-weight: 400;\">A la una del migdia es va fer el lliurament de premis del certamen literari, presentats per 4 alumnes de Batxillerat, en el qual es feia un reconeixement a les millors obres escrites pels alumnes de cada nivell i s\u2019atorgava als guanyadors un val de 5 i 10 euros, bescanviables a la llibreria Aqualata, al Teatre Municipal de l\u2019Ateneu o al Teatre de l\u2019Aurora. L\u2019import total dels premis va ser de 425\u20ac gr\u00e0cies a les aportacions dels socis de l\u2019AMPA.<\/span><\/p>\n<p><span style=\"font-weight: 400;\">En aquest certamen tamb\u00e9 hi va haver recitacions i actuacions de m\u00fasica i dansa. Aquestes van ser: can\u00e7ons de \u201cCom Sona l\u2019ESO\u201d per part dels alumnes de 3r d\u2019ESO, la recitaci\u00f3 dels finalistes del 1st Poetry Slam de 4t d\u2019ESO, la lectura d\u2019un fragment literari amb el qual una alumna va participar en el Certamen de Lectura en Veu Alta, una coreografia creada i ballada per alumnes de l\u2019optativa de Dansa de 1r i 2n d\u2019ESO, una actuaci\u00f3 de ballet de dues noies de 1r d\u2019ESO, una actuaci\u00f3 musical on els estudiants de 1r d\u2019ESO interpretaven un recull de can\u00e7ons en catal\u00e0, en castell\u00e0 i angl\u00e8s i, finalment, l\u2019alumnat de 2n d\u2019ESO va tancar la celebraci\u00f3 amb una actuaci\u00f3 d\u2019un recull de can\u00e7ons que estan preparant per al projecte \u201cFem \u00d2pera\u201d.\u00a0<\/span><\/p>\n<p><span style=\"font-weight: 400;\">Esperem que la llavor del dia de Sant Jordi faci florir l\u2019amor per la literatura.<\/span><\/p>\n<p><span style=\"font-weight: 400;\">Alejandro Flores Elvira i Laia Mu\u00f1oz Gonz\u00e1lez, optativa Comunicaci\u00f3 oral i escrita<\/span><\/p>\n<p>&nbsp;<\/p>\n<p><a href=\"https:\/\/agora.xtec.cat\/insbadiaimargarit\/wp-content\/uploads\/usu348\/2023\/04\/IMG_4786.jpg\"><img loading=\"lazy\" decoding=\"async\" class=\"alignnone wp-image-8631\" src=\"https:\/\/agora.xtec.cat\/insbadiaimargarit\/wp-content\/uploads\/usu348\/2023\/04\/IMG_4786-150x150.jpg\" alt=\"\" width=\"161\" height=\"161\" \/><\/a><\/p>\n<p>&nbsp;<\/p>\n<p>&nbsp;<\/p>\n","protected":false},"excerpt":{"rendered":"<p>El passat 24 d\u2019abril Sant Jordi va arribar a l\u2019Institut Badia i Margarit per difondre la literatura entre els alumnes.\u00a0<br \/>\nEls estudiants van dedicar aquest dia a fer tallers i activitats de tota mena: els alumnes de Franc\u00e8s de 1r d\u2019ESO van fer un \u201cScape Room\u201d;&hellip;  <a href=\"https:\/\/agora.xtec.cat\/insbadiaimargarit\/general\/gaudim-de-sant-jordi-al-badia-i-margarit\/\" title=\"Read Gaudim de Sant Jordi al Badia i Margarit\">Llegeix m\u00e9s\u00bb<\/a><\/p>\n","protected":false},"author":2,"featured_media":8631,"comment_status":"closed","ping_status":"closed","sticky":false,"template":"","format":"standard","meta":{"_bbp_topic_count":0,"_bbp_reply_count":0,"_bbp_total_topic_count":0,"_bbp_total_reply_count":0,"_bbp_voice_count":0,"_bbp_anonymous_reply_count":0,"_bbp_topic_count_hidden":0,"_bbp_reply_count_hidden":0,"_bbp_forum_subforum_count":0,"footnotes":""},"categories":[218,150,3,1,29,106,123],"tags":[347,91],"class_list":["post-8630","post","type-post","status-publish","format-standard","has-post-thumbnail","hentry","category-batillerat","category-biblioteca","category-eso","category-general","category-portada","category-projecte-educatiu","category-til","tag-curs-2022-23","tag-dies-tematics"],"post_mailing_queue_ids":[],"_links":{"self":[{"href":"https:\/\/agora.xtec.cat\/insbadiaimargarit\/wp-json\/wp\/v2\/posts\/8630","targetHints":{"allow":["GET"]}}],"collection":[{"href":"https:\/\/agora.xtec.cat\/insbadiaimargarit\/wp-json\/wp\/v2\/posts"}],"about":[{"href":"https:\/\/agora.xtec.cat\/insbadiaimargarit\/wp-json\/wp\/v2\/types\/post"}],"author":[{"embeddable":true,"href":"https:\/\/agora.xtec.cat\/insbadiaimargarit\/wp-json\/wp\/v2\/users\/2"}],"replies":[{"embeddable":true,"href":"https:\/\/agora.xtec.cat\/insbadiaimargarit\/wp-json\/wp\/v2\/comments?post=8630"}],"version-history":[{"count":2,"href":"https:\/\/agora.xtec.cat\/insbadiaimargarit\/wp-json\/wp\/v2\/posts\/8630\/revisions"}],"predecessor-version":[{"id":8637,"href":"https:\/\/agora.xtec.cat\/insbadiaimargarit\/wp-json\/wp\/v2\/posts\/8630\/revisions\/8637"}],"wp:featuredmedia":[{"embeddable":true,"href":"https:\/\/agora.xtec.cat\/insbadiaimargarit\/wp-json\/wp\/v2\/media\/8631"}],"wp:attachment":[{"href":"https:\/\/agora.xtec.cat\/insbadiaimargarit\/wp-json\/wp\/v2\/media?parent=8630"}],"wp:term":[{"taxonomy":"category","embeddable":true,"href":"https:\/\/agora.xtec.cat\/insbadiaimargarit\/wp-json\/wp\/v2\/categories?post=8630"},{"taxonomy":"post_tag","embeddable":true,"href":"https:\/\/agora.xtec.cat\/insbadiaimargarit\/wp-json\/wp\/v2\/tags?post=8630"}],"curies":[{"name":"wp","href":"https:\/\/api.w.org\/{rel}","templated":true}]}}