{"id":8595,"date":"2023-03-31T09:07:49","date_gmt":"2023-03-31T07:07:49","guid":{"rendered":"https:\/\/agora.xtec.cat\/insbadiaimargarit\/?p=8595"},"modified":"2023-03-31T09:07:49","modified_gmt":"2023-03-31T07:07:49","slug":"decidim-el-nostre-futur","status":"publish","type":"post","link":"https:\/\/agora.xtec.cat\/insbadiaimargarit\/portada\/decidim-el-nostre-futur\/","title":{"rendered":"Decidim el nostre futur"},"content":{"rendered":"<p><b>Els alumnes de 1r de batxillerat visitem el Sal\u00f3 de l&#8217;ensenyament de Barcelona<\/b><\/p>\n<p>El passat 16 de mar\u00e7 els alumnes de 1r de Batxillerat de l\u2019institut Badia i Margarit vam visitar el Sal\u00f3 de l&#8217;Ensenyament per informar-nos sobre les diferents opcions educatives d\u2019estudis postobligatoris que s\u2019ofereixen arreu de Catalunya.<\/p>\n<p>All\u00e0 vam poder veure les diferents parades d\u2019algunes universitats i instituts que imparteixen cicles formatius. A cada parada hi havia professors i alumnes dels diferents graus que assessoraven els estudiants que estaven interessats.<\/p>\n<p>A part d\u2019informaci\u00f3 sobre els estudis tamb\u00e9 hi havia moltes activitats adre\u00e7ades a joves de la nostra edat com concerts, expositors per provar les ulleres de realitat virtual, zones de restauraci\u00f3 i emissions de r\u00e0dio en directe, entre d\u2019altres.<\/p>\n<p>En tornar a l\u2019institut, vam posar en com\u00fa el que hav\u00edem vist i apr\u00e8s i vam comprovar\u00a0que a molts de nosaltres ens va ajudar a tenir una idea m\u00e9s clara del que volem estudiar quan acabem batxillerat.<\/p>\n<p>Alejandro Flores i Laia Mu\u00f1oz, 1r de batxillerat A<\/p>\n<p><a href=\"https:\/\/agora.xtec.cat\/insbadiaimargarit\/wp-content\/uploads\/usu348\/2023\/03\/salo-de-l-ensenyament-barcelona_4_1258x6302.jpeg\"><img loading=\"lazy\" decoding=\"async\" class=\"alignnone size-thumbnail wp-image-8596\" src=\"https:\/\/agora.xtec.cat\/insbadiaimargarit\/wp-content\/uploads\/usu348\/2023\/03\/salo-de-l-ensenyament-barcelona_4_1258x6302-150x150.jpeg\" alt=\"\" width=\"150\" height=\"150\" \/><\/a><\/p>\n","protected":false},"excerpt":{"rendered":"<p>Els alumnes de 1r de batxillerat visitem el Sal\u00f3 de l&#8217;ensenyament de Barcelona<br \/>\nEl passat 16 de mar\u00e7 els alumnes de 1r de Batxillerat de l\u2019institut Badia i Margarit vam visitar el Sal\u00f3 de l&#8217;Ensenyament per informar-nos sobre les diferents opcions educatives d\u2019estudis postobligatoris que s\u2019ofereixen&hellip;  <a href=\"https:\/\/agora.xtec.cat\/insbadiaimargarit\/portada\/decidim-el-nostre-futur\/\" title=\"Read Decidim el nostre futur\">Llegeix m\u00e9s\u00bb<\/a><\/p>\n","protected":false},"author":2,"featured_media":8596,"comment_status":"closed","ping_status":"closed","sticky":false,"template":"","format":"standard","meta":{"_bbp_topic_count":0,"_bbp_reply_count":0,"_bbp_total_topic_count":0,"_bbp_total_reply_count":0,"_bbp_voice_count":0,"_bbp_anonymous_reply_count":0,"_bbp_topic_count_hidden":0,"_bbp_reply_count_hidden":0,"_bbp_forum_subforum_count":0,"footnotes":""},"categories":[218,29],"tags":[268,347,39],"class_list":["post-8595","post","type-post","status-publish","format-standard","has-post-thumbnail","hentry","category-batillerat","category-portada","tag-batxillerat","tag-curs-2022-23","tag-sortides"],"post_mailing_queue_ids":[],"_links":{"self":[{"href":"https:\/\/agora.xtec.cat\/insbadiaimargarit\/wp-json\/wp\/v2\/posts\/8595","targetHints":{"allow":["GET"]}}],"collection":[{"href":"https:\/\/agora.xtec.cat\/insbadiaimargarit\/wp-json\/wp\/v2\/posts"}],"about":[{"href":"https:\/\/agora.xtec.cat\/insbadiaimargarit\/wp-json\/wp\/v2\/types\/post"}],"author":[{"embeddable":true,"href":"https:\/\/agora.xtec.cat\/insbadiaimargarit\/wp-json\/wp\/v2\/users\/2"}],"replies":[{"embeddable":true,"href":"https:\/\/agora.xtec.cat\/insbadiaimargarit\/wp-json\/wp\/v2\/comments?post=8595"}],"version-history":[{"count":1,"href":"https:\/\/agora.xtec.cat\/insbadiaimargarit\/wp-json\/wp\/v2\/posts\/8595\/revisions"}],"predecessor-version":[{"id":8597,"href":"https:\/\/agora.xtec.cat\/insbadiaimargarit\/wp-json\/wp\/v2\/posts\/8595\/revisions\/8597"}],"wp:featuredmedia":[{"embeddable":true,"href":"https:\/\/agora.xtec.cat\/insbadiaimargarit\/wp-json\/wp\/v2\/media\/8596"}],"wp:attachment":[{"href":"https:\/\/agora.xtec.cat\/insbadiaimargarit\/wp-json\/wp\/v2\/media?parent=8595"}],"wp:term":[{"taxonomy":"category","embeddable":true,"href":"https:\/\/agora.xtec.cat\/insbadiaimargarit\/wp-json\/wp\/v2\/categories?post=8595"},{"taxonomy":"post_tag","embeddable":true,"href":"https:\/\/agora.xtec.cat\/insbadiaimargarit\/wp-json\/wp\/v2\/tags?post=8595"}],"curies":[{"name":"wp","href":"https:\/\/api.w.org\/{rel}","templated":true}]}}