{"id":8460,"date":"2023-02-16T14:05:07","date_gmt":"2023-02-16T13:05:07","guid":{"rendered":"https:\/\/agora.xtec.cat\/insbadiaimargarit\/?p=8460"},"modified":"2023-02-16T14:05:07","modified_gmt":"2023-02-16T13:05:07","slug":"les-etudiants-de-francais-vont-au-theatre","status":"publish","type":"post","link":"https:\/\/agora.xtec.cat\/insbadiaimargarit\/general\/les-etudiants-de-francais-vont-au-theatre\/","title":{"rendered":"Les \u00e9tudiants de fran\u00e7ais vont au th\u00e9\u00e2tre"},"content":{"rendered":"<p>Mercredi 15 f\u00e9vrier, les \u00e9tudiants de fran\u00e7ais deuxi\u00e8me langue \u00e9trang\u00e8re de 3\u00e8me, 4\u00e8me eso ainsi que les \u00e9tudiants de Bachibac se sont rendus au th\u00e9\u00e2tre de l&#8217;Ateneu pour voir une adaptation th\u00e9\u00e2trale du film Le Chef, sorti en 2021.<\/p>\n<p>Nous nous sommes regal\u00e9s avec les petites blagues de la pi\u00e8ce et nous avons appris des aspects de la cuisine fran\u00e7aise et la nouvelle cuisine.<\/p>\n<p>Merci de nous avoir donn\u00e9 une bonne occasion pour pratiquer la langue fran\u00e7aise d&#8217;une mani\u00e8re diff\u00e9rente et amusante.<\/p>\n<p><a href=\"https:\/\/agora.xtec.cat\/insbadiaimargarit\/wp-content\/uploads\/usu348\/2023\/02\/teatre_1.jpg\"><img loading=\"lazy\" decoding=\"async\" class=\"alignnone size-full wp-image-8466\" src=\"https:\/\/agora.xtec.cat\/insbadiaimargarit\/wp-content\/uploads\/usu348\/2023\/02\/teatre_1.jpg\" alt=\"\" width=\"340\" height=\"223\" srcset=\"https:\/\/agora.xtec.cat\/insbadiaimargarit\/wp-content\/uploads\/usu348\/2023\/02\/teatre_1.jpg 340w, https:\/\/agora.xtec.cat\/insbadiaimargarit\/wp-content\/uploads\/usu348\/2023\/02\/teatre_1-300x197.jpg 300w\" sizes=\"auto, (max-width: 340px) 100vw, 340px\" \/><\/a>\u00a0 \u00a0 <a href=\"https:\/\/agora.xtec.cat\/insbadiaimargarit\/wp-content\/uploads\/usu348\/2023\/02\/teatre_3.jpg\"><img loading=\"lazy\" decoding=\"async\" class=\"alignnone size-full wp-image-8467\" src=\"https:\/\/agora.xtec.cat\/insbadiaimargarit\/wp-content\/uploads\/usu348\/2023\/02\/teatre_3.jpg\" alt=\"\" width=\"400\" height=\"225\" srcset=\"https:\/\/agora.xtec.cat\/insbadiaimargarit\/wp-content\/uploads\/usu348\/2023\/02\/teatre_3.jpg 400w, https:\/\/agora.xtec.cat\/insbadiaimargarit\/wp-content\/uploads\/usu348\/2023\/02\/teatre_3-300x169.jpg 300w\" sizes=\"auto, (max-width: 400px) 100vw, 400px\" \/><\/a><\/p>\n","protected":false},"excerpt":{"rendered":"<p>Mercredi 15 f\u00e9vrier, les \u00e9tudiants de fran\u00e7ais deuxi\u00e8me langue \u00e9trang\u00e8re de 3\u00e8me, 4\u00e8me eso ainsi que les \u00e9tudiants de Bachibac se sont rendus au th\u00e9\u00e2tre de l&#8217;Ateneu pour voir une adaptation th\u00e9\u00e2trale du film Le Chef, sorti en 2021.<br \/>\nNous nous sommes regal\u00e9s avec les petites&hellip;  <a href=\"https:\/\/agora.xtec.cat\/insbadiaimargarit\/general\/les-etudiants-de-francais-vont-au-theatre\/\" title=\"Read Les \u00e9tudiants de fran\u00e7ais vont au th\u00e9\u00e2tre\">Llegeix m\u00e9s\u00bb<\/a><\/p>\n","protected":false},"author":149,"featured_media":8468,"comment_status":"closed","ping_status":"closed","sticky":false,"template":"","format":"standard","meta":{"_bbp_topic_count":0,"_bbp_reply_count":0,"_bbp_total_topic_count":0,"_bbp_total_reply_count":0,"_bbp_voice_count":0,"_bbp_anonymous_reply_count":0,"_bbp_topic_count_hidden":0,"_bbp_reply_count_hidden":0,"_bbp_forum_subforum_count":0,"footnotes":""},"categories":[265,312,127,173,1,29,123],"tags":[269,347,187,157,160,124,39],"class_list":["post-8460","post","type-post","status-publish","format-standard","has-post-thumbnail","hentry","category-batxibac","category-escoles-ambaixadores-parlament-europeu","category-eso-3","category-eso-4","category-general","category-portada","category-til","tag-batxibac","tag-curs-2022-23","tag-eso","tag-europe","tag-frances","tag-projecte-educatiu","tag-sortides"],"post_mailing_queue_ids":[],"_links":{"self":[{"href":"https:\/\/agora.xtec.cat\/insbadiaimargarit\/wp-json\/wp\/v2\/posts\/8460","targetHints":{"allow":["GET"]}}],"collection":[{"href":"https:\/\/agora.xtec.cat\/insbadiaimargarit\/wp-json\/wp\/v2\/posts"}],"about":[{"href":"https:\/\/agora.xtec.cat\/insbadiaimargarit\/wp-json\/wp\/v2\/types\/post"}],"author":[{"embeddable":true,"href":"https:\/\/agora.xtec.cat\/insbadiaimargarit\/wp-json\/wp\/v2\/users\/149"}],"replies":[{"embeddable":true,"href":"https:\/\/agora.xtec.cat\/insbadiaimargarit\/wp-json\/wp\/v2\/comments?post=8460"}],"version-history":[{"count":3,"href":"https:\/\/agora.xtec.cat\/insbadiaimargarit\/wp-json\/wp\/v2\/posts\/8460\/revisions"}],"predecessor-version":[{"id":8470,"href":"https:\/\/agora.xtec.cat\/insbadiaimargarit\/wp-json\/wp\/v2\/posts\/8460\/revisions\/8470"}],"wp:featuredmedia":[{"embeddable":true,"href":"https:\/\/agora.xtec.cat\/insbadiaimargarit\/wp-json\/wp\/v2\/media\/8468"}],"wp:attachment":[{"href":"https:\/\/agora.xtec.cat\/insbadiaimargarit\/wp-json\/wp\/v2\/media?parent=8460"}],"wp:term":[{"taxonomy":"category","embeddable":true,"href":"https:\/\/agora.xtec.cat\/insbadiaimargarit\/wp-json\/wp\/v2\/categories?post=8460"},{"taxonomy":"post_tag","embeddable":true,"href":"https:\/\/agora.xtec.cat\/insbadiaimargarit\/wp-json\/wp\/v2\/tags?post=8460"}],"curies":[{"name":"wp","href":"https:\/\/api.w.org\/{rel}","templated":true}]}}