{"id":8362,"date":"2023-02-02T14:19:51","date_gmt":"2023-02-02T13:19:51","guid":{"rendered":"https:\/\/agora.xtec.cat\/insbadiaimargarit\/?p=8362"},"modified":"2023-02-02T14:19:51","modified_gmt":"2023-02-02T13:19:51","slug":"participacio-a-la-primera-matinee-batxibac-de-la-catalogne","status":"publish","type":"post","link":"https:\/\/agora.xtec.cat\/insbadiaimargarit\/portada\/participacio-a-la-primera-matinee-batxibac-de-la-catalogne\/","title":{"rendered":"Participaci\u00f3 a la primera Matin\u00e9e Batxibac de la Catalogne"},"content":{"rendered":"<p>El passat divendres 27 de gener els alumnes de primer i de segon de Batxibac del nostre centre van assistir a la <em>Matin\u00e9e Batxibac<\/em>.<\/p>\n<p>L\u2019objectiu d\u2019aquesta trobada virtual era compartir bones pr\u00e0ctiques a trav\u00e9s de cinc pon\u00e8ncies d\u2019alumnes de Batxibac d\u2019arreu del territori. Els nostres alumnes van poder con\u00e8ixer una possible soluci\u00f3 als exercicis treballats pr\u00e8viament a classe per part d&#8217;altres alumnes de la seva mateixa edat per\u00f2 d&#8217;altres centres educatius. Va ser tamb\u00e9 un moment de descoberta d&#8217;altres centres educatius Batxibac de Catalunya que estan vivint experi\u00e8ncies similars i que estan treballant els mateixos continguts. Un moment d&#8217;adonar-se que no estem sols en aquesta aventura.<\/p>\n<p>Esperem que gr\u00e0cies a aquesta trobada l\u2019alumnat conegui millor les diferents parts de la prova externa a la qual s\u2019hi han de presentar al final del segon curs de Batxibac.<\/p>\n<div>\n<p><a href=\"https:\/\/agora.xtec.cat\/insbadiaimargarit\/wp-content\/uploads\/usu348\/2023\/02\/bac_1.jpg\"><img loading=\"lazy\" decoding=\"async\" class=\"alignnone size-full wp-image-8363\" src=\"https:\/\/agora.xtec.cat\/insbadiaimargarit\/wp-content\/uploads\/usu348\/2023\/02\/bac_1.jpg\" alt=\"\" width=\"500\" height=\"375\" srcset=\"https:\/\/agora.xtec.cat\/insbadiaimargarit\/wp-content\/uploads\/usu348\/2023\/02\/bac_1.jpg 500w, https:\/\/agora.xtec.cat\/insbadiaimargarit\/wp-content\/uploads\/usu348\/2023\/02\/bac_1-300x225.jpg 300w, https:\/\/agora.xtec.cat\/insbadiaimargarit\/wp-content\/uploads\/usu348\/2023\/02\/bac_1-200x150.jpg 200w\" sizes=\"auto, (max-width: 500px) 100vw, 500px\" \/><\/a>\u00a0 <a href=\"https:\/\/agora.xtec.cat\/insbadiaimargarit\/wp-content\/uploads\/usu348\/2023\/02\/bac_2.jpg\"><img loading=\"lazy\" decoding=\"async\" class=\"alignnone size-full wp-image-8364\" src=\"https:\/\/agora.xtec.cat\/insbadiaimargarit\/wp-content\/uploads\/usu348\/2023\/02\/bac_2.jpg\" alt=\"\" width=\"500\" height=\"318\" srcset=\"https:\/\/agora.xtec.cat\/insbadiaimargarit\/wp-content\/uploads\/usu348\/2023\/02\/bac_2.jpg 500w, https:\/\/agora.xtec.cat\/insbadiaimargarit\/wp-content\/uploads\/usu348\/2023\/02\/bac_2-300x191.jpg 300w\" sizes=\"auto, (max-width: 500px) 100vw, 500px\" \/><\/a><\/p>\n<p>&nbsp;<\/p>\n<\/div>\n","protected":false},"excerpt":{"rendered":"<p>El passat divendres 27 de gener els alumnes de primer i de segon de Batxibac del nostre centre van assistir a la Matin\u00e9e Batxibac.<br \/>\nL\u2019objectiu d\u2019aquesta trobada virtual era compartir bones pr\u00e0ctiques a trav\u00e9s de cinc pon\u00e8ncies d\u2019alumnes de Batxibac d\u2019arreu del territori. Els nostres alumnes&hellip;  <a href=\"https:\/\/agora.xtec.cat\/insbadiaimargarit\/portada\/participacio-a-la-primera-matinee-batxibac-de-la-catalogne\/\" title=\"Read Participaci\u00f3 a la primera Matin\u00e9e Batxibac de la Catalogne\">Llegeix m\u00e9s\u00bb<\/a><\/p>\n","protected":false},"author":149,"featured_media":8364,"comment_status":"closed","ping_status":"closed","sticky":false,"template":"","format":"standard","meta":{"_bbp_topic_count":0,"_bbp_reply_count":0,"_bbp_total_topic_count":0,"_bbp_total_reply_count":0,"_bbp_voice_count":0,"_bbp_anonymous_reply_count":0,"_bbp_topic_count_hidden":0,"_bbp_reply_count_hidden":0,"_bbp_forum_subforum_count":0,"footnotes":""},"categories":[265,312,29,106],"tags":[269,347,157,160],"class_list":["post-8362","post","type-post","status-publish","format-standard","has-post-thumbnail","hentry","category-batxibac","category-escoles-ambaixadores-parlament-europeu","category-portada","category-projecte-educatiu","tag-batxibac","tag-curs-2022-23","tag-europe","tag-frances"],"post_mailing_queue_ids":[],"_links":{"self":[{"href":"https:\/\/agora.xtec.cat\/insbadiaimargarit\/wp-json\/wp\/v2\/posts\/8362","targetHints":{"allow":["GET"]}}],"collection":[{"href":"https:\/\/agora.xtec.cat\/insbadiaimargarit\/wp-json\/wp\/v2\/posts"}],"about":[{"href":"https:\/\/agora.xtec.cat\/insbadiaimargarit\/wp-json\/wp\/v2\/types\/post"}],"author":[{"embeddable":true,"href":"https:\/\/agora.xtec.cat\/insbadiaimargarit\/wp-json\/wp\/v2\/users\/149"}],"replies":[{"embeddable":true,"href":"https:\/\/agora.xtec.cat\/insbadiaimargarit\/wp-json\/wp\/v2\/comments?post=8362"}],"version-history":[{"count":1,"href":"https:\/\/agora.xtec.cat\/insbadiaimargarit\/wp-json\/wp\/v2\/posts\/8362\/revisions"}],"predecessor-version":[{"id":8365,"href":"https:\/\/agora.xtec.cat\/insbadiaimargarit\/wp-json\/wp\/v2\/posts\/8362\/revisions\/8365"}],"wp:featuredmedia":[{"embeddable":true,"href":"https:\/\/agora.xtec.cat\/insbadiaimargarit\/wp-json\/wp\/v2\/media\/8364"}],"wp:attachment":[{"href":"https:\/\/agora.xtec.cat\/insbadiaimargarit\/wp-json\/wp\/v2\/media?parent=8362"}],"wp:term":[{"taxonomy":"category","embeddable":true,"href":"https:\/\/agora.xtec.cat\/insbadiaimargarit\/wp-json\/wp\/v2\/categories?post=8362"},{"taxonomy":"post_tag","embeddable":true,"href":"https:\/\/agora.xtec.cat\/insbadiaimargarit\/wp-json\/wp\/v2\/tags?post=8362"}],"curies":[{"name":"wp","href":"https:\/\/api.w.org\/{rel}","templated":true}]}}