{"id":7794,"date":"2022-04-22T12:30:50","date_gmt":"2022-04-22T10:30:50","guid":{"rendered":"https:\/\/agora.xtec.cat\/insbadiaimargarit\/?p=7794"},"modified":"2022-04-22T12:30:50","modified_gmt":"2022-04-22T10:30:50","slug":"euroscola-65-anys-del-tractat-de-roma","status":"publish","type":"post","link":"https:\/\/agora.xtec.cat\/insbadiaimargarit\/general\/euroscola-65-anys-del-tractat-de-roma\/","title":{"rendered":"Euroscola: 65 anys del Tractat de Roma"},"content":{"rendered":"<p><span style=\"font-weight: 400;\">La xerrada d\u2019Euroscola va ser una experi\u00e8ncia inoblidable viscuda pels alumnes de geografia de 2n de batxillerat, els alumnes d\u2019Hist\u00f2ria del mon contemporani de 1r de batxillerat i per les ambaixadores del Parlament Europeu. Euroscola \u00e9s una iniciativa del Parlament Europeu per donar a con\u00e8ixer el funcionament d\u2019aquest organisme als joves d\u2019entre 16 i 18 anys dels 27 estats membres de la UE. Des de la pand\u00e8mia, s\u2019est\u00e0 duent a terme en format digital. El dimecres 30 de mar\u00e7 el nostre institut va ser escollit per poder formar part de la sessi\u00f3 de debat de l&#8217;hemicicle europeu en l\u00ednia.<\/span><\/p>\n<p><a href=\"https:\/\/agora.xtec.cat\/insbadiaimargarit\/wp-content\/uploads\/usu348\/2022\/04\/IMG-20220330-WA0002.jpg\"><img loading=\"lazy\" decoding=\"async\" class=\"alignnone size-large wp-image-7798\" src=\"https:\/\/agora.xtec.cat\/insbadiaimargarit\/wp-content\/uploads\/usu348\/2022\/04\/IMG-20220330-WA0002-1024x768.jpg\" alt=\"\" width=\"1024\" height=\"768\" srcset=\"https:\/\/agora.xtec.cat\/insbadiaimargarit\/wp-content\/uploads\/usu348\/2022\/04\/IMG-20220330-WA0002-1024x768.jpg 1024w, https:\/\/agora.xtec.cat\/insbadiaimargarit\/wp-content\/uploads\/usu348\/2022\/04\/IMG-20220330-WA0002-300x225.jpg 300w, https:\/\/agora.xtec.cat\/insbadiaimargarit\/wp-content\/uploads\/usu348\/2022\/04\/IMG-20220330-WA0002-768x576.jpg 768w, https:\/\/agora.xtec.cat\/insbadiaimargarit\/wp-content\/uploads\/usu348\/2022\/04\/IMG-20220330-WA0002-1536x1152.jpg 1536w, https:\/\/agora.xtec.cat\/insbadiaimargarit\/wp-content\/uploads\/usu348\/2022\/04\/IMG-20220330-WA0002-200x150.jpg 200w, https:\/\/agora.xtec.cat\/insbadiaimargarit\/wp-content\/uploads\/usu348\/2022\/04\/IMG-20220330-WA0002.jpg 1600w\" sizes=\"auto, (max-width: 1024px) 100vw, 1024px\" \/><\/a><\/p>\n<p><span style=\"font-weight: 400;\">El tema de la sessi\u00f3 era el 65\u00e8 aniversari del tractat de Roma i la participaci\u00f3 ciutadana a la democr\u00e0cia europea. En aquesta ocasi\u00f3, la Presidenta del Parlament Europeu, Roberta Metsola, va fer el discurs de benvinguda a l\u2019acte. Van fer una presentaci\u00f3 on ens van explicar l\u2019ordre del dia i ens van dir que utilitzar\u00edem la plataforma Interactio per seguir la xerrada i per poder intervenir plantejant preguntes a les diferents persones entrevistades a trav\u00e9s del xat habilitat.<\/span><\/p>\n<p><a href=\"https:\/\/agora.xtec.cat\/insbadiaimargarit\/wp-content\/uploads\/usu348\/2022\/04\/euroscola_2.jpg\"><img loading=\"lazy\" decoding=\"async\" class=\"alignnone size-full wp-image-7796\" src=\"https:\/\/agora.xtec.cat\/insbadiaimargarit\/wp-content\/uploads\/usu348\/2022\/04\/euroscola_2.jpg\" alt=\"\" width=\"400\" height=\"184\" srcset=\"https:\/\/agora.xtec.cat\/insbadiaimargarit\/wp-content\/uploads\/usu348\/2022\/04\/euroscola_2.jpg 400w, https:\/\/agora.xtec.cat\/insbadiaimargarit\/wp-content\/uploads\/usu348\/2022\/04\/euroscola_2-300x138.jpg 300w\" sizes=\"auto, (max-width: 400px) 100vw, 400px\" \/><\/a><\/p>\n<p><span style=\"font-weight: 400;\">Al llarg de la xerrada,\u00a0 vam tenir l&#8217;oportunitat de parlar en diferents c\u00e0rrecs pol\u00edtics i con\u00e8ixer de primera m\u00e0 les viv\u00e8ncies d\u2019un supervivient de l\u2019extermini nazi durant la Segona Guerra Mundial gr\u00e0cies al testimoni del senyor Bernard Offen, un home de 92 anys que havia viscut en cinc camps de concentraci\u00f3, un d\u2019ells el camp d&#8217;Auswitch. Actualment, fa de guia tur\u00edstic per aquest camp de concentraci\u00f3 explicant la seva experi\u00e8ncia. A m\u00e9s a m\u00e9s, es van projectar els v\u00eddeos que havien fet els instituts de tots els pa\u00efsos d\u2019Europa que participaven al certamen i, sens dubte, va ser tot un \u00e8xit. El nostre institut havia enviat un v\u00eddeo sobre la llibertat d\u2019expressi\u00f3 creat pels alumnes de 4t d\u2019eso de franc\u00e8s.\u00a0<\/span><\/p>\n<p><span style=\"font-weight: 400;\">Un moment de gran transcend\u00e8ncia va ser la xerrada amb el vicepresident de la Uni\u00f3 Europea, amb el qual vam parlar de temes d\u2019actualitat com la crisi sanit\u00e0ria, la democr\u00e0cia, el canvi\u00a0 clim\u00e0tic, com \u00e9s el dia a dia d\u2019un eurodiputat, el futur de la Uni\u00f3 Europea, l\u2019objectiu de les ajudes que estableix la UE, Tractat de Roma, la radicalitzaci\u00f3 ideol\u00f2gica, la guerra entre Ucra\u00efna i R\u00fassia, la situaci\u00f3 a les fronteres, les fake news, la possibilitat de deixar votar als majors de 16 anys, la creaci\u00f3 de noves plataformes que incentivin la identitat europea, entre algun altre tema.<\/span><\/p>\n<p><a href=\"https:\/\/agora.xtec.cat\/insbadiaimargarit\/wp-content\/uploads\/usu348\/2022\/04\/IMG-20220330-WA0000-scaled.jpeg\"><img loading=\"lazy\" decoding=\"async\" class=\"alignnone size-large wp-image-7795\" src=\"https:\/\/agora.xtec.cat\/insbadiaimargarit\/wp-content\/uploads\/usu348\/2022\/04\/IMG-20220330-WA0000-1024x576.jpeg\" alt=\"\" width=\"1024\" height=\"576\" srcset=\"https:\/\/agora.xtec.cat\/insbadiaimargarit\/wp-content\/uploads\/usu348\/2022\/04\/IMG-20220330-WA0000-1024x576.jpeg 1024w, https:\/\/agora.xtec.cat\/insbadiaimargarit\/wp-content\/uploads\/usu348\/2022\/04\/IMG-20220330-WA0000-300x169.jpeg 300w, https:\/\/agora.xtec.cat\/insbadiaimargarit\/wp-content\/uploads\/usu348\/2022\/04\/IMG-20220330-WA0000-768x432.jpeg 768w, https:\/\/agora.xtec.cat\/insbadiaimargarit\/wp-content\/uploads\/usu348\/2022\/04\/IMG-20220330-WA0000-1536x864.jpeg 1536w, https:\/\/agora.xtec.cat\/insbadiaimargarit\/wp-content\/uploads\/usu348\/2022\/04\/IMG-20220330-WA0000-2048x1152.jpeg 2048w\" sizes=\"auto, (max-width: 1024px) 100vw, 1024px\" \/><\/a><\/p>\n<p><a href=\"https:\/\/agora.xtec.cat\/insbadiaimargarit\/wp-content\/uploads\/usu348\/2022\/04\/logo-epas-sp-2021-2.png\"><img loading=\"lazy\" decoding=\"async\" class=\"wp-image-7800 alignright\" src=\"https:\/\/agora.xtec.cat\/insbadiaimargarit\/wp-content\/uploads\/usu348\/2022\/04\/logo-epas-sp-2021-2-1024x350.png\" alt=\"\" width=\"299\" height=\"102\" srcset=\"https:\/\/agora.xtec.cat\/insbadiaimargarit\/wp-content\/uploads\/usu348\/2022\/04\/logo-epas-sp-2021-2-1024x350.png 1024w, https:\/\/agora.xtec.cat\/insbadiaimargarit\/wp-content\/uploads\/usu348\/2022\/04\/logo-epas-sp-2021-2-300x102.png 300w, https:\/\/agora.xtec.cat\/insbadiaimargarit\/wp-content\/uploads\/usu348\/2022\/04\/logo-epas-sp-2021-2-768x262.png 768w, https:\/\/agora.xtec.cat\/insbadiaimargarit\/wp-content\/uploads\/usu348\/2022\/04\/logo-epas-sp-2021-2.png 1470w\" sizes=\"auto, (max-width: 299px) 100vw, 299px\" \/><\/a><\/p>\n<p style=\"text-align: right;\"><strong>Les ambaixadores del Parlament Europeu<\/strong><\/p>\n","protected":false},"excerpt":{"rendered":"<p>La xerrada d\u2019Euroscola va ser una experi\u00e8ncia inoblidable viscuda pels alumnes de geografia de 2n de batxillerat, els alumnes d\u2019Hist\u00f2ria del mon contemporani de 1r de batxillerat i per les ambaixadores del Parlament Europeu. Euroscola \u00e9s una iniciativa del Parlament Europeu per donar a con\u00e8ixer&hellip;  <a href=\"https:\/\/agora.xtec.cat\/insbadiaimargarit\/general\/euroscola-65-anys-del-tractat-de-roma\/\" title=\"Read Euroscola: 65 anys del Tractat de Roma\">Llegeix m\u00e9s\u00bb<\/a><\/p>\n","protected":false},"author":149,"featured_media":7795,"comment_status":"closed","ping_status":"closed","sticky":false,"template":"","format":"standard","meta":{"_bbp_topic_count":0,"_bbp_reply_count":0,"_bbp_total_topic_count":0,"_bbp_total_reply_count":0,"_bbp_voice_count":0,"_bbp_anonymous_reply_count":0,"_bbp_topic_count_hidden":0,"_bbp_reply_count_hidden":0,"_bbp_forum_subforum_count":0,"footnotes":""},"categories":[218,312,1,29,106,123],"tags":[268,309,124,44],"class_list":["post-7794","post","type-post","status-publish","format-standard","has-post-thumbnail","hentry","category-batillerat","category-escoles-ambaixadores-parlament-europeu","category-general","category-portada","category-projecte-educatiu","category-til","tag-batxillerat","tag-curs-2021-22","tag-projecte-educatiu","tag-xerrades"],"post_mailing_queue_ids":[],"_links":{"self":[{"href":"https:\/\/agora.xtec.cat\/insbadiaimargarit\/wp-json\/wp\/v2\/posts\/7794","targetHints":{"allow":["GET"]}}],"collection":[{"href":"https:\/\/agora.xtec.cat\/insbadiaimargarit\/wp-json\/wp\/v2\/posts"}],"about":[{"href":"https:\/\/agora.xtec.cat\/insbadiaimargarit\/wp-json\/wp\/v2\/types\/post"}],"author":[{"embeddable":true,"href":"https:\/\/agora.xtec.cat\/insbadiaimargarit\/wp-json\/wp\/v2\/users\/149"}],"replies":[{"embeddable":true,"href":"https:\/\/agora.xtec.cat\/insbadiaimargarit\/wp-json\/wp\/v2\/comments?post=7794"}],"version-history":[{"count":3,"href":"https:\/\/agora.xtec.cat\/insbadiaimargarit\/wp-json\/wp\/v2\/posts\/7794\/revisions"}],"predecessor-version":[{"id":7801,"href":"https:\/\/agora.xtec.cat\/insbadiaimargarit\/wp-json\/wp\/v2\/posts\/7794\/revisions\/7801"}],"wp:featuredmedia":[{"embeddable":true,"href":"https:\/\/agora.xtec.cat\/insbadiaimargarit\/wp-json\/wp\/v2\/media\/7795"}],"wp:attachment":[{"href":"https:\/\/agora.xtec.cat\/insbadiaimargarit\/wp-json\/wp\/v2\/media?parent=7794"}],"wp:term":[{"taxonomy":"category","embeddable":true,"href":"https:\/\/agora.xtec.cat\/insbadiaimargarit\/wp-json\/wp\/v2\/categories?post=7794"},{"taxonomy":"post_tag","embeddable":true,"href":"https:\/\/agora.xtec.cat\/insbadiaimargarit\/wp-json\/wp\/v2\/tags?post=7794"}],"curies":[{"name":"wp","href":"https:\/\/api.w.org\/{rel}","templated":true}]}}