{"id":7785,"date":"2022-04-22T12:17:13","date_gmt":"2022-04-22T10:17:13","guid":{"rendered":"https:\/\/agora.xtec.cat\/insbadiaimargarit\/?p=7785"},"modified":"2022-04-22T12:17:13","modified_gmt":"2022-04-22T10:17:13","slug":"critica-teatral-claudia-teres-oliver","status":"publish","type":"post","link":"https:\/\/agora.xtec.cat\/insbadiaimargarit\/general\/critica-teatral-claudia-teres-oliver\/","title":{"rendered":"Cr\u00edtica teatral (Cl\u00e0udia Ter\u00e9s Oliver)"},"content":{"rendered":"<p><span style=\"font-weight: 400;\">El passat dimarts 5 d&#8217;abril, els alumnes d\u2019Arts Esc\u00e8niques, de Psicologia (de 2n de batxillerat), de l\u2019Aula d\u2019Acollida de l\u2019institut i les Volunt\u00e0ries per la Llengua (de 1r i 2n de batxillerat) vam anar al teatre Kursaal de Manresa a veure la <\/span><i><span style=\"font-weight: 400;\">III Mostra de Circ i de Teatre, <\/span><\/i><span style=\"font-weight: 400;\">en la qual a<\/span><span style=\"font-weight: 400;\">lumnes de diversos graus relacionats amb les Arts Esc\u00e8niques van mostrar les obres de tem\u00e0tica feminista treballades durant el curs.\u00a0<\/span><\/p>\n<p><span style=\"font-weight: 400;\">Una d\u2019aquestes obres era <\/span><b><i>On s\u00f3n les dones?, <\/i><\/b><span style=\"font-weight: 400;\">de <\/span><span style=\"font-weight: 400;\">Lazzigags<\/span><span style=\"font-weight: 400;\">, una proposta refrescant i \u00fanica de teatre. L\u2019obra representa a un grup d\u2019alumnes d\u2019arts esc\u00e8niques que tenen problemes per a trobar obres que al llarg de la hist\u00f2ria del teatre no haguessin excl\u00f2s a les dones. En la proposta s\u2019hi pot observar molta naturalitat entre els actors i actrius, i tamb\u00e9 en l\u2019escenografia que volia guiar al p\u00fablic a una aula de classe amb els seus estudiants. Durant l\u2019obra repassen famoses obres teatrals del llarg de la hist\u00f2ria que no han tingut en compte a les dones, i s&#8217;adonen que la vertadera finalitat d\u2019aquestes no era la que semblava. A m\u00e9s a m\u00e9s, en la representaci\u00f3 s\u2019hi barrejaven di\u00e0legs, hi havia interacci\u00f3 amb el p\u00fablic, hi havia com\u00e8dia\u2026 Tots aquests elements van fer que l\u2019obra fos molt amena. En general, la finalitat de l\u2019actuaci\u00f3 era mostrar al p\u00fablic com durant la gran majoria de la hist\u00f2ria de la humanitat s\u2019ha excl\u00f2s a les dones al teatre igualment que d\u2019altres \u00e0mbits, i tamb\u00e9 com el masclisme est\u00e0 encara present en la nostra societat.\u00a0<\/span><\/p>\n<p><span style=\"font-weight: 400;\">En definitiva, el teatre proposat pel grup <\/span><i><span style=\"font-weight: 400;\">Lazzigags <\/span><\/i><span style=\"font-weight: 400;\">aporta una visi\u00f3 in\u00e8dita cap al masclisme i un nou format d\u2019obra molt ben acollit pel p\u00fablic, que sigui directament o indirectament, fa reflexionar sobre com les dones han estat tractades durant la hist\u00f2ria.<a href=\"https:\/\/agora.xtec.cat\/insbadiaimargarit\/wp-content\/uploads\/usu348\/2022\/04\/kursaal-2.jpg\"><img loading=\"lazy\" decoding=\"async\" class=\"alignnone size-large wp-image-7786\" src=\"https:\/\/agora.xtec.cat\/insbadiaimargarit\/wp-content\/uploads\/usu348\/2022\/04\/kursaal-2-1024x768.jpg\" alt=\"\" width=\"1024\" height=\"768\" srcset=\"https:\/\/agora.xtec.cat\/insbadiaimargarit\/wp-content\/uploads\/usu348\/2022\/04\/kursaal-2-1024x768.jpg 1024w, https:\/\/agora.xtec.cat\/insbadiaimargarit\/wp-content\/uploads\/usu348\/2022\/04\/kursaal-2-300x225.jpg 300w, https:\/\/agora.xtec.cat\/insbadiaimargarit\/wp-content\/uploads\/usu348\/2022\/04\/kursaal-2-768x576.jpg 768w, https:\/\/agora.xtec.cat\/insbadiaimargarit\/wp-content\/uploads\/usu348\/2022\/04\/kursaal-2-1536x1152.jpg 1536w, https:\/\/agora.xtec.cat\/insbadiaimargarit\/wp-content\/uploads\/usu348\/2022\/04\/kursaal-2-200x150.jpg 200w, https:\/\/agora.xtec.cat\/insbadiaimargarit\/wp-content\/uploads\/usu348\/2022\/04\/kursaal-2.jpg 1672w\" sizes=\"auto, (max-width: 1024px) 100vw, 1024px\" \/><\/a> <\/span><\/p>\n","protected":false},"excerpt":{"rendered":"<p>El passat dimarts 5 d&#8217;abril, els alumnes d\u2019Arts Esc\u00e8niques, de Psicologia (de 2n de batxillerat), de l\u2019Aula d\u2019Acollida de l\u2019institut i les Volunt\u00e0ries per la Llengua (de 1r i 2n de batxillerat) vam anar al teatre Kursaal de Manresa a veure la III Mostra de&hellip;  <a href=\"https:\/\/agora.xtec.cat\/insbadiaimargarit\/general\/critica-teatral-claudia-teres-oliver\/\" title=\"Read Cr\u00edtica teatral (Cl\u00e0udia Ter\u00e9s Oliver)\">Llegeix m\u00e9s\u00bb<\/a><\/p>\n","protected":false},"author":2,"featured_media":7786,"comment_status":"closed","ping_status":"closed","sticky":false,"template":"","format":"standard","meta":{"_bbp_topic_count":0,"_bbp_reply_count":0,"_bbp_total_topic_count":0,"_bbp_total_reply_count":0,"_bbp_voice_count":0,"_bbp_anonymous_reply_count":0,"_bbp_topic_count_hidden":0,"_bbp_reply_count_hidden":0,"_bbp_forum_subforum_count":0,"footnotes":""},"categories":[218,1,29,106],"tags":[268,124,39,40],"class_list":["post-7785","post","type-post","status-publish","format-standard","has-post-thumbnail","hentry","category-batillerat","category-general","category-portada","category-projecte-educatiu","tag-batxillerat","tag-projecte-educatiu","tag-sortides","tag-teatre"],"post_mailing_queue_ids":[],"_links":{"self":[{"href":"https:\/\/agora.xtec.cat\/insbadiaimargarit\/wp-json\/wp\/v2\/posts\/7785","targetHints":{"allow":["GET"]}}],"collection":[{"href":"https:\/\/agora.xtec.cat\/insbadiaimargarit\/wp-json\/wp\/v2\/posts"}],"about":[{"href":"https:\/\/agora.xtec.cat\/insbadiaimargarit\/wp-json\/wp\/v2\/types\/post"}],"author":[{"embeddable":true,"href":"https:\/\/agora.xtec.cat\/insbadiaimargarit\/wp-json\/wp\/v2\/users\/2"}],"replies":[{"embeddable":true,"href":"https:\/\/agora.xtec.cat\/insbadiaimargarit\/wp-json\/wp\/v2\/comments?post=7785"}],"version-history":[{"count":2,"href":"https:\/\/agora.xtec.cat\/insbadiaimargarit\/wp-json\/wp\/v2\/posts\/7785\/revisions"}],"predecessor-version":[{"id":7793,"href":"https:\/\/agora.xtec.cat\/insbadiaimargarit\/wp-json\/wp\/v2\/posts\/7785\/revisions\/7793"}],"wp:featuredmedia":[{"embeddable":true,"href":"https:\/\/agora.xtec.cat\/insbadiaimargarit\/wp-json\/wp\/v2\/media\/7786"}],"wp:attachment":[{"href":"https:\/\/agora.xtec.cat\/insbadiaimargarit\/wp-json\/wp\/v2\/media?parent=7785"}],"wp:term":[{"taxonomy":"category","embeddable":true,"href":"https:\/\/agora.xtec.cat\/insbadiaimargarit\/wp-json\/wp\/v2\/categories?post=7785"},{"taxonomy":"post_tag","embeddable":true,"href":"https:\/\/agora.xtec.cat\/insbadiaimargarit\/wp-json\/wp\/v2\/tags?post=7785"}],"curies":[{"name":"wp","href":"https:\/\/api.w.org\/{rel}","templated":true}]}}