{"id":7498,"date":"2022-02-08T17:43:00","date_gmt":"2022-02-08T16:43:00","guid":{"rendered":"https:\/\/agora.xtec.cat\/insbadiaimargarit\/?p=7498"},"modified":"2022-02-08T17:43:00","modified_gmt":"2022-02-08T16:43:00","slug":"concurs-odissea-de-cultura-classica-2022","status":"publish","type":"post","link":"https:\/\/agora.xtec.cat\/insbadiaimargarit\/portada\/concurs-odissea-de-cultura-classica-2022\/","title":{"rendered":"Concurs Odissea de Cultura Cl\u00e0ssica 2022"},"content":{"rendered":"<p>Els alumnes de grec i llat\u00ed de Batxillerat del nostre institut van participar la setmana passada a la XI edici\u00f3 del Concurs Odissea de Cultura Cl\u00e0ssica que, a Catalunya, coordina l&#8217;Associaci\u00f3 de Professorat de Lleng\u00fces Cl\u00e0ssiques (APLEC) i en el qu\u00e8 enguany hi han participat 473 grups d&#8217;arreu de Catalunya amb un total de m\u00e9s de 1.000 alumnes.<\/p>\n<figure class=\"figure wp-caption alignnone\"><a href=\"https:\/\/agora.xtec.cat\/insbadiaimargarit\/wp-content\/uploads\/usu348\/2022\/02\/Odissea-1-1-scaled.jpg\"><img loading=\"lazy\" decoding=\"async\" class=\"size-large wp-image-7500\" src=\"https:\/\/agora.xtec.cat\/insbadiaimargarit\/wp-content\/uploads\/usu348\/2022\/02\/Odissea-1-1-1024x1024.jpg\" alt=\"\" width=\"1024\" height=\"1024\" srcset=\"https:\/\/agora.xtec.cat\/insbadiaimargarit\/wp-content\/uploads\/usu348\/2022\/02\/Odissea-1-1-1024x1024.jpg 1024w, https:\/\/agora.xtec.cat\/insbadiaimargarit\/wp-content\/uploads\/usu348\/2022\/02\/Odissea-1-1-300x300.jpg 300w, https:\/\/agora.xtec.cat\/insbadiaimargarit\/wp-content\/uploads\/usu348\/2022\/02\/Odissea-1-1-150x150.jpg 150w, https:\/\/agora.xtec.cat\/insbadiaimargarit\/wp-content\/uploads\/usu348\/2022\/02\/Odissea-1-1-768x768.jpg 768w, https:\/\/agora.xtec.cat\/insbadiaimargarit\/wp-content\/uploads\/usu348\/2022\/02\/Odissea-1-1-1536x1536.jpg 1536w, https:\/\/agora.xtec.cat\/insbadiaimargarit\/wp-content\/uploads\/usu348\/2022\/02\/Odissea-1-1-2048x2048.jpg 2048w\" sizes=\"auto, (max-width: 1024px) 100vw, 1024px\" \/><\/a><figcaption class=\"wp-caption-text\">Alumnes de 1r de BAT responent les preguntes del concurs<\/figcaption><\/figure>\n<p><a href=\"https:\/\/agora.xtec.cat\/insbadiaimargarit\/wp-content\/uploads\/usu348\/2022\/02\/Odissea-2-scaled.jpg\"><img loading=\"lazy\" decoding=\"async\" class=\"alignnone size-large wp-image-7501\" src=\"https:\/\/agora.xtec.cat\/insbadiaimargarit\/wp-content\/uploads\/usu348\/2022\/02\/Odissea-2-1024x1024.jpg\" alt=\"\" width=\"1024\" height=\"1024\" srcset=\"https:\/\/agora.xtec.cat\/insbadiaimargarit\/wp-content\/uploads\/usu348\/2022\/02\/Odissea-2-1024x1024.jpg 1024w, https:\/\/agora.xtec.cat\/insbadiaimargarit\/wp-content\/uploads\/usu348\/2022\/02\/Odissea-2-300x300.jpg 300w, https:\/\/agora.xtec.cat\/insbadiaimargarit\/wp-content\/uploads\/usu348\/2022\/02\/Odissea-2-150x150.jpg 150w, https:\/\/agora.xtec.cat\/insbadiaimargarit\/wp-content\/uploads\/usu348\/2022\/02\/Odissea-2-768x768.jpg 768w, https:\/\/agora.xtec.cat\/insbadiaimargarit\/wp-content\/uploads\/usu348\/2022\/02\/Odissea-2-1536x1536.jpg 1536w, https:\/\/agora.xtec.cat\/insbadiaimargarit\/wp-content\/uploads\/usu348\/2022\/02\/Odissea-2-2048x2048.jpg 2048w\" sizes=\"auto, (max-width: 1024px) 100vw, 1024px\" \/><\/a><\/p>\n<p>El total de grups del BIM que van participar en aquesta edici\u00f3 va ser de 9 i, tot i que cap d&#8217;ells va aconseguir arribar a la final, volem destacar la tasca realitzada pel grup <strong>\u039f\u0399 \u0391\u0398\u0391\u039d\u0391\u03a4\u039f\u0399 de 2n de BAT<\/strong> format per en Vitali Abadal, en Marc Moncl\u00fas i en Julio C\u00e9sar Garc\u00eda que va aconseguir situar-se en el lloc 65 de 463.<\/p>\n<p>Aquest any el tema central del concurs era &#8220;<strong>L&#8217;art a Gr\u00e8cia i a Roma<\/strong>&#8220;. Els quatre dies que va durar aquest concurs van ser per a tots els alumnes una nova oportunitat per aprendre diversos aspectes sobre el m\u00f3n cl\u00e0ssic i un repte que va posar a prova la seva capacitat recercadora. Enhorabona a tots per l&#8217;inter\u00e8s demostrat i per la bona feina feta!<\/p>\n","protected":false},"excerpt":{"rendered":"<p>Els alumnes de llat\u00ed i grec del BIM participen a la XI edici\u00f3 del concurs Odissea de cultura cl\u00e0ssica&hellip;  <a href=\"https:\/\/agora.xtec.cat\/insbadiaimargarit\/portada\/concurs-odissea-de-cultura-classica-2022\/\" title=\"Read Concurs Odissea de Cultura Cl\u00e0ssica 2022\">Llegeix m\u00e9s\u00bb<\/a><\/p>\n","protected":false},"author":1,"featured_media":7499,"comment_status":"closed","ping_status":"closed","sticky":false,"template":"","format":"standard","meta":{"_bbp_topic_count":0,"_bbp_reply_count":0,"_bbp_total_topic_count":0,"_bbp_total_reply_count":0,"_bbp_voice_count":0,"_bbp_anonymous_reply_count":0,"_bbp_topic_count_hidden":0,"_bbp_reply_count_hidden":0,"_bbp_forum_subforum_count":0,"footnotes":""},"categories":[218,29],"tags":[342,343,344],"class_list":["post-7498","post","type-post","status-publish","format-standard","has-post-thumbnail","hentry","category-batillerat","category-portada","tag-concurs","tag-llati-i-grec","tag-mon-classic"],"post_mailing_queue_ids":[],"_links":{"self":[{"href":"https:\/\/agora.xtec.cat\/insbadiaimargarit\/wp-json\/wp\/v2\/posts\/7498","targetHints":{"allow":["GET"]}}],"collection":[{"href":"https:\/\/agora.xtec.cat\/insbadiaimargarit\/wp-json\/wp\/v2\/posts"}],"about":[{"href":"https:\/\/agora.xtec.cat\/insbadiaimargarit\/wp-json\/wp\/v2\/types\/post"}],"author":[{"embeddable":true,"href":"https:\/\/agora.xtec.cat\/insbadiaimargarit\/wp-json\/wp\/v2\/users\/1"}],"replies":[{"embeddable":true,"href":"https:\/\/agora.xtec.cat\/insbadiaimargarit\/wp-json\/wp\/v2\/comments?post=7498"}],"version-history":[{"count":4,"href":"https:\/\/agora.xtec.cat\/insbadiaimargarit\/wp-json\/wp\/v2\/posts\/7498\/revisions"}],"predecessor-version":[{"id":7507,"href":"https:\/\/agora.xtec.cat\/insbadiaimargarit\/wp-json\/wp\/v2\/posts\/7498\/revisions\/7507"}],"wp:featuredmedia":[{"embeddable":true,"href":"https:\/\/agora.xtec.cat\/insbadiaimargarit\/wp-json\/wp\/v2\/media\/7499"}],"wp:attachment":[{"href":"https:\/\/agora.xtec.cat\/insbadiaimargarit\/wp-json\/wp\/v2\/media?parent=7498"}],"wp:term":[{"taxonomy":"category","embeddable":true,"href":"https:\/\/agora.xtec.cat\/insbadiaimargarit\/wp-json\/wp\/v2\/categories?post=7498"},{"taxonomy":"post_tag","embeddable":true,"href":"https:\/\/agora.xtec.cat\/insbadiaimargarit\/wp-json\/wp\/v2\/tags?post=7498"}],"curies":[{"name":"wp","href":"https:\/\/api.w.org\/{rel}","templated":true}]}}