{"id":7488,"date":"2022-02-08T17:41:10","date_gmt":"2022-02-08T16:41:10","guid":{"rendered":"https:\/\/agora.xtec.cat\/insbadiaimargarit\/?p=7488"},"modified":"2022-02-08T17:41:10","modified_gmt":"2022-02-08T16:41:10","slug":"la-cecilia-locell-daigues-encantades-claudia-teres","status":"publish","type":"post","link":"https:\/\/agora.xtec.cat\/insbadiaimargarit\/general\/la-cecilia-locell-daigues-encantades-claudia-teres\/","title":{"rendered":"La Cec\u00edlia, l\u2019ocell d\u2019Aig\u00fces Encantades\u00a0(Cl\u00e0udia Ter\u00e9s)"},"content":{"rendered":"<p>&nbsp;<\/p>\n<p><a href=\"https:\/\/agora.xtec.cat\/insbadiaimargarit\/wp-content\/uploads\/usu348\/2022\/02\/Aigues-encantades.jpg\"><img loading=\"lazy\" decoding=\"async\" class=\"alignnone wp-image-7489\" src=\"https:\/\/agora.xtec.cat\/insbadiaimargarit\/wp-content\/uploads\/usu348\/2022\/02\/Aigues-encantades.jpg\" alt=\"\" width=\"503\" height=\"335\" srcset=\"https:\/\/agora.xtec.cat\/insbadiaimargarit\/wp-content\/uploads\/usu348\/2022\/02\/Aigues-encantades.jpg 800w, https:\/\/agora.xtec.cat\/insbadiaimargarit\/wp-content\/uploads\/usu348\/2022\/02\/Aigues-encantades-300x200.jpg 300w, https:\/\/agora.xtec.cat\/insbadiaimargarit\/wp-content\/uploads\/usu348\/2022\/02\/Aigues-encantades-768x512.jpg 768w\" sizes=\"auto, (max-width: 503px) 100vw, 503px\" \/><\/a><\/p>\n<p><span style=\"font-weight: 400;\">El passat divendres 28 de gener, els alumnes de segon de batxillerat vam anar al teatre a veure una representaci\u00f3 teatral adaptada de la lectura <\/span><strong><i>Aig\u00fces Encantades<\/i><\/strong><span style=\"font-weight: 400;\"> escrita l\u2019any 1907 per Joan Puig i Ferrater.\u00a0<\/span><\/p>\n<p><span style=\"font-weight: 400;\">En aquesta obra, un dels personatges m\u00e9s impactants \u00e9s la Cec\u00edlia, una jove rebel filla de pares molt religiosos. La Cec\u00edlia \u00e9s una noia que ha estudiat a la ciutat l\u2019ofici de mestra i, per tant, \u00e9s culta i ha apr\u00e8s de les diverses ideologies, \u00e9s all\u00e0 on s\u2019adona com la creen\u00e7a cap a un D\u00e9u \u00e9s capa\u00e7 de cegar la societat i evitar-ne el seu progr\u00e9s. Ara b\u00e9, tot i l\u2019autoritarisme de la seva fam\u00edlia en contra dels seus pensaments progressistes, ella continua denunciant que la societat en qu\u00e8 conviu continua marcada per una estructura cl\u00e0ssica de car\u00e0cter tradicional i religi\u00f3s que no deixa pas a noves idees de progr\u00e9s.\u00a0<\/span><\/p>\n<p><span style=\"font-weight: 400;\">En definitiva, la Cec\u00edlia \u00e9s una jove que es troba molt avan\u00e7ada a la seva \u00e8poca pels pensaments progressistes i la ment oberta. A m\u00e9s a m\u00e9s, destaca per la for\u00e7a amb qu\u00e8 defensa la llibertat individual i la convicci\u00f3 amb qu\u00e8 intenta desfer-se dels seus lligams religiosos i tradicionals.\u00a0<\/span><\/p>\n<p><span style=\"font-weight: 400;\">Cl\u00e0udia Ter\u00e9s Oliver, 2n batxillerat A<\/span><\/p>\n","protected":false},"excerpt":{"rendered":"<p>&nbsp;<br \/>\n<a href=\"https:\/\/agora.xtec.cat\/insbadiaimargarit\/wp-content\/uploads\/usu348\/2022\/02\/Aigues-encantades.jpg\"><\/a><br \/>\nEl passat divendres 28 de gener, els alumnes de segon de batxillerat vam anar al teatre a veure una representaci\u00f3 teatral adaptada de la lectura Aig\u00fces Encantades escrita l\u2019any 1907 per Joan Puig i Ferrater.\u00a0<br \/>\nEn aquesta obra, un dels personatges m\u00e9s impactants \u00e9s la&hellip;  <a href=\"https:\/\/agora.xtec.cat\/insbadiaimargarit\/general\/la-cecilia-locell-daigues-encantades-claudia-teres\/\" title=\"Read La Cec\u00edlia, l\u2019ocell d\u2019Aig\u00fces Encantades\u00a0(Cl\u00e0udia Ter\u00e9s)\">Llegeix m\u00e9s\u00bb<\/a><\/p>\n","protected":false},"author":2,"featured_media":7506,"comment_status":"closed","ping_status":"closed","sticky":false,"template":"","format":"standard","meta":{"_bbp_topic_count":0,"_bbp_reply_count":0,"_bbp_total_topic_count":0,"_bbp_total_reply_count":0,"_bbp_voice_count":0,"_bbp_anonymous_reply_count":0,"_bbp_topic_count_hidden":0,"_bbp_reply_count_hidden":0,"_bbp_forum_subforum_count":0,"footnotes":""},"categories":[218,1,29],"tags":[268,309,124,39,40],"class_list":["post-7488","post","type-post","status-publish","format-standard","has-post-thumbnail","hentry","category-batillerat","category-general","category-portada","tag-batxillerat","tag-curs-2021-22","tag-projecte-educatiu","tag-sortides","tag-teatre"],"post_mailing_queue_ids":[],"_links":{"self":[{"href":"https:\/\/agora.xtec.cat\/insbadiaimargarit\/wp-json\/wp\/v2\/posts\/7488","targetHints":{"allow":["GET"]}}],"collection":[{"href":"https:\/\/agora.xtec.cat\/insbadiaimargarit\/wp-json\/wp\/v2\/posts"}],"about":[{"href":"https:\/\/agora.xtec.cat\/insbadiaimargarit\/wp-json\/wp\/v2\/types\/post"}],"author":[{"embeddable":true,"href":"https:\/\/agora.xtec.cat\/insbadiaimargarit\/wp-json\/wp\/v2\/users\/2"}],"replies":[{"embeddable":true,"href":"https:\/\/agora.xtec.cat\/insbadiaimargarit\/wp-json\/wp\/v2\/comments?post=7488"}],"version-history":[{"count":2,"href":"https:\/\/agora.xtec.cat\/insbadiaimargarit\/wp-json\/wp\/v2\/posts\/7488\/revisions"}],"predecessor-version":[{"id":7505,"href":"https:\/\/agora.xtec.cat\/insbadiaimargarit\/wp-json\/wp\/v2\/posts\/7488\/revisions\/7505"}],"wp:featuredmedia":[{"embeddable":true,"href":"https:\/\/agora.xtec.cat\/insbadiaimargarit\/wp-json\/wp\/v2\/media\/7506"}],"wp:attachment":[{"href":"https:\/\/agora.xtec.cat\/insbadiaimargarit\/wp-json\/wp\/v2\/media?parent=7488"}],"wp:term":[{"taxonomy":"category","embeddable":true,"href":"https:\/\/agora.xtec.cat\/insbadiaimargarit\/wp-json\/wp\/v2\/categories?post=7488"},{"taxonomy":"post_tag","embeddable":true,"href":"https:\/\/agora.xtec.cat\/insbadiaimargarit\/wp-json\/wp\/v2\/tags?post=7488"}],"curies":[{"name":"wp","href":"https:\/\/api.w.org\/{rel}","templated":true}]}}