{"id":7352,"date":"2022-01-11T16:30:30","date_gmt":"2022-01-11T15:30:30","guid":{"rendered":"https:\/\/agora.xtec.cat\/insbadiaimargarit\/?p=7352"},"modified":"2022-01-11T16:30:30","modified_gmt":"2022-01-11T15:30:30","slug":"2n-de-batxillerat-al-planta-baixa-de-tv3","status":"publish","type":"post","link":"https:\/\/agora.xtec.cat\/insbadiaimargarit\/general\/2n-de-batxillerat-al-planta-baixa-de-tv3\/","title":{"rendered":"2n de batxillerat al Planta Baixa de TV3"},"content":{"rendered":"<p>El passat 25 d&#8217;octubre el programa <em>Planta Baixa<\/em> de TV3 va convidar l&#8217;alumnat de 2n de batxillerat a assistir-hi com a p\u00fablic. En arribar als estudis de TV3 ens van atendre el director i el productor del programa i ens van explicar com es fa un programa diari d&#8217;actualitat. A m\u00e9s a m\u00e9s ens van ensenyar els plat\u00f3s i instal\u00b7lacions i explicar els oficis relacionats en la producci\u00f3 de serials, telenot\u00edcies, programes especials, etc.<\/p>\n<p><i>Planta baixa<\/i> \u00e9s un magaz\u00edn d&#8217;actualitat social i pol\u00edtica, amb reporters al carrer, moltes connexions, sense tert\u00falies i amb p\u00fablic al plat\u00f3. Fan &#8216;periodisme de carrer, periodisme de Planta Baixa&#8217; amb tota una generaci\u00f3 nova de periodistes s&#8217;ha estrenat a la televisi\u00f3 per aportar-hi un punt de vista jove, in\u00e8dit i modern del que passa a Catalunya. El dia en qu\u00e8 vam assistir de p\u00fablic es van tractar diversos temes, entre els quals hi havia el de la llibertat d&#8217;expressi\u00f3 a una televisi\u00f3 p\u00fablica, tema debatut per periodistes i el director de Televisi\u00f3 de Catalunya.<a href=\"https:\/\/agora.xtec.cat\/insbadiaimargarit\/wp-content\/uploads\/usu348\/2021\/11\/Foto-5-scaled.jpg\"><img loading=\"lazy\" decoding=\"async\" class=\"alignnone size-large wp-image-7354\" src=\"https:\/\/agora.xtec.cat\/insbadiaimargarit\/wp-content\/uploads\/usu348\/2021\/11\/Foto-5-1024x766.jpg\" alt=\"\" width=\"1024\" height=\"766\" srcset=\"https:\/\/agora.xtec.cat\/insbadiaimargarit\/wp-content\/uploads\/usu348\/2021\/11\/Foto-5-1024x766.jpg 1024w, https:\/\/agora.xtec.cat\/insbadiaimargarit\/wp-content\/uploads\/usu348\/2021\/11\/Foto-5-300x224.jpg 300w, https:\/\/agora.xtec.cat\/insbadiaimargarit\/wp-content\/uploads\/usu348\/2021\/11\/Foto-5-768x574.jpg 768w, https:\/\/agora.xtec.cat\/insbadiaimargarit\/wp-content\/uploads\/usu348\/2021\/11\/Foto-5-1536x1149.jpg 1536w, https:\/\/agora.xtec.cat\/insbadiaimargarit\/wp-content\/uploads\/usu348\/2021\/11\/Foto-5-2048x1531.jpg 2048w, https:\/\/agora.xtec.cat\/insbadiaimargarit\/wp-content\/uploads\/usu348\/2021\/11\/Foto-5-200x150.jpg 200w\" sizes=\"auto, (max-width: 1024px) 100vw, 1024px\" \/><\/a><\/p>\n","protected":false},"excerpt":{"rendered":"<p>El passat 25 d&#8217;octubre el programa Planta Baixa de TV3 va convidar l&#8217;alumnat de 2n de batxillerat a assistir-hi com a p\u00fablic. En arribar als estudis de TV3 ens van atendre el director i el productor del programa i ens van explicar com es fa&hellip;  <a href=\"https:\/\/agora.xtec.cat\/insbadiaimargarit\/general\/2n-de-batxillerat-al-planta-baixa-de-tv3\/\" title=\"Read 2n de batxillerat al Planta Baixa de TV3\">Llegeix m\u00e9s\u00bb<\/a><\/p>\n","protected":false},"author":2,"featured_media":481,"comment_status":"closed","ping_status":"closed","sticky":false,"template":"","format":"standard","meta":{"_bbp_topic_count":0,"_bbp_reply_count":0,"_bbp_total_topic_count":0,"_bbp_total_reply_count":0,"_bbp_voice_count":0,"_bbp_anonymous_reply_count":0,"_bbp_topic_count_hidden":0,"_bbp_reply_count_hidden":0,"_bbp_forum_subforum_count":0,"footnotes":""},"categories":[218,1,110,29,106],"tags":[268,309,124,39,40],"class_list":["post-7352","post","type-post","status-publish","format-standard","has-post-thumbnail","hentry","category-batillerat","category-general","category-teatre","category-portada","category-projecte-educatiu","tag-batxillerat","tag-curs-2021-22","tag-projecte-educatiu","tag-sortides","tag-teatre"],"post_mailing_queue_ids":[],"_links":{"self":[{"href":"https:\/\/agora.xtec.cat\/insbadiaimargarit\/wp-json\/wp\/v2\/posts\/7352","targetHints":{"allow":["GET"]}}],"collection":[{"href":"https:\/\/agora.xtec.cat\/insbadiaimargarit\/wp-json\/wp\/v2\/posts"}],"about":[{"href":"https:\/\/agora.xtec.cat\/insbadiaimargarit\/wp-json\/wp\/v2\/types\/post"}],"author":[{"embeddable":true,"href":"https:\/\/agora.xtec.cat\/insbadiaimargarit\/wp-json\/wp\/v2\/users\/2"}],"replies":[{"embeddable":true,"href":"https:\/\/agora.xtec.cat\/insbadiaimargarit\/wp-json\/wp\/v2\/comments?post=7352"}],"version-history":[{"count":1,"href":"https:\/\/agora.xtec.cat\/insbadiaimargarit\/wp-json\/wp\/v2\/posts\/7352\/revisions"}],"predecessor-version":[{"id":7409,"href":"https:\/\/agora.xtec.cat\/insbadiaimargarit\/wp-json\/wp\/v2\/posts\/7352\/revisions\/7409"}],"wp:featuredmedia":[{"embeddable":true,"href":"https:\/\/agora.xtec.cat\/insbadiaimargarit\/wp-json\/wp\/v2\/media\/481"}],"wp:attachment":[{"href":"https:\/\/agora.xtec.cat\/insbadiaimargarit\/wp-json\/wp\/v2\/media?parent=7352"}],"wp:term":[{"taxonomy":"category","embeddable":true,"href":"https:\/\/agora.xtec.cat\/insbadiaimargarit\/wp-json\/wp\/v2\/categories?post=7352"},{"taxonomy":"post_tag","embeddable":true,"href":"https:\/\/agora.xtec.cat\/insbadiaimargarit\/wp-json\/wp\/v2\/tags?post=7352"}],"curies":[{"name":"wp","href":"https:\/\/api.w.org\/{rel}","templated":true}]}}