{"id":7098,"date":"2021-10-16T11:44:50","date_gmt":"2021-10-16T09:44:50","guid":{"rendered":"https:\/\/agora.xtec.cat\/insbadiaimargarit\/?p=7098"},"modified":"2021-10-16T11:44:50","modified_gmt":"2021-10-16T09:44:50","slug":"1r-de-batxillerat-reflexiona-sobre-lobra-de-merce-rodoreda","status":"publish","type":"post","link":"https:\/\/agora.xtec.cat\/insbadiaimargarit\/general\/1r-de-batxillerat-reflexiona-sobre-lobra-de-merce-rodoreda\/","title":{"rendered":"1r de batxillerat reflexiona sobre l&#8217;obra de Merc\u00e8 Rodoreda"},"content":{"rendered":"<p>El 10 de setembre els alumnes de 1r de batxillerat vam veure l&#8217;obra <em>Quanta quanta guerra<\/em>&#8230;, una adaptaci\u00f3 teatral de la novel\u00b7la de Merc\u00e8 Rodoreda feta per Biel Rossell i Pep Farr\u00e9s.<\/p>\n<p>L&#8217;obra\u00a0<i>Quanta quanta guerra&#8230; <\/i>explica la hist\u00f2ria de l&#8217;Adri\u00e0 Guinart, un jove de quinze anys que s&#8217;escapa de casa per anar a la guerra.<\/p>\n<div>Fuig i camina sol pel m\u00f3n, adonant-se de la seva realitat, for\u00e0 de la seva vella casa situada en un dels barris de Barcelona, on es troba tan empresonat.\u00a0En la seva traject\u00f2ria es creua amb diversos personatges, entre ells l&#8217;Eva, de la qual s&#8217;enamora\u00a0perdudament.<\/div>\n<div>Em van cridar l&#8217;atenci\u00f3 diversos aspectes de l&#8217;obra, principalment la forma art\u00edstica en qu\u00e8 representen el que passa dins del cap de l&#8217;Adri\u00e0, mitjan\u00e7ant la m\u00fasica i el di\u00e0leg, i com aconsegueixen representar els personatges que van dialogant amb l&#8217;Adri\u00e0 d&#8217;una manera tan diferent. A m\u00e9s a m\u00e9s, cal parlar de la gran escena de les m\u00e0scares ja que em va deixar reflexionant durant una bona estona, fins que vaig arribar a la conclusi\u00f3 que l&#8217;escena representava la fi de la joventut de l&#8217;Adri\u00e0, no perqu\u00e8 ja no fos jove sin\u00f3 perqu\u00e8 a la guerra havia vist tantes coses que el nen que portava dins havia mort, i ho demostra enterrant la m\u00e0scara junt amb el fill mort de la viuda.<\/div>\n<div><\/div>\n<div style=\"text-align: right;\"><strong>Cl\u00e0udia Dom\u00e8nech Torralba\u00a0\u00a0&#8211; 1r Batxillerat B<\/strong><\/div>\n<div><\/div>\n<div><\/div>\n<div><\/div>\n<div>\n<p><i><span style=\"font-weight: 400;\">Quanta, quanta guerra<\/span><\/i><span style=\"font-weight: 400;\"> \u00e9s un espectacle que es va celebrar el passat dijous 23 de setembre a l\u2019Ateneu d\u2019igualada, l\u2019obra va ser realitzada per en Biel Rossell i en Biel Serena a c\u00e0rrec tamb\u00e9 de Farr\u00e9s Brothers, la novel\u00b7la original va ser escrita per Merc\u00e8 Rodoreda.<\/span><\/p>\n<p><span style=\"font-weight: 400;\">La trama principal de l\u2019espectacle tracta sobre un noi jove que decideix anar cap a la guerra en cerca de noves experi\u00e8ncies, perqu\u00e8 sempre s\u2019avorria a casa seva. Durant tot aquest trajecte li passen una successi\u00f3 de fets, com per exemple que un company li dona un collaret i li diu que el protegir\u00e0, s\u2019enamora, coneix a gent nova, etc.<\/span><\/p>\n<p><span style=\"font-weight: 400;\">Personalment aquest espectacle m\u2019ha semblat molt diferent ja que va ser en un espai redu\u00eft, aix\u00f2 va fer connectar molt m\u00e9s l\u2019espectacle amb el p\u00fablic. Tamb\u00e9 em va semblar molt interessant que els actors fossin d\u2019una edat molt similar a la nostra, ja que en la novel\u00b7la el protagonista \u00e9s un adolescent. Van utilitzar molt poca escenografia i aix\u00f2 va ser una cosa molt inusual, en comparaci\u00f3 al teatre cl\u00e0ssic al qual estem acostumats.<\/span><\/p>\n<p style=\"text-align: right;\"><strong>Roger Trull &#8211; 1r Batxillerat A<\/strong><\/p>\n<\/div>\n<div><\/div>\n<div><\/div>\n<div><\/div>\n<div><\/div>\n<div><a href=\"https:\/\/agora.xtec.cat\/insbadiaimargarit\/wp-content\/uploads\/usu348\/2021\/10\/QQG.jpg\"><img loading=\"lazy\" decoding=\"async\" class=\"size-full wp-image-7099 aligncenter\" src=\"https:\/\/agora.xtec.cat\/insbadiaimargarit\/wp-content\/uploads\/usu348\/2021\/10\/QQG.jpg\" alt=\"\" width=\"640\" height=\"480\" srcset=\"https:\/\/agora.xtec.cat\/insbadiaimargarit\/wp-content\/uploads\/usu348\/2021\/10\/QQG.jpg 640w, https:\/\/agora.xtec.cat\/insbadiaimargarit\/wp-content\/uploads\/usu348\/2021\/10\/QQG-300x225.jpg 300w, https:\/\/agora.xtec.cat\/insbadiaimargarit\/wp-content\/uploads\/usu348\/2021\/10\/QQG-200x150.jpg 200w\" sizes=\"auto, (max-width: 640px) 100vw, 640px\" \/><\/a><\/div>\n<div><\/div>\n","protected":false},"excerpt":{"rendered":"<p>El 10 de setembre els alumnes de 1r de batxillerat vam veure l&#8217;obra Quanta quanta guerra&#8230;, una adaptaci\u00f3 teatral de la novel\u00b7la de Merc\u00e8 Rodoreda feta per Biel Rossell i Pep Farr\u00e9s.<br \/>\nL&#8217;obra\u00a0Quanta quanta guerra&#8230; explica la hist\u00f2ria de l&#8217;Adri\u00e0 Guinart, un jove de quinze anys&hellip;  <a href=\"https:\/\/agora.xtec.cat\/insbadiaimargarit\/general\/1r-de-batxillerat-reflexiona-sobre-lobra-de-merce-rodoreda\/\" title=\"Read 1r de batxillerat reflexiona sobre l&#8217;obra de Merc\u00e8 Rodoreda\">Llegeix m\u00e9s\u00bb<\/a><\/p>\n","protected":false},"author":2,"featured_media":7122,"comment_status":"closed","ping_status":"closed","sticky":false,"template":"","format":"standard","meta":{"_bbp_topic_count":0,"_bbp_reply_count":0,"_bbp_total_topic_count":0,"_bbp_total_reply_count":0,"_bbp_voice_count":0,"_bbp_anonymous_reply_count":0,"_bbp_topic_count_hidden":0,"_bbp_reply_count_hidden":0,"_bbp_forum_subforum_count":0,"footnotes":""},"categories":[218,1,29],"tags":[268,309,40],"class_list":["post-7098","post","type-post","status-publish","format-standard","has-post-thumbnail","hentry","category-batillerat","category-general","category-portada","tag-batxillerat","tag-curs-2021-22","tag-teatre"],"post_mailing_queue_ids":[],"_links":{"self":[{"href":"https:\/\/agora.xtec.cat\/insbadiaimargarit\/wp-json\/wp\/v2\/posts\/7098","targetHints":{"allow":["GET"]}}],"collection":[{"href":"https:\/\/agora.xtec.cat\/insbadiaimargarit\/wp-json\/wp\/v2\/posts"}],"about":[{"href":"https:\/\/agora.xtec.cat\/insbadiaimargarit\/wp-json\/wp\/v2\/types\/post"}],"author":[{"embeddable":true,"href":"https:\/\/agora.xtec.cat\/insbadiaimargarit\/wp-json\/wp\/v2\/users\/2"}],"replies":[{"embeddable":true,"href":"https:\/\/agora.xtec.cat\/insbadiaimargarit\/wp-json\/wp\/v2\/comments?post=7098"}],"version-history":[{"count":3,"href":"https:\/\/agora.xtec.cat\/insbadiaimargarit\/wp-json\/wp\/v2\/posts\/7098\/revisions"}],"predecessor-version":[{"id":7123,"href":"https:\/\/agora.xtec.cat\/insbadiaimargarit\/wp-json\/wp\/v2\/posts\/7098\/revisions\/7123"}],"wp:featuredmedia":[{"embeddable":true,"href":"https:\/\/agora.xtec.cat\/insbadiaimargarit\/wp-json\/wp\/v2\/media\/7122"}],"wp:attachment":[{"href":"https:\/\/agora.xtec.cat\/insbadiaimargarit\/wp-json\/wp\/v2\/media?parent=7098"}],"wp:term":[{"taxonomy":"category","embeddable":true,"href":"https:\/\/agora.xtec.cat\/insbadiaimargarit\/wp-json\/wp\/v2\/categories?post=7098"},{"taxonomy":"post_tag","embeddable":true,"href":"https:\/\/agora.xtec.cat\/insbadiaimargarit\/wp-json\/wp\/v2\/tags?post=7098"}],"curies":[{"name":"wp","href":"https:\/\/api.w.org\/{rel}","templated":true}]}}