{"id":6946,"date":"2021-06-27T18:41:04","date_gmt":"2021-06-27T16:41:04","guid":{"rendered":"http:\/\/agora.xtec.cat\/insbadiaimargarit\/?p=6946"},"modified":"2021-06-27T18:53:25","modified_gmt":"2021-06-27T16:53:25","slug":"experimentem-la-fisica-al-tibidabo","status":"publish","type":"post","link":"https:\/\/agora.xtec.cat\/insbadiaimargarit\/batillerat\/experimentem-la-fisica-al-tibidabo\/","title":{"rendered":"Experimentem la f\u00edsica al Tibidabo"},"content":{"rendered":"<p>El divendres 28 maig l&#8217;alumnat de F\u00edsica de 1r de Batxillerat va participar al Parc d&#8217;Atraccions del Tibidabo de la jornada Fisidabo que organitza la Universitat Polit\u00e8cnica de Catalunya, juntament amb un total de 1200 alumnes de 4t d&#8217;ESO i Batxilleratd&#8217;altres instituts de Catalunya. Aquesta jornada consisteix en experimentar diferents conceptes de f\u00edsica pujant a les atraccions, prenent dades i fent c\u00e0lculs.<\/p>\n<p>L\u2019objectiu del Fisidabo, a m\u00e9s d&#8217;aprendre f\u00edsica i matem\u00e0tiques, \u00e9s passar-s&#8217;ho b\u00e9, \u00e9s una manera d&#8217;entendre i experimentar conceptes d&#8217;una manera l\u00fadica i fora de l&#8217;aula. La Muntanya russa, el Tren de la mina, el Giradabo, el Crash cars, el Diabolo o el Vaixell pirata van ser alguna de les activitats que m\u00e9s van agradar. L&#8217;alumnat va poder sentir en \u00a0pr\u00f2pia pell la variaci\u00f3 de la quantitat de moviment rebent col\u00b7lisions del Santi, van poder veure com es marejava a la Muntanya russa degut a l&#8217;acceleraci\u00f3 centr\u00edpeta canviant o van poder comprovar l&#8217;acceleraci\u00f3 de la gravetat observant el Vaixell pirata.<\/p>\n<p>Sens dubte una jornada \u00fanica que l&#8217;alumnat de F\u00edsica recordar\u00e0 per sempre.<\/p>\n<p><a href=\"https:\/\/agora.xtec.cat\/insbadiaimargarit\/wp-content\/uploads\/usu348\/2021\/06\/IMG_20210528_111001.jpg\"><img loading=\"lazy\" decoding=\"async\" class=\"alignnone size-large wp-image-6947\" src=\"https:\/\/agora.xtec.cat\/insbadiaimargarit\/wp-content\/uploads\/usu348\/2021\/06\/IMG_20210528_111001-1024x768.jpg\" alt=\"\" width=\"1024\" height=\"768\" srcset=\"https:\/\/agora.xtec.cat\/insbadiaimargarit\/wp-content\/uploads\/usu348\/2021\/06\/IMG_20210528_111001-1024x768.jpg 1024w, https:\/\/agora.xtec.cat\/insbadiaimargarit\/wp-content\/uploads\/usu348\/2021\/06\/IMG_20210528_111001-300x225.jpg 300w, https:\/\/agora.xtec.cat\/insbadiaimargarit\/wp-content\/uploads\/usu348\/2021\/06\/IMG_20210528_111001-768x576.jpg 768w, https:\/\/agora.xtec.cat\/insbadiaimargarit\/wp-content\/uploads\/usu348\/2021\/06\/IMG_20210528_111001-200x150.jpg 200w\" sizes=\"auto, (max-width: 1024px) 100vw, 1024px\" \/><\/a><\/p>\n<p>&nbsp;<\/p>\n","protected":false},"excerpt":{"rendered":"<p>El divendres 28 maig l&#8217;alumnat de F\u00edsica de 1r de Batxillerat va participar al Parc d&#8217;Atraccions del Tibidabo de la jornada Fisidabo que organitza la Universitat Polit\u00e8cnica de Catalunya, juntament amb un total de 1200 alumnes de 4t d&#8217;ESO i Batxilleratd&#8217;altres instituts de Catalunya. Aquesta&hellip;  <a href=\"https:\/\/agora.xtec.cat\/insbadiaimargarit\/batillerat\/experimentem-la-fisica-al-tibidabo\/\" title=\"Read Experimentem la f\u00edsica al Tibidabo\">Llegeix m\u00e9s\u00bb<\/a><\/p>\n","protected":false},"author":145,"featured_media":6947,"comment_status":"closed","ping_status":"closed","sticky":true,"template":"","format":"standard","meta":{"_bbp_topic_count":0,"_bbp_reply_count":0,"_bbp_total_topic_count":0,"_bbp_total_reply_count":0,"_bbp_voice_count":0,"_bbp_anonymous_reply_count":0,"_bbp_topic_count_hidden":0,"_bbp_reply_count_hidden":0,"_bbp_forum_subforum_count":0,"footnotes":""},"categories":[218,320],"tags":[266,39],"class_list":["post-6946","post","type-post","status-publish","format-standard","has-post-thumbnail","hentry","category-batillerat","category-steam","tag-curs-2020-21","tag-sortides"],"post_mailing_queue_ids":[],"_links":{"self":[{"href":"https:\/\/agora.xtec.cat\/insbadiaimargarit\/wp-json\/wp\/v2\/posts\/6946","targetHints":{"allow":["GET"]}}],"collection":[{"href":"https:\/\/agora.xtec.cat\/insbadiaimargarit\/wp-json\/wp\/v2\/posts"}],"about":[{"href":"https:\/\/agora.xtec.cat\/insbadiaimargarit\/wp-json\/wp\/v2\/types\/post"}],"author":[{"embeddable":true,"href":"https:\/\/agora.xtec.cat\/insbadiaimargarit\/wp-json\/wp\/v2\/users\/145"}],"replies":[{"embeddable":true,"href":"https:\/\/agora.xtec.cat\/insbadiaimargarit\/wp-json\/wp\/v2\/comments?post=6946"}],"version-history":[{"count":2,"href":"https:\/\/agora.xtec.cat\/insbadiaimargarit\/wp-json\/wp\/v2\/posts\/6946\/revisions"}],"predecessor-version":[{"id":6949,"href":"https:\/\/agora.xtec.cat\/insbadiaimargarit\/wp-json\/wp\/v2\/posts\/6946\/revisions\/6949"}],"wp:featuredmedia":[{"embeddable":true,"href":"https:\/\/agora.xtec.cat\/insbadiaimargarit\/wp-json\/wp\/v2\/media\/6947"}],"wp:attachment":[{"href":"https:\/\/agora.xtec.cat\/insbadiaimargarit\/wp-json\/wp\/v2\/media?parent=6946"}],"wp:term":[{"taxonomy":"category","embeddable":true,"href":"https:\/\/agora.xtec.cat\/insbadiaimargarit\/wp-json\/wp\/v2\/categories?post=6946"},{"taxonomy":"post_tag","embeddable":true,"href":"https:\/\/agora.xtec.cat\/insbadiaimargarit\/wp-json\/wp\/v2\/tags?post=6946"}],"curies":[{"name":"wp","href":"https:\/\/api.w.org\/{rel}","templated":true}]}}