{"id":6649,"date":"2021-04-21T13:02:39","date_gmt":"2021-04-21T11:02:39","guid":{"rendered":"http:\/\/agora.xtec.cat\/insbadiaimargarit\/?p=6649"},"modified":"2021-04-21T13:03:04","modified_gmt":"2021-04-21T11:03:04","slug":"tancant-el-trimestre-al-laboratori","status":"publish","type":"post","link":"https:\/\/agora.xtec.cat\/insbadiaimargarit\/portada\/tancant-el-trimestre-al-laboratori\/","title":{"rendered":"Tancant el trimestre al laboratori"},"content":{"rendered":"<p>El passat dijous 25 de mar\u00e7, els alumnes de batxillerat vam elaborar una activitat per fer un bon tancament de trimestre. Els qu\u00edmics i bi\u00f2legs del batxillerat cient\u00edfic vam dur a terme una pr\u00e0ctica de laboratori per observar espectres at\u00f2mics. El t\u00edtol de la pr\u00e0ctica \u00e9s &#8220;Assaig a la flama&#8221; i a continuaci\u00f3 us deixem amb algunes imatges dels resultats que vam poder observar.<\/p>\n<p>Desitgem que us agradin i que us hagi estimulat la curiositat per saber qu\u00e8 s\u00f3n els espectres at\u00f2mics, per a qu\u00e8 serveixen, quins tipus hi ha&#8230;<\/p>\n<p>Bona Qu\u00edmica!!!<\/p>\n<p>Ivet Carrero<\/p>\n<p><a href=\"https:\/\/agora.xtec.cat\/insbadiaimargarit\/wp-content\/uploads\/usu348\/2021\/04\/Fitxer_003-1.jpeg\"><img loading=\"lazy\" decoding=\"async\" class=\"alignnone wp-image-6655 size-thumbnail\" src=\"https:\/\/agora.xtec.cat\/insbadiaimargarit\/wp-content\/uploads\/usu348\/2021\/04\/Fitxer_003-1-150x150.jpeg\" alt=\"\" width=\"150\" height=\"150\" \/><\/a><\/p>\n<p><a href=\"https:\/\/agora.xtec.cat\/insbadiaimargarit\/wp-content\/uploads\/usu348\/2021\/04\/Fitxer_003.jpeg\"><img loading=\"lazy\" decoding=\"async\" class=\"alignnone wp-image-6650 size-medium\" src=\"https:\/\/agora.xtec.cat\/insbadiaimargarit\/wp-content\/uploads\/usu348\/2021\/04\/Fitxer_003-300x225.jpeg\" alt=\"\" width=\"300\" height=\"225\" srcset=\"https:\/\/agora.xtec.cat\/insbadiaimargarit\/wp-content\/uploads\/usu348\/2021\/04\/Fitxer_003-300x225.jpeg 300w, https:\/\/agora.xtec.cat\/insbadiaimargarit\/wp-content\/uploads\/usu348\/2021\/04\/Fitxer_003-768x576.jpeg 768w, https:\/\/agora.xtec.cat\/insbadiaimargarit\/wp-content\/uploads\/usu348\/2021\/04\/Fitxer_003-1024x768.jpeg 1024w, https:\/\/agora.xtec.cat\/insbadiaimargarit\/wp-content\/uploads\/usu348\/2021\/04\/Fitxer_003-200x150.jpeg 200w\" sizes=\"auto, (max-width: 300px) 100vw, 300px\" \/><\/a> <a href=\"https:\/\/agora.xtec.cat\/insbadiaimargarit\/wp-content\/uploads\/usu348\/2021\/04\/Fitxer_002.jpeg\"><img loading=\"lazy\" decoding=\"async\" class=\"alignnone wp-image-6651 size-medium\" src=\"https:\/\/agora.xtec.cat\/insbadiaimargarit\/wp-content\/uploads\/usu348\/2021\/04\/Fitxer_002-300x225.jpeg\" alt=\"\" width=\"300\" height=\"225\" srcset=\"https:\/\/agora.xtec.cat\/insbadiaimargarit\/wp-content\/uploads\/usu348\/2021\/04\/Fitxer_002-300x225.jpeg 300w, https:\/\/agora.xtec.cat\/insbadiaimargarit\/wp-content\/uploads\/usu348\/2021\/04\/Fitxer_002-768x576.jpeg 768w, https:\/\/agora.xtec.cat\/insbadiaimargarit\/wp-content\/uploads\/usu348\/2021\/04\/Fitxer_002-1024x768.jpeg 1024w, https:\/\/agora.xtec.cat\/insbadiaimargarit\/wp-content\/uploads\/usu348\/2021\/04\/Fitxer_002-200x150.jpeg 200w\" sizes=\"auto, (max-width: 300px) 100vw, 300px\" \/><\/a> <a href=\"https:\/\/agora.xtec.cat\/insbadiaimargarit\/wp-content\/uploads\/usu348\/2021\/04\/Fitxer_001.jpeg\"><img loading=\"lazy\" decoding=\"async\" class=\"alignnone wp-image-6652 size-medium\" src=\"https:\/\/agora.xtec.cat\/insbadiaimargarit\/wp-content\/uploads\/usu348\/2021\/04\/Fitxer_001-300x225.jpeg\" alt=\"\" width=\"300\" height=\"225\" srcset=\"https:\/\/agora.xtec.cat\/insbadiaimargarit\/wp-content\/uploads\/usu348\/2021\/04\/Fitxer_001-300x225.jpeg 300w, https:\/\/agora.xtec.cat\/insbadiaimargarit\/wp-content\/uploads\/usu348\/2021\/04\/Fitxer_001-768x576.jpeg 768w, https:\/\/agora.xtec.cat\/insbadiaimargarit\/wp-content\/uploads\/usu348\/2021\/04\/Fitxer_001-1024x768.jpeg 1024w, https:\/\/agora.xtec.cat\/insbadiaimargarit\/wp-content\/uploads\/usu348\/2021\/04\/Fitxer_001-200x150.jpeg 200w\" sizes=\"auto, (max-width: 300px) 100vw, 300px\" \/><\/a> <a href=\"https:\/\/agora.xtec.cat\/insbadiaimargarit\/wp-content\/uploads\/usu348\/2021\/04\/Fitxer_000.jpeg\"><img loading=\"lazy\" decoding=\"async\" class=\"alignnone wp-image-6653 size-medium\" src=\"https:\/\/agora.xtec.cat\/insbadiaimargarit\/wp-content\/uploads\/usu348\/2021\/04\/Fitxer_000-300x225.jpeg\" alt=\"\" width=\"300\" height=\"225\" srcset=\"https:\/\/agora.xtec.cat\/insbadiaimargarit\/wp-content\/uploads\/usu348\/2021\/04\/Fitxer_000-300x225.jpeg 300w, https:\/\/agora.xtec.cat\/insbadiaimargarit\/wp-content\/uploads\/usu348\/2021\/04\/Fitxer_000-768x576.jpeg 768w, https:\/\/agora.xtec.cat\/insbadiaimargarit\/wp-content\/uploads\/usu348\/2021\/04\/Fitxer_000-1024x768.jpeg 1024w, https:\/\/agora.xtec.cat\/insbadiaimargarit\/wp-content\/uploads\/usu348\/2021\/04\/Fitxer_000-200x150.jpeg 200w\" sizes=\"auto, (max-width: 300px) 100vw, 300px\" \/><\/a><\/p>\n","protected":false},"excerpt":{"rendered":"<p>El passat dijous 25 de mar\u00e7, els alumnes de batxillerat vam elaborar una activitat per fer un bon tancament de trimestre. Els qu\u00edmics i bi\u00f2legs del batxillerat cient\u00edfic vam dur a terme una pr\u00e0ctica de laboratori per observar espectres at\u00f2mics. El t\u00edtol de la pr\u00e0ctica&hellip;  <a href=\"https:\/\/agora.xtec.cat\/insbadiaimargarit\/portada\/tancant-el-trimestre-al-laboratori\/\" title=\"Read Tancant el trimestre al laboratori\">Llegeix m\u00e9s\u00bb<\/a><\/p>\n","protected":false},"author":175,"featured_media":6653,"comment_status":"open","ping_status":"closed","sticky":false,"template":"","format":"standard","meta":{"_bbp_topic_count":0,"_bbp_reply_count":0,"_bbp_total_topic_count":0,"_bbp_total_reply_count":0,"_bbp_voice_count":0,"_bbp_anonymous_reply_count":0,"_bbp_topic_count_hidden":0,"_bbp_reply_count_hidden":0,"_bbp_forum_subforum_count":0,"footnotes":""},"categories":[218,131,29,106],"tags":[268,266,124],"class_list":["post-6649","post","type-post","status-publish","format-standard","has-post-thumbnail","hentry","category-batillerat","category-espai-cientific","category-portada","category-projecte-educatiu","tag-batxillerat","tag-curs-2020-21","tag-projecte-educatiu"],"post_mailing_queue_ids":[],"_links":{"self":[{"href":"https:\/\/agora.xtec.cat\/insbadiaimargarit\/wp-json\/wp\/v2\/posts\/6649","targetHints":{"allow":["GET"]}}],"collection":[{"href":"https:\/\/agora.xtec.cat\/insbadiaimargarit\/wp-json\/wp\/v2\/posts"}],"about":[{"href":"https:\/\/agora.xtec.cat\/insbadiaimargarit\/wp-json\/wp\/v2\/types\/post"}],"author":[{"embeddable":true,"href":"https:\/\/agora.xtec.cat\/insbadiaimargarit\/wp-json\/wp\/v2\/users\/175"}],"replies":[{"embeddable":true,"href":"https:\/\/agora.xtec.cat\/insbadiaimargarit\/wp-json\/wp\/v2\/comments?post=6649"}],"version-history":[{"count":3,"href":"https:\/\/agora.xtec.cat\/insbadiaimargarit\/wp-json\/wp\/v2\/posts\/6649\/revisions"}],"predecessor-version":[{"id":6659,"href":"https:\/\/agora.xtec.cat\/insbadiaimargarit\/wp-json\/wp\/v2\/posts\/6649\/revisions\/6659"}],"wp:featuredmedia":[{"embeddable":true,"href":"https:\/\/agora.xtec.cat\/insbadiaimargarit\/wp-json\/wp\/v2\/media\/6653"}],"wp:attachment":[{"href":"https:\/\/agora.xtec.cat\/insbadiaimargarit\/wp-json\/wp\/v2\/media?parent=6649"}],"wp:term":[{"taxonomy":"category","embeddable":true,"href":"https:\/\/agora.xtec.cat\/insbadiaimargarit\/wp-json\/wp\/v2\/categories?post=6649"},{"taxonomy":"post_tag","embeddable":true,"href":"https:\/\/agora.xtec.cat\/insbadiaimargarit\/wp-json\/wp\/v2\/tags?post=6649"}],"curies":[{"name":"wp","href":"https:\/\/api.w.org\/{rel}","templated":true}]}}