{"id":6470,"date":"2021-03-08T20:25:37","date_gmt":"2021-03-08T19:25:37","guid":{"rendered":"http:\/\/agora.xtec.cat\/insbadiaimargarit\/?p=6470"},"modified":"2021-03-08T20:25:37","modified_gmt":"2021-03-08T19:25:37","slug":"aprenem-mites-grecs-a-partir-de-lart-visita-a-caixa-forum","status":"publish","type":"post","link":"https:\/\/agora.xtec.cat\/insbadiaimargarit\/eso\/aprenem-mites-grecs-a-partir-de-lart-visita-a-caixa-forum\/","title":{"rendered":"Aprenem mites grecs a partir de l&#8217;art!- Visita a Caixa F\u00f2rum"},"content":{"rendered":"<p>La setmana passada, els alumnes de 4rt de la ESO de l&#8217;optativa de llat\u00ed vam visitar l&#8217;exposici\u00f3 &#8220;Els d\u00e9us del Prado&#8221; organitzada per Caixa F\u00f2rum Barcelona on vam poder gaudir d&#8217;algunes de les pintures i escultures m\u00e9s emblem\u00e0tiques del Museu del Prado de Madrid amb\u00a0 contingut mitol\u00f2gic. Aquesta exposici\u00f3 ens va permetre\u00a0 poder seguir aprenent mitologia grega a trav\u00e9s de l&#8217;art i parlar dels mites treballats a l&#8217;aula. Una oportunitat \u00fanica de poder gaudir a Barcelona d&#8217;obres excepcionals de Rubens, Tizziano, Veronese, Zurbar\u00e1n o Jos\u00e9 de Ribera, entre molts d&#8217;altres.<\/p>\n<p>&nbsp;<\/p>\n<figure class=\"figure wp-caption alignnone\"><a href=\"https:\/\/agora.xtec.cat\/insbadiaimargarit\/wp-content\/uploads\/usu348\/2021\/03\/Narcis-_opt-1.png\"><img loading=\"lazy\" decoding=\"async\" class=\"size-full wp-image-6473\" src=\"https:\/\/agora.xtec.cat\/insbadiaimargarit\/wp-content\/uploads\/usu348\/2021\/03\/Narcis-_opt-1.png\" alt=\"\" width=\"400\" height=\"400\" srcset=\"https:\/\/agora.xtec.cat\/insbadiaimargarit\/wp-content\/uploads\/usu348\/2021\/03\/Narcis-_opt-1.png 400w, https:\/\/agora.xtec.cat\/insbadiaimargarit\/wp-content\/uploads\/usu348\/2021\/03\/Narcis-_opt-1-150x150.png 150w, https:\/\/agora.xtec.cat\/insbadiaimargarit\/wp-content\/uploads\/usu348\/2021\/03\/Narcis-_opt-1-300x300.png 300w\" sizes=\"auto, (max-width: 400px) 100vw, 400px\" \/><\/a><figcaption class=\"wp-caption-text\">&#8220;Narcissus&#8221; de Jean Cossiers (1636-1638)<\/figcaption><\/figure>\n<div class=\"mceTemp\"><\/div>\n<p>&nbsp;<\/p>\n<p>Dijous amb els alumnes de 4rt vam completar la sortida amb una visita al Museu Arqueol\u00f2gic de Barcelona on vam poder contemplar de prop peces del passat grecorom\u00e0 de Catalunya com la famosa est\u00e0tua del d\u00e9u Serapis (coneguda fins fa pocs anys com l&#8217;est\u00e0tua d&#8217;Esculapi o Asclepi) i on van ser els propis alumnes els que ens van explicar algunes d&#8217;aquestes peces, despr\u00e9s d&#8217;haver-se preparat pr\u00e8viament a casa i com a activitat avaluable d&#8217;aquesta sortida.<\/p>\n<figure class=\"figure wp-caption alignnone\"><a href=\"https:\/\/agora.xtec.cat\/insbadiaimargarit\/wp-content\/uploads\/usu348\/2021\/03\/Giorgia-Colombo_opt.jpg\"><img loading=\"lazy\" decoding=\"async\" class=\"size-full wp-image-6472\" src=\"https:\/\/agora.xtec.cat\/insbadiaimargarit\/wp-content\/uploads\/usu348\/2021\/03\/Giorgia-Colombo_opt.jpg\" alt=\"\" width=\"400\" height=\"711\" srcset=\"https:\/\/agora.xtec.cat\/insbadiaimargarit\/wp-content\/uploads\/usu348\/2021\/03\/Giorgia-Colombo_opt.jpg 400w, https:\/\/agora.xtec.cat\/insbadiaimargarit\/wp-content\/uploads\/usu348\/2021\/03\/Giorgia-Colombo_opt-169x300.jpg 169w\" sizes=\"auto, (max-width: 400px) 100vw, 400px\" \/><\/a><figcaption class=\"wp-caption-text\">Explicant l&#8217;escultura del d\u00e9u Serapis al Museu Arqueol\u00f2gic de Barcelona<\/figcaption><\/figure>\n<p>&nbsp;<\/p>\n<p>Divendres, amb els alumnes de 1r de BAT vam repetir la sortida a l&#8217;exposici\u00f3 &#8220;Els d\u00e9us del Prado&#8221; i vam aprofitar l&#8217;estada a Barcelona per visitar tamb\u00e9 el Museu Nacional d&#8217;Art de Catalunya on vam centrar-nos en les obres inspirades en el m\u00f3n cl\u00e0ssic. Una sortida acad\u00e8mica qeu ens va servir per seguir aprenent i un respir necessari en aquesta etapa de confinament de la que en vam gaudir tots plegats.<\/p>\n<figure class=\"figure wp-caption alignnone\"><a href=\"https:\/\/agora.xtec.cat\/insbadiaimargarit\/wp-content\/uploads\/usu348\/2021\/03\/1r-bat_opt.jpg\"><img loading=\"lazy\" decoding=\"async\" class=\"size-full wp-image-6474\" src=\"https:\/\/agora.xtec.cat\/insbadiaimargarit\/wp-content\/uploads\/usu348\/2021\/03\/1r-bat_opt.jpg\" alt=\"\" width=\"400\" height=\"711\" srcset=\"https:\/\/agora.xtec.cat\/insbadiaimargarit\/wp-content\/uploads\/usu348\/2021\/03\/1r-bat_opt.jpg 400w, https:\/\/agora.xtec.cat\/insbadiaimargarit\/wp-content\/uploads\/usu348\/2021\/03\/1r-bat_opt-169x300.jpg 169w\" sizes=\"auto, (max-width: 400px) 100vw, 400px\" \/><\/a><figcaption class=\"wp-caption-text\">Els alumnes de llat\u00ed de 1r de BAT a l&#8217;exposici\u00f3 &#8220;Art i mites&#8221;<\/figcaption><\/figure>\n","protected":false},"excerpt":{"rendered":"<p>Els alumnes  de llat\u00ed de 4rt i 1r de BAT visiten l&#8217;exposici\u00f3 &#8220;Els d\u00faes del Prado&#8221; a Caixa F\u00f2rum Barcelona&hellip;  <a href=\"https:\/\/agora.xtec.cat\/insbadiaimargarit\/eso\/aprenem-mites-grecs-a-partir-de-lart-visita-a-caixa-forum\/\" title=\"Read Aprenem mites grecs a partir de l&#8217;art!- Visita a Caixa F\u00f2rum\">Llegeix m\u00e9s\u00bb<\/a><\/p>\n","protected":false},"author":1,"featured_media":6471,"comment_status":"closed","ping_status":"closed","sticky":false,"template":"","format":"standard","meta":{"_bbp_topic_count":0,"_bbp_reply_count":0,"_bbp_total_topic_count":0,"_bbp_total_reply_count":0,"_bbp_voice_count":0,"_bbp_anonymous_reply_count":0,"_bbp_topic_count_hidden":0,"_bbp_reply_count_hidden":0,"_bbp_forum_subforum_count":0,"footnotes":""},"categories":[218,3,29,106],"tags":[266,124,39,314],"class_list":["post-6470","post","type-post","status-publish","format-standard","has-post-thumbnail","hentry","category-batillerat","category-eso","category-portada","category-projecte-educatiu","tag-curs-2020-21","tag-projecte-educatiu","tag-sortides","tag-visita-als-deus-del-prado"],"post_mailing_queue_ids":[],"_links":{"self":[{"href":"https:\/\/agora.xtec.cat\/insbadiaimargarit\/wp-json\/wp\/v2\/posts\/6470","targetHints":{"allow":["GET"]}}],"collection":[{"href":"https:\/\/agora.xtec.cat\/insbadiaimargarit\/wp-json\/wp\/v2\/posts"}],"about":[{"href":"https:\/\/agora.xtec.cat\/insbadiaimargarit\/wp-json\/wp\/v2\/types\/post"}],"author":[{"embeddable":true,"href":"https:\/\/agora.xtec.cat\/insbadiaimargarit\/wp-json\/wp\/v2\/users\/1"}],"replies":[{"embeddable":true,"href":"https:\/\/agora.xtec.cat\/insbadiaimargarit\/wp-json\/wp\/v2\/comments?post=6470"}],"version-history":[{"count":1,"href":"https:\/\/agora.xtec.cat\/insbadiaimargarit\/wp-json\/wp\/v2\/posts\/6470\/revisions"}],"predecessor-version":[{"id":6475,"href":"https:\/\/agora.xtec.cat\/insbadiaimargarit\/wp-json\/wp\/v2\/posts\/6470\/revisions\/6475"}],"wp:featuredmedia":[{"embeddable":true,"href":"https:\/\/agora.xtec.cat\/insbadiaimargarit\/wp-json\/wp\/v2\/media\/6471"}],"wp:attachment":[{"href":"https:\/\/agora.xtec.cat\/insbadiaimargarit\/wp-json\/wp\/v2\/media?parent=6470"}],"wp:term":[{"taxonomy":"category","embeddable":true,"href":"https:\/\/agora.xtec.cat\/insbadiaimargarit\/wp-json\/wp\/v2\/categories?post=6470"},{"taxonomy":"post_tag","embeddable":true,"href":"https:\/\/agora.xtec.cat\/insbadiaimargarit\/wp-json\/wp\/v2\/tags?post=6470"}],"curies":[{"name":"wp","href":"https:\/\/api.w.org\/{rel}","templated":true}]}}