{"id":6386,"date":"2021-02-18T11:37:19","date_gmt":"2021-02-18T10:37:19","guid":{"rendered":"http:\/\/agora.xtec.cat\/insbadiaimargarit\/?p=6386"},"modified":"2021-02-18T11:44:57","modified_gmt":"2021-02-18T10:44:57","slug":"benvinguts-al-programa-descoles-ambaixadores-del-parlament-europeu","status":"publish","type":"post","link":"https:\/\/agora.xtec.cat\/insbadiaimargarit\/portada\/benvinguts-al-programa-descoles-ambaixadores-del-parlament-europeu\/","title":{"rendered":"Benvinguts al programa d&#8217;Escoles Ambaixadores del Parlament Europeu"},"content":{"rendered":"<p><span style=\"font-weight: 400;\">Per aquest curs actual 2020-2021, ens han escollit per ser una de les escoles ambaixadores de la Uni\u00f3 Europea.\u00a0<\/span><\/p>\n<p><a href=\"https:\/\/agora.xtec.cat\/insbadiaimargarit\/wp-content\/uploads\/usu348\/2021\/02\/escola-ambaixadora.jpg\"><img loading=\"lazy\" decoding=\"async\" class=\"wp-image-6395 alignright\" src=\"https:\/\/agora.xtec.cat\/insbadiaimargarit\/wp-content\/uploads\/usu348\/2021\/02\/escola-ambaixadora.jpg\" alt=\"\" width=\"193\" height=\"123\" srcset=\"https:\/\/agora.xtec.cat\/insbadiaimargarit\/wp-content\/uploads\/usu348\/2021\/02\/escola-ambaixadora.jpg 539w, https:\/\/agora.xtec.cat\/insbadiaimargarit\/wp-content\/uploads\/usu348\/2021\/02\/escola-ambaixadora-300x192.jpg 300w\" sizes=\"auto, (max-width: 193px) 100vw, 193px\" \/><\/a><\/p>\n<p><span style=\"font-weight: 400;\">Cada any, la direcci\u00f3 general de comunicaci\u00f3 del Parlament Europeu organitza aquest programa educatiu destinat als alumnes de centres d\u2019ensenyament secundari de 4t ESO, 1r i 2n de Batxillerat i grau mitj\u00e0 de formaci\u00f3 professional.\u00a0<\/span><\/p>\n<p><span style=\"font-weight: 400;\">T\u00e9 per objecte estimular el coneixement d\u2019Europa i de la democr\u00e0cia parlament\u00e0ria europea entre els joves, proporcionant-los un coneixement actiu de la Uni\u00f3 Europea, i del Parlament Europeu en particular. No es tracta nom\u00e9s d&#8217;ensenyar dades sobre la Uni\u00f3 Europa, sin\u00f3 tamb\u00e9 de donar-los l\u2019oportunitat d\u2019experimentar la ciutadania europea.\u00a0<\/span><\/p>\n<p>Sota el paraigua d&#8217;aquest programa, nosaltres, com a grup impulsor, serem els encarregats de tenir al dia el punt d&#8217;informaci\u00f3 de la Uni\u00f3 Europea (InfoPoint), us mantindrem informats de les activitats que es vagin duent a terme al nostre institut sobre Europa i ens posarem en contacte amb la premsa local per fer m\u00e9s ress\u00f2 del projecte. A m\u00e9s a m\u00e9s, participarem a la dinamitzaci\u00f3 del dia d&#8217;Europa, el 9 de maig.<\/p>\n<p><span style=\"font-weight: 400;\">A la sisena edici\u00f3 d\u2019aquest programa, hi participen 112 escoles i per primera vegada en aquest projecte, totes les comunitats aut\u00f2nomes tenen una escola representant i, afortunadament nosaltres en som una.<\/span><\/p>\n<p><a href=\"https:\/\/agora.xtec.cat\/insbadiaimargarit\/wp-content\/uploads\/usu348\/2021\/02\/reporters-1.jpg\"><img loading=\"lazy\" decoding=\"async\" class=\"alignnone size-large wp-image-6393\" src=\"https:\/\/agora.xtec.cat\/insbadiaimargarit\/wp-content\/uploads\/usu348\/2021\/02\/reporters-1-1024x650.jpg\" alt=\"\" width=\"1024\" height=\"650\" srcset=\"https:\/\/agora.xtec.cat\/insbadiaimargarit\/wp-content\/uploads\/usu348\/2021\/02\/reporters-1-1024x650.jpg 1024w, https:\/\/agora.xtec.cat\/insbadiaimargarit\/wp-content\/uploads\/usu348\/2021\/02\/reporters-1-300x190.jpg 300w, https:\/\/agora.xtec.cat\/insbadiaimargarit\/wp-content\/uploads\/usu348\/2021\/02\/reporters-1-768x487.jpg 768w\" sizes=\"auto, (max-width: 1024px) 100vw, 1024px\" \/><\/a><\/p>\n<p style=\"text-align: right;\"><strong>Equip de reporters del programa Escoles Ambaixadores<\/strong><\/p>\n","protected":false},"excerpt":{"rendered":"<p>Per aquest curs actual 2020-2021, ens han escollit per ser una de les escoles ambaixadores de la Uni\u00f3 Europea.\u00a0<br \/>\n<a href=\"https:\/\/agora.xtec.cat\/insbadiaimargarit\/wp-content\/uploads\/usu348\/2021\/02\/escola-ambaixadora.jpg\"><\/a><br \/>\nCada any, la direcci\u00f3 general de comunicaci\u00f3 del Parlament Europeu organitza aquest programa educatiu destinat als alumnes de centres d\u2019ensenyament secundari de 4t ESO, 1r i&hellip;  <a href=\"https:\/\/agora.xtec.cat\/insbadiaimargarit\/portada\/benvinguts-al-programa-descoles-ambaixadores-del-parlament-europeu\/\" title=\"Read Benvinguts al programa d&#8217;Escoles Ambaixadores del Parlament Europeu\">Llegeix m\u00e9s\u00bb<\/a><\/p>\n","protected":false},"author":149,"featured_media":6392,"comment_status":"closed","ping_status":"closed","sticky":false,"template":"","format":"standard","meta":{"_bbp_topic_count":0,"_bbp_reply_count":0,"_bbp_total_topic_count":0,"_bbp_total_reply_count":0,"_bbp_voice_count":0,"_bbp_anonymous_reply_count":0,"_bbp_topic_count_hidden":0,"_bbp_reply_count_hidden":0,"_bbp_forum_subforum_count":0,"footnotes":""},"categories":[265,218,312,173,29,106,192,123],"tags":[42,268,266,310,157,160,124],"class_list":["post-6386","post","type-post","status-publish","format-standard","has-post-thumbnail","hentry","category-batxibac","category-batillerat","category-escoles-ambaixadores-parlament-europeu","category-eso-4","category-portada","category-projecte-educatiu","category-raco-geografic","category-til","tag-angles","tag-batxillerat","tag-curs-2020-21","tag-escoles-ambaixadores","tag-europe","tag-frances","tag-projecte-educatiu"],"post_mailing_queue_ids":[],"_links":{"self":[{"href":"https:\/\/agora.xtec.cat\/insbadiaimargarit\/wp-json\/wp\/v2\/posts\/6386","targetHints":{"allow":["GET"]}}],"collection":[{"href":"https:\/\/agora.xtec.cat\/insbadiaimargarit\/wp-json\/wp\/v2\/posts"}],"about":[{"href":"https:\/\/agora.xtec.cat\/insbadiaimargarit\/wp-json\/wp\/v2\/types\/post"}],"author":[{"embeddable":true,"href":"https:\/\/agora.xtec.cat\/insbadiaimargarit\/wp-json\/wp\/v2\/users\/149"}],"replies":[{"embeddable":true,"href":"https:\/\/agora.xtec.cat\/insbadiaimargarit\/wp-json\/wp\/v2\/comments?post=6386"}],"version-history":[{"count":3,"href":"https:\/\/agora.xtec.cat\/insbadiaimargarit\/wp-json\/wp\/v2\/posts\/6386\/revisions"}],"predecessor-version":[{"id":6397,"href":"https:\/\/agora.xtec.cat\/insbadiaimargarit\/wp-json\/wp\/v2\/posts\/6386\/revisions\/6397"}],"wp:featuredmedia":[{"embeddable":true,"href":"https:\/\/agora.xtec.cat\/insbadiaimargarit\/wp-json\/wp\/v2\/media\/6392"}],"wp:attachment":[{"href":"https:\/\/agora.xtec.cat\/insbadiaimargarit\/wp-json\/wp\/v2\/media?parent=6386"}],"wp:term":[{"taxonomy":"category","embeddable":true,"href":"https:\/\/agora.xtec.cat\/insbadiaimargarit\/wp-json\/wp\/v2\/categories?post=6386"},{"taxonomy":"post_tag","embeddable":true,"href":"https:\/\/agora.xtec.cat\/insbadiaimargarit\/wp-json\/wp\/v2\/tags?post=6386"}],"curies":[{"name":"wp","href":"https:\/\/api.w.org\/{rel}","templated":true}]}}