{"id":6384,"date":"2021-02-21T17:56:14","date_gmt":"2021-02-21T16:56:14","guid":{"rendered":"http:\/\/agora.xtec.cat\/insbadiaimargarit\/?p=6384"},"modified":"2021-02-21T17:56:14","modified_gmt":"2021-02-21T16:56:14","slug":"ens-adherim-a-la-celebracio-de-l11-de-febrer","status":"publish","type":"post","link":"https:\/\/agora.xtec.cat\/insbadiaimargarit\/general\/ens-adherim-a-la-celebracio-de-l11-de-febrer\/","title":{"rendered":"Ens adherim a la celebraci\u00f3 de l\u201911 de febrer."},"content":{"rendered":"<p>Com a membres del programa Escoles Ambaixadores i com a centre comprom\u00e8s amb la coeducaci\u00f3, ens hem afegit una vegada m\u00e9s a la celebraci\u00f3 de l&#8217;11 de febrer en motiu del dia de la Dona i la nena en la ci\u00e8ncia, que t\u00e9 lloc cada any. Aquesta celebraci\u00f3 pret\u00e9n donar referents femenins als nostres joves per tal de despertar l\u2019inter\u00e8s de les nostres joves per aquest camp del coneixement.<\/p>\n<p>En aquesta ocasi\u00f3, hem decorat l\u2019institut amb cartells de dones cient\u00edfiques i hem elaborat una exposici\u00f3 de llibres d\u2019aquesta tem\u00e0tica que estan disponibles a la biblioteca. A m\u00e9s a m\u00e9s, hem posat a disposici\u00f3 dels nostres alumnes el dossier amb les presentacions de dones cient\u00edfiques de tot el m\u00f3n facilitat pel programa d\u2019Escoles Ambaixadores, que porta per t\u00edtol <em>No More Matildas<\/em> en refer\u00e8ncia a la dona del c\u00e8lebre investigador Albert Einstein que va treballar amb la seva c\u00e8lebra parella.<\/p>\n<p><a href=\"https:\/\/agora.xtec.cat\/insbadiaimargarit\/wp-content\/uploads\/usu348\/2021\/02\/expo-11-febrer.jpg\"><img loading=\"lazy\" decoding=\"async\" class=\"alignnone wp-image-6398\" src=\"https:\/\/agora.xtec.cat\/insbadiaimargarit\/wp-content\/uploads\/usu348\/2021\/02\/expo-11-febrer-1024x768.jpg\" alt=\"\" width=\"483\" height=\"362\" srcset=\"https:\/\/agora.xtec.cat\/insbadiaimargarit\/wp-content\/uploads\/usu348\/2021\/02\/expo-11-febrer-1024x768.jpg 1024w, https:\/\/agora.xtec.cat\/insbadiaimargarit\/wp-content\/uploads\/usu348\/2021\/02\/expo-11-febrer-300x225.jpg 300w, https:\/\/agora.xtec.cat\/insbadiaimargarit\/wp-content\/uploads\/usu348\/2021\/02\/expo-11-febrer-768x576.jpg 768w, https:\/\/agora.xtec.cat\/insbadiaimargarit\/wp-content\/uploads\/usu348\/2021\/02\/expo-11-febrer-200x150.jpg 200w, https:\/\/agora.xtec.cat\/insbadiaimargarit\/wp-content\/uploads\/usu348\/2021\/02\/expo-11-febrer.jpg 2048w\" sizes=\"auto, (max-width: 483px) 100vw, 483px\" \/><\/a><a href=\"https:\/\/agora.xtec.cat\/insbadiaimargarit\/wp-content\/uploads\/usu348\/2021\/02\/stem_2.jpg\"><img loading=\"lazy\" decoding=\"async\" class=\" wp-image-6399 alignright\" src=\"https:\/\/agora.xtec.cat\/insbadiaimargarit\/wp-content\/uploads\/usu348\/2021\/02\/stem_2-994x1024.jpg\" alt=\"\" width=\"219\" height=\"226\" srcset=\"https:\/\/agora.xtec.cat\/insbadiaimargarit\/wp-content\/uploads\/usu348\/2021\/02\/stem_2-994x1024.jpg 994w, https:\/\/agora.xtec.cat\/insbadiaimargarit\/wp-content\/uploads\/usu348\/2021\/02\/stem_2-291x300.jpg 291w, https:\/\/agora.xtec.cat\/insbadiaimargarit\/wp-content\/uploads\/usu348\/2021\/02\/stem_2-768x791.jpg 768w\" sizes=\"auto, (max-width: 219px) 100vw, 219px\" \/><\/a><\/p>\n<p>Algunes de les mat\u00e8ries tamb\u00e9 s\u2019han sumat a aquesta iniciativa i han fet activitats especials. Per exemple, a ci\u00e8ncies de 1er d\u2019eso els alumnes han tingut l\u2019oportunitat de con\u00e8ixer la Maria Cinta Pujol, investigadora que est\u00e0 en un grup de recerca sobre el creixement dels cristalls i dels nanocristalls per tal de poder-los utilitzar com a term\u00f2metres luminescents. Aquestes xerrades han tingut lloc sota el paraigua de <em>Xerrades 100tifiques<\/em> que promou la Fundaci\u00f3 Catalana per a la recerca i la Innovaci\u00f3. Els alumnes de 4rt d\u2019eso de biologia tamb\u00e9 han pogut escoltar diverses dones cient\u00edfiques presentant el seu camp de recerca. Aquestes presentacions formaven part del programa cultural &#8220;<em>De gran, vull ser cient\u00edfica<\/em>&#8221; organitzat per la UB en motiu d&#8217;aquesta celebraci\u00f3.<\/p>\n<p><img loading=\"lazy\" decoding=\"async\" class=\" wp-image-6401 alignleft\" src=\"https:\/\/agora.xtec.cat\/insbadiaimargarit\/wp-content\/uploads\/usu348\/2021\/02\/3-1024x768.jpg\" alt=\"\" width=\"340\" height=\"255\" srcset=\"https:\/\/agora.xtec.cat\/insbadiaimargarit\/wp-content\/uploads\/usu348\/2021\/02\/3-1024x768.jpg 1024w, https:\/\/agora.xtec.cat\/insbadiaimargarit\/wp-content\/uploads\/usu348\/2021\/02\/3-300x225.jpg 300w, https:\/\/agora.xtec.cat\/insbadiaimargarit\/wp-content\/uploads\/usu348\/2021\/02\/3-768x576.jpg 768w, https:\/\/agora.xtec.cat\/insbadiaimargarit\/wp-content\/uploads\/usu348\/2021\/02\/3-200x150.jpg 200w, https:\/\/agora.xtec.cat\/insbadiaimargarit\/wp-content\/uploads\/usu348\/2021\/02\/3.jpg 1984w\" sizes=\"auto, (max-width: 340px) 100vw, 340px\" \/><\/p>\n<p><a href=\"https:\/\/agora.xtec.cat\/insbadiaimargarit\/wp-content\/uploads\/usu348\/2021\/02\/4.jpg\"><img loading=\"lazy\" decoding=\"async\" class=\" wp-image-6402 alignright\" src=\"https:\/\/agora.xtec.cat\/insbadiaimargarit\/wp-content\/uploads\/usu348\/2021\/02\/4-1024x768.jpg\" alt=\"\" width=\"340\" height=\"255\" srcset=\"https:\/\/agora.xtec.cat\/insbadiaimargarit\/wp-content\/uploads\/usu348\/2021\/02\/4-1024x768.jpg 1024w, https:\/\/agora.xtec.cat\/insbadiaimargarit\/wp-content\/uploads\/usu348\/2021\/02\/4-300x225.jpg 300w, https:\/\/agora.xtec.cat\/insbadiaimargarit\/wp-content\/uploads\/usu348\/2021\/02\/4-768x576.jpg 768w, https:\/\/agora.xtec.cat\/insbadiaimargarit\/wp-content\/uploads\/usu348\/2021\/02\/4-200x150.jpg 200w, https:\/\/agora.xtec.cat\/insbadiaimargarit\/wp-content\/uploads\/usu348\/2021\/02\/4.jpg 1984w\" sizes=\"auto, (max-width: 340px) 100vw, 340px\" \/><\/a><\/p>\n<p>&nbsp;<\/p>\n<p>&nbsp;<\/p>\n<p>&nbsp;<\/p>\n<p>&nbsp;<\/p>\n<p>&nbsp;<\/p>\n<p>&nbsp;<\/p>\n<p>D\u2019altres activitats m\u00e9s cl\u00e0ssiques com ara l\u2019elaboraci\u00f3 de biografies de dones cient\u00edfiques a franc\u00e8s per tal de treballar els temps del passat o la il\u00b7lustraci\u00f3 de dones, algunes d\u2019elles cient\u00edfiques a l\u2019optativa d\u2019art de 2n d\u2019eso.<\/p>\n<p>Estem contents perqu\u00e8 hem aconseguit que el dia 11 de febrer hagi sigut un dia una mica especial al nostre centre. Malgrat tot, volem recordar que al llarg de l\u2019any anem tractant el paper de la dona en la ci\u00e8ncia, la hist\u00f2ria i posem de relleu figures femenines destacables als diferents camps del saber. Recordar-vos que trobareu entre els noms de les nostres aules figures femenines rellevants de la Hist\u00f2ria.<\/p>\n<p>I si voleu con\u00e8ixer el v\u00eddeo <em>No More Matildas<\/em> elaborat per l&#8217;Asociaci\u00f3n de Mujeres Investigadoras y Tecn\u00f3logas amb la finalitat de denunciar les conseq\u00fc\u00e8ncies de l&#8217;efecte Matilda, podeu clicar <a href=\"https:\/\/www.youtube.com\/watch?v=Fx0ztzf-2V0\">aqu\u00ed<\/a>.<\/p>\n","protected":false},"excerpt":{"rendered":"<p>Com a membres del programa Escoles Ambaixadores i com a centre comprom\u00e8s amb la coeducaci\u00f3, ens hem afegit una vegada m\u00e9s a la celebraci\u00f3 de l&#8217;11 de febrer en motiu del dia de la Dona i la nena en la ci\u00e8ncia, que t\u00e9 lloc cada&hellip;  <a href=\"https:\/\/agora.xtec.cat\/insbadiaimargarit\/general\/ens-adherim-a-la-celebracio-de-l11-de-febrer\/\" title=\"Read Ens adherim a la celebraci\u00f3 de l\u201911 de febrer.\">Llegeix m\u00e9s\u00bb<\/a><\/p>\n","protected":false},"author":149,"featured_media":6405,"comment_status":"closed","ping_status":"closed","sticky":false,"template":"","format":"standard","meta":{"_bbp_topic_count":0,"_bbp_reply_count":0,"_bbp_total_topic_count":0,"_bbp_total_reply_count":0,"_bbp_voice_count":0,"_bbp_anonymous_reply_count":0,"_bbp_topic_count_hidden":0,"_bbp_reply_count_hidden":0,"_bbp_forum_subforum_count":0,"footnotes":""},"categories":[218,150,312,3,1,289,29,106],"tags":[266,91,160,124],"class_list":["post-6384","post","type-post","status-publish","format-standard","has-post-thumbnail","hentry","category-batillerat","category-biblioteca","category-escoles-ambaixadores-parlament-europeu","category-eso","category-general","category-laboratori-de-transformacio-educativa","category-portada","category-projecte-educatiu","tag-curs-2020-21","tag-dies-tematics","tag-frances","tag-projecte-educatiu"],"post_mailing_queue_ids":[],"_links":{"self":[{"href":"https:\/\/agora.xtec.cat\/insbadiaimargarit\/wp-json\/wp\/v2\/posts\/6384","targetHints":{"allow":["GET"]}}],"collection":[{"href":"https:\/\/agora.xtec.cat\/insbadiaimargarit\/wp-json\/wp\/v2\/posts"}],"about":[{"href":"https:\/\/agora.xtec.cat\/insbadiaimargarit\/wp-json\/wp\/v2\/types\/post"}],"author":[{"embeddable":true,"href":"https:\/\/agora.xtec.cat\/insbadiaimargarit\/wp-json\/wp\/v2\/users\/149"}],"replies":[{"embeddable":true,"href":"https:\/\/agora.xtec.cat\/insbadiaimargarit\/wp-json\/wp\/v2\/comments?post=6384"}],"version-history":[{"count":3,"href":"https:\/\/agora.xtec.cat\/insbadiaimargarit\/wp-json\/wp\/v2\/posts\/6384\/revisions"}],"predecessor-version":[{"id":6426,"href":"https:\/\/agora.xtec.cat\/insbadiaimargarit\/wp-json\/wp\/v2\/posts\/6384\/revisions\/6426"}],"wp:featuredmedia":[{"embeddable":true,"href":"https:\/\/agora.xtec.cat\/insbadiaimargarit\/wp-json\/wp\/v2\/media\/6405"}],"wp:attachment":[{"href":"https:\/\/agora.xtec.cat\/insbadiaimargarit\/wp-json\/wp\/v2\/media?parent=6384"}],"wp:term":[{"taxonomy":"category","embeddable":true,"href":"https:\/\/agora.xtec.cat\/insbadiaimargarit\/wp-json\/wp\/v2\/categories?post=6384"},{"taxonomy":"post_tag","embeddable":true,"href":"https:\/\/agora.xtec.cat\/insbadiaimargarit\/wp-json\/wp\/v2\/tags?post=6384"}],"curies":[{"name":"wp","href":"https:\/\/api.w.org\/{rel}","templated":true}]}}