{"id":6311,"date":"2021-02-05T07:51:25","date_gmt":"2021-02-05T06:51:25","guid":{"rendered":"http:\/\/agora.xtec.cat\/insbadiaimargarit\/?p=6311"},"modified":"2021-02-08T12:15:45","modified_gmt":"2021-02-08T11:15:45","slug":"concurs-de-fotografia-de-geografia","status":"publish","type":"post","link":"https:\/\/agora.xtec.cat\/insbadiaimargarit\/general\/concurs-de-fotografia-de-geografia\/","title":{"rendered":"Concurs de Fotografia de Geografia"},"content":{"rendered":"<p><b>FINALISTA PREMI FOTOGRAFIA DE GEOGRAFIA<\/b><\/p>\n<p>El passat dimecres em van comunicar que havia quedat finalista d&#8217;un concurs de fotografia de geografia organitzat per AGE <span class=\"hiddenGrammarError\">( <\/span><span class=\"hiddenSpellError\">Asociaci\u00f3n<\/span> de <span class=\"hiddenSpellError\">Ge\u00f3grafos<\/span><span class=\"hiddenGrammarError\"> )<\/span>.<br \/>\nAquest certamen es basa en l&#8217;elecci\u00f3 de diferents fotografies de geografia amb una petita descripci\u00f3 d&#8217;aquest paisatge comentant el lloc i el moment de la imatge. La competici\u00f3 consta de tres categories, una per l&#8217;alumnat d&#8217;ESO i Batxillerat de tota Espanya, un altre pel professorat de secund\u00e0ria i per \u00faltim pel professorat universitari.<\/p>\n<p>Paral\u00b7lelament a aquest certamen de fotografia, l&#8217;Institut sempre convoca el seu concurs de fotografia de geografia on poden participar tot l&#8217;alumnat i professorat del centre. Una activitat coordinada pel professor de Geografia Xavi <span class=\"hiddenSpellError\">Pati\u00f1o<\/span>. Per tant, animo a la resta de l&#8217;alumnat a participar en els dos concursos de fotografia sobre geografia. Recordeu que tot est\u00e0 relacionat amb aquesta ci\u00e8ncia, poden ser fotografies de paisatges, vies de comunicaci\u00f3, ciutats, poblaci\u00f3, turisme, comer\u00e7&#8230;<\/p>\n<p>La fotografia que vaig presentar i que ha quedat finalista \u00e9s del pont de <span class=\"hiddenSpellError\">Lyon<\/span> i va estar feta el febrer del 2020, \u00e9s la seg\u00fcent:<\/p>\n<p><a href=\"https:\/\/agora.xtec.cat\/insbadiaimargarit\/wp-content\/uploads\/usu348\/2021\/02\/Lyon.jpg\"><img loading=\"lazy\" decoding=\"async\" class=\"alignnone size-large wp-image-6313\" src=\"https:\/\/agora.xtec.cat\/insbadiaimargarit\/wp-content\/uploads\/usu348\/2021\/02\/Lyon-1024x1024.jpg\" alt=\"\" width=\"1024\" height=\"1024\" srcset=\"https:\/\/agora.xtec.cat\/insbadiaimargarit\/wp-content\/uploads\/usu348\/2021\/02\/Lyon-1024x1024.jpg 1024w, https:\/\/agora.xtec.cat\/insbadiaimargarit\/wp-content\/uploads\/usu348\/2021\/02\/Lyon-150x150.jpg 150w, https:\/\/agora.xtec.cat\/insbadiaimargarit\/wp-content\/uploads\/usu348\/2021\/02\/Lyon-300x300.jpg 300w, https:\/\/agora.xtec.cat\/insbadiaimargarit\/wp-content\/uploads\/usu348\/2021\/02\/Lyon-768x768.jpg 768w, https:\/\/agora.xtec.cat\/insbadiaimargarit\/wp-content\/uploads\/usu348\/2021\/02\/Lyon.jpg 1600w\" sizes=\"auto, (max-width: 1024px) 100vw, 1024px\" \/><\/a><\/p>\n<p>Arantxa Roldan<\/p>\n","protected":false},"excerpt":{"rendered":"<p>FINALISTA PREMI FOTOGRAFIA DE GEOGRAFIA<br \/>\nEl passat dimecres em van comunicar que havia quedat finalista d&#8217;un concurs de fotografia de geografia organitzat per AGE ( Asociaci\u00f3n de Ge\u00f3grafos ).<br \/>\nAquest certamen es basa en l&#8217;elecci\u00f3 de diferents fotografies de geografia amb una petita descripci\u00f3 d&#8217;aquest paisatge comentant&hellip;  <a href=\"https:\/\/agora.xtec.cat\/insbadiaimargarit\/general\/concurs-de-fotografia-de-geografia\/\" title=\"Read Concurs de Fotografia de Geografia\">Llegeix m\u00e9s\u00bb<\/a><\/p>\n","protected":false},"author":5,"featured_media":6313,"comment_status":"closed","ping_status":"closed","sticky":false,"template":"","format":"standard","meta":{"_bbp_topic_count":0,"_bbp_reply_count":0,"_bbp_total_topic_count":0,"_bbp_total_reply_count":0,"_bbp_voice_count":0,"_bbp_anonymous_reply_count":0,"_bbp_topic_count_hidden":0,"_bbp_reply_count_hidden":0,"_bbp_forum_subforum_count":0,"footnotes":""},"categories":[31,218,3,1,251,29,106,192],"tags":[],"class_list":["post-6311","post","type-post","status-publish","format-standard","has-post-thumbnail","hentry","category-ampa","category-batillerat","category-eso","category-general","category-innovacio","category-portada","category-projecte-educatiu","category-raco-geografic"],"post_mailing_queue_ids":[],"_links":{"self":[{"href":"https:\/\/agora.xtec.cat\/insbadiaimargarit\/wp-json\/wp\/v2\/posts\/6311","targetHints":{"allow":["GET"]}}],"collection":[{"href":"https:\/\/agora.xtec.cat\/insbadiaimargarit\/wp-json\/wp\/v2\/posts"}],"about":[{"href":"https:\/\/agora.xtec.cat\/insbadiaimargarit\/wp-json\/wp\/v2\/types\/post"}],"author":[{"embeddable":true,"href":"https:\/\/agora.xtec.cat\/insbadiaimargarit\/wp-json\/wp\/v2\/users\/5"}],"replies":[{"embeddable":true,"href":"https:\/\/agora.xtec.cat\/insbadiaimargarit\/wp-json\/wp\/v2\/comments?post=6311"}],"version-history":[{"count":2,"href":"https:\/\/agora.xtec.cat\/insbadiaimargarit\/wp-json\/wp\/v2\/posts\/6311\/revisions"}],"predecessor-version":[{"id":6315,"href":"https:\/\/agora.xtec.cat\/insbadiaimargarit\/wp-json\/wp\/v2\/posts\/6311\/revisions\/6315"}],"wp:featuredmedia":[{"embeddable":true,"href":"https:\/\/agora.xtec.cat\/insbadiaimargarit\/wp-json\/wp\/v2\/media\/6313"}],"wp:attachment":[{"href":"https:\/\/agora.xtec.cat\/insbadiaimargarit\/wp-json\/wp\/v2\/media?parent=6311"}],"wp:term":[{"taxonomy":"category","embeddable":true,"href":"https:\/\/agora.xtec.cat\/insbadiaimargarit\/wp-json\/wp\/v2\/categories?post=6311"},{"taxonomy":"post_tag","embeddable":true,"href":"https:\/\/agora.xtec.cat\/insbadiaimargarit\/wp-json\/wp\/v2\/tags?post=6311"}],"curies":[{"name":"wp","href":"https:\/\/api.w.org\/{rel}","templated":true}]}}