{"id":6081,"date":"2020-10-26T12:06:59","date_gmt":"2020-10-26T11:06:59","guid":{"rendered":"http:\/\/agora.xtec.cat\/insbadiaimargarit\/?p=6081"},"modified":"2020-11-08T10:41:02","modified_gmt":"2020-11-08T09:41:02","slug":"primera-reunio-de-delegats-del-curs","status":"publish","type":"post","link":"https:\/\/agora.xtec.cat\/insbadiaimargarit\/eso\/primera-reunio-de-delegats-del-curs\/","title":{"rendered":"Primera reuni\u00f3 de delegats del curs"},"content":{"rendered":"<p>Aquest divendres 23 d&#8217;octubre ha tingut lloc la primera reuni\u00f3 de delegats de l&#8217;institut. Aquesta \u00e9s una acci\u00f3 m\u00e9s dutes a terme a l&#8217;institut per tal que els alumnes siguin part activa del proc\u00e9s d&#8217;aprenentatge per\u00f2 tamb\u00e9 de l&#8217;acci\u00f3 educativa. En aquesta trobada, ens hem reunit els delegats de cada classe, acompanyats de la representant dels estudiants al Consell Escolar, Nat\u00e0lia Haro; d&#8217;una professora representant del professorat al consell, Alba Sala, i amb la Luna P\u00e9rez-Vico, com a alumna representant del nostre centre al Laboratori de Transformaci\u00f3 Educativa del qual formem part.<\/p>\n<p>La trobada ha tingut lloc al pati de l&#8217;institut perqu\u00e8 \u00e9rem moltes persones i vol\u00edem poder guardar les dist\u00e0ncies de seguretat. Aquesta trobada tenia per objecte donar a con\u00e8ixer la situaci\u00f3 de les obres de l&#8217;edifici nou, la posada en funcionament de la xarxa wifi al centre i de la gesti\u00f3 que se n&#8217;est\u00e0 fent des d&#8217;equip directiu. Els delegats han sigut els responsables de transmetre aquesta informaci\u00f3 a la resta d&#8217;alumnes.<\/p>\n<p>Esperem realitzar m\u00e9s reunions com aquesta per tal que l&#8217;alumnat estigui ben informat de la realitat i del dia a dia a l&#8217;institut i en sigui part\u00edcip.<\/p>\n<p>Volem caminar endavant, cada dia i fer-ho tots junts, escola, fam\u00edlies i alumnes.<\/p>\n<p><a href=\"https:\/\/agora.xtec.cat\/insbadiaimargarit\/wp-content\/uploads\/usu348\/2020\/10\/delegats_1.jpg\"><img loading=\"lazy\" decoding=\"async\" class=\"alignnone size-large wp-image-6082\" src=\"https:\/\/agora.xtec.cat\/insbadiaimargarit\/wp-content\/uploads\/usu348\/2020\/10\/delegats_1-1024x451.jpg\" alt=\"\" width=\"1024\" height=\"451\" srcset=\"https:\/\/agora.xtec.cat\/insbadiaimargarit\/wp-content\/uploads\/usu348\/2020\/10\/delegats_1-1024x451.jpg 1024w, https:\/\/agora.xtec.cat\/insbadiaimargarit\/wp-content\/uploads\/usu348\/2020\/10\/delegats_1-300x132.jpg 300w, https:\/\/agora.xtec.cat\/insbadiaimargarit\/wp-content\/uploads\/usu348\/2020\/10\/delegats_1-768x338.jpg 768w\" sizes=\"auto, (max-width: 1024px) 100vw, 1024px\" \/><\/a><\/p>\n<p style=\"text-align: right;\"><strong>Equip de delegats, Consell Escolar i representant alumnes al Laboratori de Transformaci\u00f3 Educativa<\/strong><\/p>\n","protected":false},"excerpt":{"rendered":"<p>Aquest divendres 23 d&#8217;octubre ha tingut lloc la primera reuni\u00f3 de delegats de l&#8217;institut. Aquesta \u00e9s una acci\u00f3 m\u00e9s dutes a terme a l&#8217;institut per tal que els alumnes siguin part activa del proc\u00e9s d&#8217;aprenentatge per\u00f2 tamb\u00e9 de l&#8217;acci\u00f3 educativa. En aquesta trobada, ens hem&hellip;  <a href=\"https:\/\/agora.xtec.cat\/insbadiaimargarit\/eso\/primera-reunio-de-delegats-del-curs\/\" title=\"Read Primera reuni\u00f3 de delegats del curs\">Llegeix m\u00e9s\u00bb<\/a><\/p>\n","protected":false},"author":149,"featured_media":6083,"comment_status":"closed","ping_status":"closed","sticky":false,"template":"","format":"standard","meta":{"_bbp_topic_count":0,"_bbp_reply_count":0,"_bbp_total_topic_count":0,"_bbp_total_reply_count":0,"_bbp_voice_count":0,"_bbp_anonymous_reply_count":0,"_bbp_topic_count_hidden":0,"_bbp_reply_count_hidden":0,"_bbp_forum_subforum_count":0,"footnotes":""},"categories":[31,218,88,3,29,106],"tags":[118,266,284,285,124],"class_list":["post-6081","post","type-post","status-publish","format-standard","has-post-thumbnail","hentry","category-ampa","category-batillerat","category-equipamentescolar","category-eso","category-portada","category-projecte-educatiu","tag-ampa","tag-curs-2020-21","tag-delegats","tag-laboratori-transformacio-educativa","tag-projecte-educatiu"],"post_mailing_queue_ids":[],"_links":{"self":[{"href":"https:\/\/agora.xtec.cat\/insbadiaimargarit\/wp-json\/wp\/v2\/posts\/6081","targetHints":{"allow":["GET"]}}],"collection":[{"href":"https:\/\/agora.xtec.cat\/insbadiaimargarit\/wp-json\/wp\/v2\/posts"}],"about":[{"href":"https:\/\/agora.xtec.cat\/insbadiaimargarit\/wp-json\/wp\/v2\/types\/post"}],"author":[{"embeddable":true,"href":"https:\/\/agora.xtec.cat\/insbadiaimargarit\/wp-json\/wp\/v2\/users\/149"}],"replies":[{"embeddable":true,"href":"https:\/\/agora.xtec.cat\/insbadiaimargarit\/wp-json\/wp\/v2\/comments?post=6081"}],"version-history":[{"count":2,"href":"https:\/\/agora.xtec.cat\/insbadiaimargarit\/wp-json\/wp\/v2\/posts\/6081\/revisions"}],"predecessor-version":[{"id":6085,"href":"https:\/\/agora.xtec.cat\/insbadiaimargarit\/wp-json\/wp\/v2\/posts\/6081\/revisions\/6085"}],"wp:featuredmedia":[{"embeddable":true,"href":"https:\/\/agora.xtec.cat\/insbadiaimargarit\/wp-json\/wp\/v2\/media\/6083"}],"wp:attachment":[{"href":"https:\/\/agora.xtec.cat\/insbadiaimargarit\/wp-json\/wp\/v2\/media?parent=6081"}],"wp:term":[{"taxonomy":"category","embeddable":true,"href":"https:\/\/agora.xtec.cat\/insbadiaimargarit\/wp-json\/wp\/v2\/categories?post=6081"},{"taxonomy":"post_tag","embeddable":true,"href":"https:\/\/agora.xtec.cat\/insbadiaimargarit\/wp-json\/wp\/v2\/tags?post=6081"}],"curies":[{"name":"wp","href":"https:\/\/api.w.org\/{rel}","templated":true}]}}