{"id":5781,"date":"2020-05-27T18:16:50","date_gmt":"2020-05-27T16:16:50","guid":{"rendered":"http:\/\/agora.xtec.cat\/insbadiaimargarit\/?p=5781"},"modified":"2020-07-01T14:37:10","modified_gmt":"2020-07-01T12:37:10","slug":"pla-de-desconfinament-del-centre-v1-0-27-de-maig-2020","status":"publish","type":"post","link":"https:\/\/agora.xtec.cat\/insbadiaimargarit\/portada\/pla-de-desconfinament-del-centre-v1-0-27-de-maig-2020\/","title":{"rendered":"PLA DE REOBERTURA DEL CENTRE v1.0 \/ 27 de maig 2020"},"content":{"rendered":"<p style=\"text-align: right;\"><strong>Darrera actualitzaci\u00f3: 27 de maig de 2020<\/strong><\/p>\n<p>Benvolgudes fam\u00edlies,<\/p>\n<p>Desitgem que estigueu tots b\u00e9. Per qualsevol q\u00fcesti\u00f3, recordeu que ens podeu trobar al MEET de secretaria en l&#8217;horari que teniu especificat a la cap\u00e7alera del centre.<\/p>\n<p>A partir de l&#8217;1 de juny i una vegada la zona estigui en fase 2, reobrirem l&#8217;institut per a<strong> tasques molt puntuals<\/strong> de tutoria, orientaci\u00f3 i recollida de material que es va quedar al centre, de manera <strong>volunt\u00e0ria i amb cita pr\u00e8via<\/strong>. L&#8217;activitat lectiva i l&#8217;avaluaci\u00f3 -inclosa l&#8217;extraordin\u00e0ria- es far\u00e0 per via telem\u00e0tica, amb l&#8217;horari i format que hem seguit durant aquest 3r trimestre.<\/p>\n<p>L&#8217;assist\u00e8ncia per tant, \u00e9s totalment volunt\u00e0ria a criteri de la fam\u00edlia i respectant sempre les normes del PROCICAT i que s&#8217;especifiquen m\u00e9s endavant.<\/p>\n<p><strong>QUAN OBRIM?<\/strong><\/p>\n<p>Quan estiguem en la <strong>Fase 2 de la desescalada i a partir de l\u20191 de juny<\/strong>, de dilluns a divendres, en horari de 8 a 10, per tal de poder garantir l\u2019activitat telem\u00e0tica en l\u2019horari que s\u2019est\u00e0 desenvolupant (de 10 a 14h).<\/p>\n<p><strong>PER\u00a0 QU\u00c8 OBRIM?<\/strong><\/p>\n<p>Per l\u2019acompanyament tutorial d\u2019aquells alumnes que no es pot garantir per via telem\u00e0tica i per a la recollida puntual de material. Us demanem que si heu de venir al centre per alguna d&#8217;aquestes tasques, retorneu el llibre de lectura que teniu. Si no, el retornareu al setembre. No s&#8217;ha de venir al centre a retornar el llibre de lectura exclusivament.<\/p>\n<p>Esperem poder fer el lliurament presencial dels butlletins de 4t ESO, en grups redu\u00efts el 25 i \/o el 26 de juny. Per tant, aquests alumnes podran recollir el material aquest dia i nom\u00e9s han de venir al centre per tasques de tutoria. Estem pendents del lloc on els convocarem perqu\u00e8 a banda de la situaci\u00f3 del COVID-19, al nostre centre tenim el condicionant de les obres que afectaran part de l&#8217;edifici que estem ocupant. Us n&#8217;informarem.<\/p>\n<p><strong>PER ACCEDIR AL CENTRE CAL QUE PORTEU:\u00a0<\/strong><\/p>\n<ul>\n<li><strong>Abs\u00e8ncia de simptomatologia COVID-19<\/strong>, no haver estat positiu en els darrers 14 dies, no haver estat en contacte amb alg\u00fa positiu en els darrers 14 dies.<\/li>\n<li>Tenir el carnet de <strong>vacunes al dia<\/strong> (cal portar-ne la fotoc\u00f2pia actualitzada)<\/li>\n<li>Que l\u2019alumne\/a no presenti malalties cr\u00f2niques de tipus respiratori, card\u00edaca&#8230;<a href=\"https:\/\/agora.xtec.cat\/insbadiaimargarit\/wp-content\/uploads\/usu348\/2020\/05\/coronavirus.png\"><img loading=\"lazy\" decoding=\"async\" class=\" wp-image-5783 alignright\" src=\"https:\/\/agora.xtec.cat\/insbadiaimargarit\/wp-content\/uploads\/usu348\/2020\/05\/coronavirus.png\" alt=\"\" width=\"415\" height=\"292\" srcset=\"https:\/\/agora.xtec.cat\/insbadiaimargarit\/wp-content\/uploads\/usu348\/2020\/05\/coronavirus.png 512w, https:\/\/agora.xtec.cat\/insbadiaimargarit\/wp-content\/uploads\/usu348\/2020\/05\/coronavirus-300x211.png 300w\" sizes=\"auto, (max-width: 415px) 100vw, 415px\" \/><\/a><\/li>\n<li>Presentar la <strong>declaraci\u00f3 responsable per part de la fam\u00edlia<\/strong>, del Departament d\u2019Educaci\u00f3, el primer dia<\/li>\n<li>que us podeu descarregar des de <a href=\"https:\/\/agora.xtec.cat\/insbadiaimargarit\/wp-content\/uploads\/usu348\/2020\/05\/Declaracio_responsable_COVID_BIM.pdf\">Declaracio_responsable_COVID_BIM<\/a>.<\/li>\n<li>Garantir en tot moment les mesures d\u2019higiene i prevenci\u00f3.<\/li>\n<li>Garantir el distanciament f\u00edsic constant de 2 metres.<\/li>\n<\/ul>\n<p>L\u2019alumnat que no acompleixi aquests requisits <strong>no podr\u00e0 entrar al centre i\/o n\u2019haur\u00e0 de sortir si incompleix les mesures d\u2019higiene i distanciament.<\/strong><\/p>\n<p>Si un alumne\/a presenta simptomatologia (febre&#8230;) durant l\u2019estada al centre, ser\u00e0 a\u00efllat (Meitner) i la fam\u00edlia l\u2019haur\u00e0 de venir a recollir immediatament.<\/p>\n<p><strong>HORARI DEL 1 AL 19 DE JUNY, AMBD\u00d3S INCLOSOS<\/strong><\/p>\n<ul>\n<li>Per venir els dilluns, us convocaran els tutor\/es i faran ells la reserva d&#8217;aula i hora.<\/li>\n<li>De dimarts a divendres podeu venir al centre amb cita pr\u00e8via i\/o alumnat convocat des de psicopedagogia.<\/li>\n<li>L&#8217;horari d&#8217;atenci\u00f3 \u00e9s de 8 a 10 perqu\u00e8 a les 10 comen\u00e7a l&#8217;activitat lectiva telem\u00e0tica programada segons l&#8217;horari del 3r trimestre.<\/li>\n<\/ul>\n<table>\n<tbody>\n<tr>\n<td width=\"155\"><strong>\u00a0<\/strong><\/td>\n<td width=\"155\"><strong>DILLUNS<\/strong><\/td>\n<td width=\"155\"><strong>DIMARTS<\/strong><\/td>\n<td width=\"155\"><strong>DIMECRES<\/strong><\/td>\n<td width=\"155\"><strong>DIJOUS<\/strong><\/td>\n<td width=\"155\"><strong>DIVENDRES<\/strong><\/td>\n<\/tr>\n<tr>\n<td width=\"155\"><strong>8:00 \u2013 10:00<\/strong><\/td>\n<td width=\"155\">Alumnat de qualsevol nivell, <strong>convocat individualment pel tutor\/a individual<\/strong>.<\/p>\n<p>M\u00e0xim 2 alumnes per professor. M\u00e0xim 10 alumnes al centre.<\/td>\n<td width=\"155\">Alumnat convocat per psicopedagogia (m\u00e0xim 4) Juli\u00e1n<\/p>\n<p>&#8212;<\/p>\n<p>Alumnat amb cita pr\u00e8via de 1r ESO Rat<\/td>\n<td width=\"155\">Alumnat convocat per psicopedagogia (m\u00e0xim 4) Juli\u00e1n<\/p>\n<p>&#8212;<\/p>\n<p>Alumnat amb cita pr\u00e8via de 2n ESO Jordi V.<\/td>\n<td width=\"155\">Alumnat convocat per psicopedagogia (m\u00e0xim 4) Juli\u00e1n<\/p>\n<p>&#8212;<\/p>\n<p>Alumnat amb cita pr\u00e8via de 3r ESO<\/p>\n<p>Amadeu<\/td>\n<td width=\"155\">Alumnat convocat per psicopedagogia (m\u00e0xim 4) Juli\u00e1n<\/p>\n<p>&#8212;<\/p>\n<p>Alumnat amb cita pr\u00e8via de 4t ESO<\/p>\n<p>Pep<\/td>\n<\/tr>\n<\/tbody>\n<\/table>\n<p><strong>COM DEMANEU HORA PER VENIR AL CENTRE?<\/strong><\/p>\n<p>Per venir al centre, ja sigui per tasques de tutoria com per tasques de recollida de material, cal que reserveu hora amb l&#8217;aplicatiu que trobareu clicant a l&#8217;enlla\u00e7 de:<\/p>\n<ul>\n<li><a href=\"https:\/\/aplicacions.gestioeducativa.gencat.cat\/pls\/apex\/f?p=CITA_PREVIA:4::::4:P4_TIPUS_CALENDARI,P4_DOMINI:01_Acompanyament,08073193\">CITA PR\u00c8VIA<\/a><\/li>\n<\/ul>\n<p>Aquest \u00e9s un resum del Pla de Reobertura del centre v1.0, que s&#8217;ha concensuat en Claustre el 25 de maig de 2020 i s&#8217;ha informat degudament al Consell Escolar el mateix 25 de maig de 2020. Aquesta informaci\u00f3 es pot anar actualitzant i variant el pla en funci\u00f3 de l&#8217;evoluci\u00f3 de les fases.<\/p>\n<p>Atentament,<\/p>\n<p>Institut Badia i Margarit<\/p>\n<p style=\"text-align: right;\"><strong>Darrera actualitzaci\u00f3: 27 de maig de 2020<\/strong><\/p>\n","protected":false},"excerpt":{"rendered":"<p>Darrera actualitzaci\u00f3: 27 de maig de 2020<br \/>\nBenvolgudes fam\u00edlies,<br \/>\nDesitgem que estigueu tots b\u00e9. Per qualsevol q\u00fcesti\u00f3, recordeu que ens podeu trobar al MEET de secretaria en l&#8217;horari que teniu especificat a la cap\u00e7alera del centre.<br \/>\nA partir de l&#8217;1 de juny i una vegada la zona estigui&hellip;  <a href=\"https:\/\/agora.xtec.cat\/insbadiaimargarit\/portada\/pla-de-desconfinament-del-centre-v1-0-27-de-maig-2020\/\" title=\"Read PLA DE REOBERTURA DEL CENTRE v1.0 \/ 27 de maig 2020\">Llegeix m\u00e9s\u00bb<\/a><\/p>\n","protected":false},"author":4,"featured_media":5784,"comment_status":"open","ping_status":"closed","sticky":false,"template":"","format":"standard","meta":{"_bbp_topic_count":0,"_bbp_reply_count":0,"_bbp_total_topic_count":0,"_bbp_total_reply_count":0,"_bbp_voice_count":0,"_bbp_anonymous_reply_count":0,"_bbp_topic_count_hidden":0,"_bbp_reply_count_hidden":0,"_bbp_forum_subforum_count":0,"footnotes":""},"categories":[29,275],"tags":[274,266,124],"class_list":["post-5781","post","type-post","status-publish","format-standard","has-post-thumbnail","hentry","category-portada","category-situacions-demergencia","tag-coronavirus","tag-curs-2020-21","tag-projecte-educatiu"],"post_mailing_queue_ids":[],"_links":{"self":[{"href":"https:\/\/agora.xtec.cat\/insbadiaimargarit\/wp-json\/wp\/v2\/posts\/5781","targetHints":{"allow":["GET"]}}],"collection":[{"href":"https:\/\/agora.xtec.cat\/insbadiaimargarit\/wp-json\/wp\/v2\/posts"}],"about":[{"href":"https:\/\/agora.xtec.cat\/insbadiaimargarit\/wp-json\/wp\/v2\/types\/post"}],"author":[{"embeddable":true,"href":"https:\/\/agora.xtec.cat\/insbadiaimargarit\/wp-json\/wp\/v2\/users\/4"}],"replies":[{"embeddable":true,"href":"https:\/\/agora.xtec.cat\/insbadiaimargarit\/wp-json\/wp\/v2\/comments?post=5781"}],"version-history":[{"count":2,"href":"https:\/\/agora.xtec.cat\/insbadiaimargarit\/wp-json\/wp\/v2\/posts\/5781\/revisions"}],"predecessor-version":[{"id":5786,"href":"https:\/\/agora.xtec.cat\/insbadiaimargarit\/wp-json\/wp\/v2\/posts\/5781\/revisions\/5786"}],"wp:featuredmedia":[{"embeddable":true,"href":"https:\/\/agora.xtec.cat\/insbadiaimargarit\/wp-json\/wp\/v2\/media\/5784"}],"wp:attachment":[{"href":"https:\/\/agora.xtec.cat\/insbadiaimargarit\/wp-json\/wp\/v2\/media?parent=5781"}],"wp:term":[{"taxonomy":"category","embeddable":true,"href":"https:\/\/agora.xtec.cat\/insbadiaimargarit\/wp-json\/wp\/v2\/categories?post=5781"},{"taxonomy":"post_tag","embeddable":true,"href":"https:\/\/agora.xtec.cat\/insbadiaimargarit\/wp-json\/wp\/v2\/tags?post=5781"}],"curies":[{"name":"wp","href":"https:\/\/api.w.org\/{rel}","templated":true}]}}