{"id":5167,"date":"2020-01-22T12:58:51","date_gmt":"2020-01-22T11:58:51","guid":{"rendered":"http:\/\/agora.xtec.cat\/insbadiaimargarit\/?p=5167"},"modified":"2020-01-22T12:58:51","modified_gmt":"2020-01-22T11:58:51","slug":"suport-al-menjador-escolar","status":"publish","type":"post","link":"https:\/\/agora.xtec.cat\/insbadiaimargarit\/portada\/suport-al-menjador-escolar\/","title":{"rendered":"Suport al menjador escolar"},"content":{"rendered":"<p><span style=\"font-weight: 400;\">Soc l&#8217;Albert. Aquest primer trimestre he estat ajudant a les monitores a donar de menjar als nens petits de l&#8217;escola Dolors Mart\u00ed. Algun d&#8217;aquests rondinaven una mica per menjar, per\u00f2 amb una mica de paci\u00e8ncia s&#8217;ho menjaven tot. <\/span><\/p>\n<p><span style=\"font-weight: 400;\">Quan acaben de dinar, van tots al passad\u00eds en fila i despr\u00e9s es renten les dents, quan acaben, van a les aules a fer algunes activitats com jugar amb la plastelina, amb joguines i altres coses. Despr\u00e9s van al pati. En acabar el pati an\u00e0vem a les aules on \u00e9rem abans i ens rent\u00e0vem les mans, en acabar cant\u00e0vem una can\u00e7\u00f3 i els acompany\u00e0vem amb les professores. <\/span><\/p>\n<p style=\"text-align: right;\"><strong>\u00a0Albert D\u00edaz, 4t ESO.\u00a0<\/strong><\/p>\n","protected":false},"excerpt":{"rendered":"<p>Soc l&#8217;Albert. Aquest primer trimestre he estat ajudant a les monitores a donar de menjar als nens petits de l&#8217;escola Dolors Mart\u00ed. Algun d&#8217;aquests rondinaven una mica per menjar, per\u00f2 amb una mica de paci\u00e8ncia s&#8217;ho menjaven tot.<br \/>\nQuan acaben de dinar, van tots al&hellip;  <a href=\"https:\/\/agora.xtec.cat\/insbadiaimargarit\/portada\/suport-al-menjador-escolar\/\" title=\"Read Suport al menjador escolar\">Llegeix m\u00e9s\u00bb<\/a><\/p>\n","protected":false},"author":4,"featured_media":5154,"comment_status":"open","ping_status":"closed","sticky":false,"template":"","format":"standard","meta":{"_bbp_topic_count":0,"_bbp_reply_count":0,"_bbp_total_topic_count":0,"_bbp_total_reply_count":0,"_bbp_voice_count":0,"_bbp_anonymous_reply_count":0,"_bbp_topic_count_hidden":0,"_bbp_reply_count_hidden":0,"_bbp_forum_subforum_count":0,"footnotes":""},"categories":[173,29,106,176],"tags":[],"class_list":["post-5167","post","type-post","status-publish","format-standard","has-post-thumbnail","hentry","category-eso-4","category-portada","category-projecte-educatiu","category-servei-comunitari-aprenentatge-i-servei"],"post_mailing_queue_ids":[],"_links":{"self":[{"href":"https:\/\/agora.xtec.cat\/insbadiaimargarit\/wp-json\/wp\/v2\/posts\/5167","targetHints":{"allow":["GET"]}}],"collection":[{"href":"https:\/\/agora.xtec.cat\/insbadiaimargarit\/wp-json\/wp\/v2\/posts"}],"about":[{"href":"https:\/\/agora.xtec.cat\/insbadiaimargarit\/wp-json\/wp\/v2\/types\/post"}],"author":[{"embeddable":true,"href":"https:\/\/agora.xtec.cat\/insbadiaimargarit\/wp-json\/wp\/v2\/users\/4"}],"replies":[{"embeddable":true,"href":"https:\/\/agora.xtec.cat\/insbadiaimargarit\/wp-json\/wp\/v2\/comments?post=5167"}],"version-history":[{"count":1,"href":"https:\/\/agora.xtec.cat\/insbadiaimargarit\/wp-json\/wp\/v2\/posts\/5167\/revisions"}],"predecessor-version":[{"id":5168,"href":"https:\/\/agora.xtec.cat\/insbadiaimargarit\/wp-json\/wp\/v2\/posts\/5167\/revisions\/5168"}],"wp:featuredmedia":[{"embeddable":true,"href":"https:\/\/agora.xtec.cat\/insbadiaimargarit\/wp-json\/wp\/v2\/media\/5154"}],"wp:attachment":[{"href":"https:\/\/agora.xtec.cat\/insbadiaimargarit\/wp-json\/wp\/v2\/media?parent=5167"}],"wp:term":[{"taxonomy":"category","embeddable":true,"href":"https:\/\/agora.xtec.cat\/insbadiaimargarit\/wp-json\/wp\/v2\/categories?post=5167"},{"taxonomy":"post_tag","embeddable":true,"href":"https:\/\/agora.xtec.cat\/insbadiaimargarit\/wp-json\/wp\/v2\/tags?post=5167"}],"curies":[{"name":"wp","href":"https:\/\/api.w.org\/{rel}","templated":true}]}}