{"id":5123,"date":"2020-01-20T09:39:58","date_gmt":"2020-01-20T08:39:58","guid":{"rendered":"http:\/\/agora.xtec.cat\/insbadiaimargarit\/?p=5123"},"modified":"2020-01-20T09:39:58","modified_gmt":"2020-01-20T08:39:58","slug":"bimplicat-al-menjador-de-lescola-dolors-marti","status":"publish","type":"post","link":"https:\/\/agora.xtec.cat\/insbadiaimargarit\/eso\/bimplicat-al-menjador-de-lescola-dolors-marti\/","title":{"rendered":"BiMplica&#8217;t al menjador de l&#8217;escola Dolors Mart\u00ed"},"content":{"rendered":"<p>Alguns alumnes de 2n \u00a03r i 4rt d\u2019ESO, algunes hores anem al BiMplica\u2019t. El BiMplica\u2019t \u00e9s un grup de 8-10 alumnes (segon les hores) on fem feina de la classe\u00a0 una mica diferent , com arbres de Nadal o reorganitzar \u00a0la biblioteca. A banda daix\u00f2, 3 alumnes anem a menJadors escolar a ajudar.\u00a0 Al menjador de l\u2019escola Dolors Mart\u00ed hi anem cada dia l\u2019Albert i jo. Sortim de l\u2019institut a les 11:40 i agafen el autob\u00fas a es 11:50 per anar cap al Dolors Mart\u00ed quan arribem entrem i anem cap a dins al menjador i fem una setmana cadasc\u00fa en un espai diferent\u00a0 per exemple Jo vaig amb els de p3 p4i p5 una setmana i l\u2019Albert amb els de prim\u00e0ria i anem fent una setmana cadasc\u00fa. Primer amb els petits els i repartim els gots i els hi posem nom\u00e9s mig got d\u2019aigua. I quan acaben de dinar van tots cap al passad\u00eds I quan estan tots callats van cap al pati I al pati Jo els vigilo Durant mitja hora I despr\u00e9s entren per grups a les classes I fan activitats amb les monitor. I a les 3h entren a classe. I\u00a0 amb els grans dons esta de 12:00 a 13:00 al pati i despr\u00e9s baixen a dinar i s\u2019agafen ells els gots i les forquilles i els ganivets i els monitors \/monitores els i repartim el menja i quan acaben decideixen qui frega la taula qui escombra. Despr\u00e9s s\u2019esperen a que tothom hagi acabat i pujant cap a dalt i fan dos grups 5\u00e9 i 4rt i 6\u00e9.\u00a0 Uns van al porxo i uns altres van a la pista. I igual que els petits a les 3 entren a classe.<\/p>\n<p>Les tasques que fem son?<\/p>\n<ul>\n<li>Vigilar als nens al pati<\/li>\n<li>Servir l\u2019aigua i el menjar<\/li>\n<li>Acompanyar als nens al lavabo<\/li>\n<li>Fer d\u2019\u00e0rbitre o jugar amb els nens<\/li>\n<\/ul>\n<p>M&#8217;agrada anar-hi. Al principi no em pensava que m\u2019agradaria tant i he descobert que el m\u00f3n dels nens m\u2019agrada m\u00e9s del que em pensava.<\/p>\n<p style=\"text-align: right;\"><strong>Biel Casanova Jovell &#8211; 3r ESO<\/strong><\/p>\n","protected":false},"excerpt":{"rendered":"<p>Alguns alumnes de 2n \u00a03r i 4rt d\u2019ESO, algunes hores anem al BiMplica\u2019t. El BiMplica\u2019t \u00e9s un grup de 8-10 alumnes (segon les hores) on fem feina de la classe\u00a0 una mica diferent , com arbres de Nadal o reorganitzar \u00a0la biblioteca. A banda daix\u00f2,&hellip;  <a href=\"https:\/\/agora.xtec.cat\/insbadiaimargarit\/eso\/bimplicat-al-menjador-de-lescola-dolors-marti\/\" title=\"Read BiMplica&#8217;t al menjador de l&#8217;escola Dolors Mart\u00ed\">Llegeix m\u00e9s\u00bb<\/a><\/p>\n","protected":false},"author":4,"featured_media":5154,"comment_status":"open","ping_status":"closed","sticky":false,"template":"","format":"standard","meta":{"_bbp_topic_count":0,"_bbp_reply_count":0,"_bbp_total_topic_count":0,"_bbp_total_reply_count":0,"_bbp_voice_count":0,"_bbp_anonymous_reply_count":0,"_bbp_topic_count_hidden":0,"_bbp_reply_count_hidden":0,"_bbp_forum_subforum_count":0,"footnotes":""},"categories":[3,29,106,176],"tags":[195,220,124,217],"class_list":["post-5123","post","type-post","status-publish","format-standard","has-post-thumbnail","hentry","category-eso","category-portada","category-projecte-educatiu","category-servei-comunitari-aprenentatge-i-servei","tag-bimplicat","tag-curs-2019-20","tag-projecte-educatiu","tag-servei-comunitari"],"post_mailing_queue_ids":[],"_links":{"self":[{"href":"https:\/\/agora.xtec.cat\/insbadiaimargarit\/wp-json\/wp\/v2\/posts\/5123","targetHints":{"allow":["GET"]}}],"collection":[{"href":"https:\/\/agora.xtec.cat\/insbadiaimargarit\/wp-json\/wp\/v2\/posts"}],"about":[{"href":"https:\/\/agora.xtec.cat\/insbadiaimargarit\/wp-json\/wp\/v2\/types\/post"}],"author":[{"embeddable":true,"href":"https:\/\/agora.xtec.cat\/insbadiaimargarit\/wp-json\/wp\/v2\/users\/4"}],"replies":[{"embeddable":true,"href":"https:\/\/agora.xtec.cat\/insbadiaimargarit\/wp-json\/wp\/v2\/comments?post=5123"}],"version-history":[{"count":1,"href":"https:\/\/agora.xtec.cat\/insbadiaimargarit\/wp-json\/wp\/v2\/posts\/5123\/revisions"}],"predecessor-version":[{"id":5124,"href":"https:\/\/agora.xtec.cat\/insbadiaimargarit\/wp-json\/wp\/v2\/posts\/5123\/revisions\/5124"}],"wp:featuredmedia":[{"embeddable":true,"href":"https:\/\/agora.xtec.cat\/insbadiaimargarit\/wp-json\/wp\/v2\/media\/5154"}],"wp:attachment":[{"href":"https:\/\/agora.xtec.cat\/insbadiaimargarit\/wp-json\/wp\/v2\/media?parent=5123"}],"wp:term":[{"taxonomy":"category","embeddable":true,"href":"https:\/\/agora.xtec.cat\/insbadiaimargarit\/wp-json\/wp\/v2\/categories?post=5123"},{"taxonomy":"post_tag","embeddable":true,"href":"https:\/\/agora.xtec.cat\/insbadiaimargarit\/wp-json\/wp\/v2\/tags?post=5123"}],"curies":[{"name":"wp","href":"https:\/\/api.w.org\/{rel}","templated":true}]}}