{"id":3812,"date":"2019-03-14T08:33:33","date_gmt":"2019-03-14T07:33:33","guid":{"rendered":"http:\/\/agora.xtec.cat\/insbadiaimargarit\/?p=3812"},"modified":"2019-03-14T08:33:33","modified_gmt":"2019-03-14T07:33:33","slug":"nous-vous-attendons-par-anna-calvo-et-chaimae-el-alami","status":"publish","type":"post","link":"https:\/\/agora.xtec.cat\/insbadiaimargarit\/general\/nous-vous-attendons-par-anna-calvo-et-chaimae-el-alami\/","title":{"rendered":"NOUS VOUS ATTENDONS, par Anna Calvo et Chaimae El Alami"},"content":{"rendered":"<p>Ces derni\u00e8res semaines nous avons \u00e9t\u00e9 tr\u00e8s enthousiastes \u00e0 pr\u00e9parer diff\u00e9rentes choses pour notre \u00e9change, <strong>Igualada-Ruffec<\/strong>. Nous organisons des activit\u00e9s pour les Fran\u00e7ais qui vont venir, nous pr\u00e9parons des affiches, nous pensons aux apr\u00e8s-midis que nous allons passer ensemble. Nous nous pr\u00e9parons et r\u00e9fl\u00e9chissons aux activit\u00e9s de groupe pour vous.<\/p>\n<p>Nous sommes tr\u00e8s heureux de vous accueillir et nous esp\u00e9rons que vous appreniez beaucoup de choses de notre pays: la culture, les traditions, les sp\u00e9cialit\u00e9s\u2026 Nous voulons passer de bons moments avec vous et pouvoir vivre de nouvelles exp\u00e9riences ensemble. Nous allons vous faire conna\u00eetre notre r\u00e9alit\u00e9.<\/p>\n<p>Nous esp\u00e9rons que vous allez aimer les activit\u00e9s, les sorties et les excursions que nous vous avons pr\u00e9par\u00e9es. Nous sommes heureux de vous recevoir, nous h\u00e2tons de votre arriv\u00e9e. Nous esp\u00e9rons que vous soyez aussi enthousiastes que nous.<\/p>\n<p><strong>\u00c0 tr\u00e8s bient\u00f4t, nos amis!<\/strong><\/p>\n<p><strong>Les \u00e9l\u00e8ves d\u2019Igualada, la classe de troisi\u00e8me eso.<\/strong><\/p>\n","protected":false},"excerpt":{"rendered":"<p>Ces derni\u00e8res semaines nous avons \u00e9t\u00e9 tr\u00e8s enthousiastes \u00e0 pr\u00e9parer diff\u00e9rentes choses pour notre \u00e9change, Igualada-Ruffec. Nous organisons des activit\u00e9s pour les Fran\u00e7ais qui vont venir, nous pr\u00e9parons des affiches, nous pensons aux apr\u00e8s-midis que nous allons passer ensemble. Nous nous pr\u00e9parons et r\u00e9fl\u00e9chissons aux&hellip;  <a href=\"https:\/\/agora.xtec.cat\/insbadiaimargarit\/general\/nous-vous-attendons-par-anna-calvo-et-chaimae-el-alami\/\" title=\"Read NOUS VOUS ATTENDONS, par Anna Calvo et Chaimae El Alami\">Llegeix m\u00e9s\u00bb<\/a><\/p>\n","protected":false},"author":149,"featured_media":3817,"comment_status":"open","ping_status":"closed","sticky":false,"template":"","format":"standard","meta":{"_bbp_topic_count":0,"_bbp_reply_count":0,"_bbp_total_topic_count":0,"_bbp_total_reply_count":0,"_bbp_voice_count":0,"_bbp_anonymous_reply_count":0,"_bbp_topic_count_hidden":0,"_bbp_reply_count_hidden":0,"_bbp_forum_subforum_count":0,"footnotes":""},"categories":[83,127,173,1,29,106,123],"tags":[171,157,160,124,39,105],"class_list":["post-3812","post","type-post","status-publish","format-standard","has-post-thumbnail","hentry","category-eso-2","category-eso-3","category-eso-4","category-general","category-portada","category-projecte-educatiu","category-til","tag-curs-2018-19","tag-europe","tag-frances","tag-projecte-educatiu","tag-sortides","tag-visites"],"post_mailing_queue_ids":[],"_links":{"self":[{"href":"https:\/\/agora.xtec.cat\/insbadiaimargarit\/wp-json\/wp\/v2\/posts\/3812","targetHints":{"allow":["GET"]}}],"collection":[{"href":"https:\/\/agora.xtec.cat\/insbadiaimargarit\/wp-json\/wp\/v2\/posts"}],"about":[{"href":"https:\/\/agora.xtec.cat\/insbadiaimargarit\/wp-json\/wp\/v2\/types\/post"}],"author":[{"embeddable":true,"href":"https:\/\/agora.xtec.cat\/insbadiaimargarit\/wp-json\/wp\/v2\/users\/149"}],"replies":[{"embeddable":true,"href":"https:\/\/agora.xtec.cat\/insbadiaimargarit\/wp-json\/wp\/v2\/comments?post=3812"}],"version-history":[{"count":1,"href":"https:\/\/agora.xtec.cat\/insbadiaimargarit\/wp-json\/wp\/v2\/posts\/3812\/revisions"}],"predecessor-version":[{"id":3813,"href":"https:\/\/agora.xtec.cat\/insbadiaimargarit\/wp-json\/wp\/v2\/posts\/3812\/revisions\/3813"}],"wp:featuredmedia":[{"embeddable":true,"href":"https:\/\/agora.xtec.cat\/insbadiaimargarit\/wp-json\/wp\/v2\/media\/3817"}],"wp:attachment":[{"href":"https:\/\/agora.xtec.cat\/insbadiaimargarit\/wp-json\/wp\/v2\/media?parent=3812"}],"wp:term":[{"taxonomy":"category","embeddable":true,"href":"https:\/\/agora.xtec.cat\/insbadiaimargarit\/wp-json\/wp\/v2\/categories?post=3812"},{"taxonomy":"post_tag","embeddable":true,"href":"https:\/\/agora.xtec.cat\/insbadiaimargarit\/wp-json\/wp\/v2\/tags?post=3812"}],"curies":[{"name":"wp","href":"https:\/\/api.w.org\/{rel}","templated":true}]}}