{"id":12043,"date":"2026-09-04T11:46:41","date_gmt":"2026-09-04T09:46:41","guid":{"rendered":"https:\/\/agora.xtec.cat\/insbadiaimargarit\/?p=12043"},"modified":"2026-09-04T11:47:50","modified_gmt":"2026-09-04T09:47:50","slug":"gestio-de-la-cua-virtual-de-les-places-vacants-dfp","status":"publish","type":"post","link":"https:\/\/agora.xtec.cat\/insbadiaimargarit\/portada\/gestio-de-la-cua-virtual-de-les-places-vacants-dfp\/","title":{"rendered":"Gesti\u00f3 de la cua virtual de les places vacants d&#8217;FP"},"content":{"rendered":"<p>Benvolgudes fam\u00edlies i alumnes interessats en els estudis de Formaci\u00f3 Professional,<\/p>\n<p>L&#8217;alumnat que no hagi tingut assignaci\u00f3 a la FP i vulgui optar a una pla\u00e7a s&#8217;haur\u00e0 d&#8217;inscriure, <strong>a partir del 7 de setembre<\/strong>\u00a0 a la cua virtual:<\/p>\n<h1 style=\"text-align: center;\"><a href=\"https:\/\/aplicacions.gestioeducativa.gencat.cat\/ords\/pls\/apex\/f?p=20160079072543618:650:::NO:650:P650_CENTRE:7A9573EE8A9EA85513991F7F488EF0C6EC3274BA8CD6E04E\"><strong>CUA VIRTUAL FP INSTITUT BADIA I MARGARIT<\/strong><\/a><\/h1>\n<p>Informacions rellevants:<\/p>\n<ul>\n<li><strong>Tot el tr\u00e0mit es fa en l\u00ednia<\/strong>, a traves de la Gesti\u00f3 de la cua virtual. Per tant, no s&#8217;acceptaran peticions via inst\u00e0ncia ni tampoc per correu electr\u00f2nic.<\/li>\n<li>La cua virtual \u00e9s <b>\u00e9s \u00fanica per a cada centre educatiu i per a cada tipus d\u2019ensenyament (grau mitj\u00e0 i grau superior)<\/b>; per tant, no s&#8217;estableixen cues diferenciades per a cada cicle formatiu.<\/li>\n<li>L\u2019alumnat es pot inscriure a la cua virtual de qualsevol centre que disposi de vacants i, si ho considera oport\u00fa, tamb\u00e9 pot inscriure\u2019s simult\u00e0niament a les cues d\u2019altres centres. En aquesta fase no se sol\u00b7licita pla\u00e7a per a un cicle formatiu concret, sin\u00f3 que la inscripci\u00f3 es fa a nivell de centre.<\/li>\n<li>La posici\u00f3 a la cua determina \u00fanicament l\u2019ordre d&#8217;atenci\u00f3 i no garanteix l\u2019obtenci\u00f3 d\u2019una pla\u00e7a determinada. At\u00e8s que la cua \u00e9s pr\u00f2pia del centre i no d&#8217;un cicle formatiu espec\u00edfic, l&#8217;adjudicaci\u00f3 final dependr\u00e0 tant de les vacants disponibles en cada cicle en el moment de l&#8217;atenci\u00f3 com de les opcions escollides per les persones que hagin estat ateses amb anterioritat.<\/li>\n<\/ul>\n<p>Donat el volum tan elevat de peticions que hem tingut durant la preinscripci\u00f3 i matr\u00edcula de la FP, no podem garantir l&#8217;atenci\u00f3 telef\u00f2nica ni per correu electr\u00f2nic personalitzada en relaci\u00f3 a aquest procediment i us demanem que estigueu atents a la p\u00e0gina web del centre per resoldre qualsevol incid\u00e8ncia<\/p>\n<p>Una vegada inscrits, estigueu atents a les vies de comunicaci\u00f3 per si teniu alguna pla\u00e7a assignada i als terminis.<\/p>\n<p>Atentament,<\/p>\n<p>Institut Badia i Margarit<\/p>\n","protected":false},"excerpt":{"rendered":"<p>Benvolgudes fam\u00edlies i alumnes interessats en els estudis de Formaci\u00f3 Professional,<br \/>\nL&#8217;alumnat que no hagi tingut assignaci\u00f3 a la FP i vulgui optar a una pla\u00e7a s&#8217;haur\u00e0 d&#8217;inscriure, a partir del 7 de setembre\u00a0 a la cua virtual:<br \/>\n<a href=\"https:\/\/aplicacions.gestioeducativa.gencat.cat\/ords\/pls\/apex\/f?p=20160079072543618:650:::NO:650:P650_CENTRE:7A9573EE8A9EA85513991F7F488EF0C6EC3274BA8CD6E04E\">CUA VIRTUAL FP INSTITUT BADIA I MARGARIT<\/a><br \/>\nInformacions rellevants:<\/p>\n<ul>\n<li>Tot&hellip;  <a href=\"https:\/\/agora.xtec.cat\/insbadiaimargarit\/portada\/gestio-de-la-cua-virtual-de-les-places-vacants-dfp\/\" title=\"Read Gesti\u00f3 de la cua virtual de les places vacants d&#8217;FP\">Llegeix m\u00e9s\u00bb<\/a><br \/>\n","protected":false},"author":4,"featured_media":11399,"comment_status":"closed","ping_status":"open","sticky":true,"template":"","format":"standard","meta":{"_bbp_topic_count":0,"_bbp_reply_count":0,"_bbp_total_topic_count":0,"_bbp_total_reply_count":0,"_bbp_voice_count":0,"_bbp_anonymous_reply_count":0,"_bbp_topic_count_hidden":0,"_bbp_reply_count_hidden":0,"_bbp_forum_subforum_count":0,"footnotes":""},"categories":[355,356,354,29],"tags":[399,353,381],"class_list":["post-12043","post","type-post","status-publish","format-standard","has-post-thumbnail","hentry","category-cicles-formatius-de-grau-mitja","category-cicles-formatius-de-grau-superior","category-formacio-professional","category-portada","tag-curs-2026-27","tag-fp-sanitat","tag-preinscripcions"],"post_mailing_queue_ids":[],"_links":{"self":[{"href":"https:\/\/agora.xtec.cat\/insbadiaimargarit\/wp-json\/wp\/v2\/posts\/12043","targetHints":{"allow":["GET"]}}],"collection":[{"href":"https:\/\/agora.xtec.cat\/insbadiaimargarit\/wp-json\/wp\/v2\/posts"}],"about":[{"href":"https:\/\/agora.xtec.cat\/insbadiaimargarit\/wp-json\/wp\/v2\/types\/post"}],"author":[{"embeddable":true,"href":"https:\/\/agora.xtec.cat\/insbadiaimargarit\/wp-json\/wp\/v2\/users\/4"}],"replies":[{"embeddable":true,"href":"https:\/\/agora.xtec.cat\/insbadiaimargarit\/wp-json\/wp\/v2\/comments?post=12043"}],"version-history":[{"count":2,"href":"https:\/\/agora.xtec.cat\/insbadiaimargarit\/wp-json\/wp\/v2\/posts\/12043\/revisions"}],"predecessor-version":[{"id":12045,"href":"https:\/\/agora.xtec.cat\/insbadiaimargarit\/wp-json\/wp\/v2\/posts\/12043\/revisions\/12045"}],"wp:featuredmedia":[{"embeddable":true,"href":"https:\/\/agora.xtec.cat\/insbadiaimargarit\/wp-json\/wp\/v2\/media\/11399"}],"wp:attachment":[{"href":"https:\/\/agora.xtec.cat\/insbadiaimargarit\/wp-json\/wp\/v2\/media?parent=12043"}],"wp:term":[{"taxonomy":"category","embeddable":true,"href":"https:\/\/agora.xtec.cat\/insbadiaimargarit\/wp-json\/wp\/v2\/categories?post=12043"},{"taxonomy":"post_tag","embeddable":true,"href":"https:\/\/agora.xtec.cat\/insbadiaimargarit\/wp-json\/wp\/v2\/tags?post=12043"}],"curies":[{"name":"wp","href":"https:\/\/api.w.org\/{rel}","templated":true}]}}