{"id":11615,"date":"2026-03-13T19:23:31","date_gmt":"2026-03-13T18:23:31","guid":{"rendered":"https:\/\/agora.xtec.cat\/insbadiaimargarit\/?p=11615"},"modified":"2026-03-14T10:32:45","modified_gmt":"2026-03-14T09:32:45","slug":"felicitacio-al-nil-ramos","status":"publish","type":"post","link":"https:\/\/agora.xtec.cat\/insbadiaimargarit\/general\/felicitacio-al-nil-ramos\/","title":{"rendered":"Felicitaci\u00f3 al Nil Ramos"},"content":{"rendered":"<p><span style=\"font-weight: 400;\">Avui us presentem al Nil Ramos, alumne de 2n de batxillerat de la modalitat cient\u00edfica.<\/span><\/p>\n<figure class=\"figure wp-caption aligncenter\"><a href=\"https:\/\/agora.xtec.cat\/insbadiaimargarit\/wp-content\/uploads\/usu348\/2026\/03\/Imatge_Nil_article-scaled.jpg\"><img loading=\"lazy\" decoding=\"async\" class=\"size-large wp-image-11616\" src=\"https:\/\/agora.xtec.cat\/insbadiaimargarit\/wp-content\/uploads\/usu348\/2026\/03\/Imatge_Nil_article-1024x975.jpg\" alt=\"\" width=\"1024\" height=\"975\" srcset=\"https:\/\/agora.xtec.cat\/insbadiaimargarit\/wp-content\/uploads\/usu348\/2026\/03\/Imatge_Nil_article-1024x975.jpg 1024w, https:\/\/agora.xtec.cat\/insbadiaimargarit\/wp-content\/uploads\/usu348\/2026\/03\/Imatge_Nil_article-300x286.jpg 300w, https:\/\/agora.xtec.cat\/insbadiaimargarit\/wp-content\/uploads\/usu348\/2026\/03\/Imatge_Nil_article-768x731.jpg 768w, https:\/\/agora.xtec.cat\/insbadiaimargarit\/wp-content\/uploads\/usu348\/2026\/03\/Imatge_Nil_article-1536x1463.jpg 1536w, https:\/\/agora.xtec.cat\/insbadiaimargarit\/wp-content\/uploads\/usu348\/2026\/03\/Imatge_Nil_article-2048x1950.jpg 2048w\" sizes=\"auto, (max-width: 1024px) 100vw, 1024px\" \/><\/a><figcaption class=\"wp-caption-text\">Nil Ramos al laboratori de Qu\u00edmica de l&#8217;institut.<\/figcaption><\/figure>\n<p>&nbsp;<\/p>\n<p><span style=\"font-weight: 400;\">El Nil es caracteritza per ser un noi tranquil, alegre, sempre disposat al bon humor i a compartir moments divertits amb la promoci\u00f3.<\/span><\/p>\n<p><span style=\"font-weight: 400;\">El passat 11 de febrer ell i 12 companys m\u00e9s de la modalitat cient\u00edfica es van presentar a l\u2019olimp\u00edada de Qu\u00edmica. Van anar 2 hores per la tarda a la Universitat d\u2019Igualada a gaudir de fer una prova escrita de Qu\u00edmica.<\/span><\/p>\n<p>&nbsp;<\/p>\n<ul>\n<li style=\"font-weight: 400;\"><span style=\"font-weight: 400;\">Nil, com et definiries com a estudiant?<\/span><\/li>\n<\/ul>\n<p><span style=\"font-weight: 400;\">Em definiria com un estudiant inquiet i curi\u00f3s. No soc especialment un estudiant excel\u00b7lent, per\u00f2 quan un tema m\u2019interessa m\u2019agrada investigar i entendre\u2019l b\u00e9.<\/span><\/p>\n<ul>\n<li style=\"font-weight: 400;\"><span style=\"font-weight: 400;\">Quines s\u00f3n les teves aficions?<\/span><\/li>\n<\/ul>\n<p><span style=\"font-weight: 400;\">Sobre les meves aficions destacaria aquelles que em fan desconnectar dels estudis, en especial l\u2019esport i passar temps amb els meus amics.<\/span><\/p>\n<ul>\n<li style=\"font-weight: 400;\"><span style=\"font-weight: 400;\">Com \u00e9s que et vas presentar a l\u2019olimp\u00edada de Qu\u00edmica?<\/span><\/li>\n<\/ul>\n<p><span style=\"font-weight: 400;\">Vaig presentar-m&#8217;hi amb la intenci\u00f3 de viure l\u2019experi\u00e8ncia de fer un examen a la universitat.<\/span><\/p>\n<ul>\n<li style=\"font-weight: 400;\"><span style=\"font-weight: 400;\">Quina ha estat la teva experi\u00e8ncia en aquesta?<\/span><\/li>\n<\/ul>\n<p><span style=\"font-weight: 400;\">Va ser una experi\u00e8ncia positiva, ja que no vaig estar nervi\u00f3s en cap moment, per tant, vaig poder fer la prova sense cap pressi\u00f3.<\/span><\/p>\n<ul>\n<li style=\"font-weight: 400;\"><span style=\"font-weight: 400;\">Qu\u00e8 li diries a un alumne que vol comen\u00e7ar a estudiar batxillerat el curs vinent?<\/span><\/li>\n<\/ul>\n<p><span style=\"font-weight: 400;\">Li diria que es prepari mentalment per a una etapa m\u00e9s exigent que l\u2019ESO. El batxillerat requereix m\u00e9s const\u00e0ncia, organitzaci\u00f3 i responsabilitat amb els estudis. \u00c9s important no deixar la feina per a l\u2019\u00faltim moment i acostumar-se a estudiar de manera regular.<\/span><\/p>\n<p>&nbsp;<\/p>\n<p><span style=\"font-weight: 400;\">Ara ja sabent els resultats definitius de l\u2019Olimp\u00edada volem felicitar el Nil per haver quedat 23\u00e8 de Catalunya (d\u2019un total de 275 alumnes). La ll\u00e0stima \u00e9s que nom\u00e9s els 21 primers es classifiquen per a la fase espanyola. S\u2019ha quedat a un pas per ampliar aquesta experi\u00e8ncia. De totes maneres, per a nosaltres, ja \u00e9s un guanyador i n\u2019estem orgullosos.<\/span><\/p>\n<p><span style=\"font-weight: 400;\">Enhorabona, Nil, i a per m\u00e9s \u00e8xits en la teva vida! <\/span><\/p>\n","protected":false},"excerpt":{"rendered":"<p>Avui us presentem al Nil Ramos, alumne de 2n de batxillerat de la modalitat cient\u00edfica.<br \/>\n<a href=\"https:\/\/agora.xtec.cat\/insbadiaimargarit\/wp-content\/uploads\/usu348\/2026\/03\/Imatge_Nil_article-scaled.jpg\"><\/a>Nil Ramos al laboratori de Qu\u00edmica de l&#8217;institut.<br \/>\n&nbsp;<br \/>\nEl Nil es caracteritza per ser un noi tranquil, alegre, sempre disposat al bon humor i a compartir moments divertits amb la promoci\u00f3.<br \/>\nEl&hellip;  <a href=\"https:\/\/agora.xtec.cat\/insbadiaimargarit\/general\/felicitacio-al-nil-ramos\/\" title=\"Read Felicitaci\u00f3 al Nil Ramos\">Llegeix m\u00e9s\u00bb<\/a><\/p>\n","protected":false},"author":175,"featured_media":11616,"comment_status":"closed","ping_status":"open","sticky":true,"template":"","format":"standard","meta":{"_bbp_topic_count":0,"_bbp_reply_count":0,"_bbp_total_topic_count":0,"_bbp_total_reply_count":0,"_bbp_voice_count":0,"_bbp_anonymous_reply_count":0,"_bbp_topic_count_hidden":0,"_bbp_reply_count_hidden":0,"_bbp_forum_subforum_count":0,"footnotes":""},"categories":[218,131,1,29,106,320],"tags":[268,116,382,124],"class_list":["post-11615","post","type-post","status-publish","format-standard","has-post-thumbnail","hentry","category-batillerat","category-espai-cientific","category-general","category-portada","category-projecte-educatiu","category-steam","tag-batxillerat","tag-concursos","tag-curs-2025-26","tag-projecte-educatiu"],"post_mailing_queue_ids":[],"_links":{"self":[{"href":"https:\/\/agora.xtec.cat\/insbadiaimargarit\/wp-json\/wp\/v2\/posts\/11615","targetHints":{"allow":["GET"]}}],"collection":[{"href":"https:\/\/agora.xtec.cat\/insbadiaimargarit\/wp-json\/wp\/v2\/posts"}],"about":[{"href":"https:\/\/agora.xtec.cat\/insbadiaimargarit\/wp-json\/wp\/v2\/types\/post"}],"author":[{"embeddable":true,"href":"https:\/\/agora.xtec.cat\/insbadiaimargarit\/wp-json\/wp\/v2\/users\/175"}],"replies":[{"embeddable":true,"href":"https:\/\/agora.xtec.cat\/insbadiaimargarit\/wp-json\/wp\/v2\/comments?post=11615"}],"version-history":[{"count":4,"href":"https:\/\/agora.xtec.cat\/insbadiaimargarit\/wp-json\/wp\/v2\/posts\/11615\/revisions"}],"predecessor-version":[{"id":11620,"href":"https:\/\/agora.xtec.cat\/insbadiaimargarit\/wp-json\/wp\/v2\/posts\/11615\/revisions\/11620"}],"wp:featuredmedia":[{"embeddable":true,"href":"https:\/\/agora.xtec.cat\/insbadiaimargarit\/wp-json\/wp\/v2\/media\/11616"}],"wp:attachment":[{"href":"https:\/\/agora.xtec.cat\/insbadiaimargarit\/wp-json\/wp\/v2\/media?parent=11615"}],"wp:term":[{"taxonomy":"category","embeddable":true,"href":"https:\/\/agora.xtec.cat\/insbadiaimargarit\/wp-json\/wp\/v2\/categories?post=11615"},{"taxonomy":"post_tag","embeddable":true,"href":"https:\/\/agora.xtec.cat\/insbadiaimargarit\/wp-json\/wp\/v2\/tags?post=11615"}],"curies":[{"name":"wp","href":"https:\/\/api.w.org\/{rel}","templated":true}]}}