{"id":11473,"date":"2026-01-13T17:58:37","date_gmt":"2026-01-13T16:58:37","guid":{"rendered":"https:\/\/agora.xtec.cat\/insbadiaimargarit\/?p=11473"},"modified":"2026-01-13T17:58:37","modified_gmt":"2026-01-13T16:58:37","slug":"dia-dels-autors-europeus-a-la-biblioteca","status":"publish","type":"post","link":"https:\/\/agora.xtec.cat\/insbadiaimargarit\/general\/dia-dels-autors-europeus-a-la-biblioteca\/","title":{"rendered":"Dia dels Autors Europeus a la biblioteca"},"content":{"rendered":"<p>Celebrem <strong><em>European Authors Day 2025<\/em><\/strong> a la biblioteca del centre gr\u00e0cies als alumnes de batxillerat.<\/p>\n<p>Dimarts 9 de desembre de 2025: <strong>Literatura francesa<\/strong> (Batxibac): fragments de la lectura obligat\u00f2ria per la sessi\u00f3 de les proves externes del batxibac 2025: <em>Monsieur Ibrahim et les fleurs du Coran<\/em> d&#8217;Eric-Emmanuel Schmitt.<\/p>\n<p><a href=\"https:\/\/agora.xtec.cat\/insbadiaimargarit\/wp-content\/uploads\/usu348\/2025\/12\/lite-francesa.jpg\"><img loading=\"lazy\" decoding=\"async\" class=\"alignnone wp-image-11476\" src=\"https:\/\/agora.xtec.cat\/insbadiaimargarit\/wp-content\/uploads\/usu348\/2025\/12\/lite-francesa.jpg\" alt=\"\" width=\"368\" height=\"276\" srcset=\"https:\/\/agora.xtec.cat\/insbadiaimargarit\/wp-content\/uploads\/usu348\/2025\/12\/lite-francesa.jpg 400w, https:\/\/agora.xtec.cat\/insbadiaimargarit\/wp-content\/uploads\/usu348\/2025\/12\/lite-francesa-300x225.jpg 300w, https:\/\/agora.xtec.cat\/insbadiaimargarit\/wp-content\/uploads\/usu348\/2025\/12\/lite-francesa-200x150.jpg 200w\" sizes=\"auto, (max-width: 368px) 100vw, 368px\" \/><\/a> <a href=\"https:\/\/agora.xtec.cat\/insbadiaimargarit\/wp-content\/uploads\/usu348\/2025\/12\/frances.jpg\"><img loading=\"lazy\" decoding=\"async\" class=\"alignnone wp-image-11477\" src=\"https:\/\/agora.xtec.cat\/insbadiaimargarit\/wp-content\/uploads\/usu348\/2025\/12\/frances.jpg\" alt=\"\" width=\"367\" height=\"275\" srcset=\"https:\/\/agora.xtec.cat\/insbadiaimargarit\/wp-content\/uploads\/usu348\/2025\/12\/frances.jpg 400w, https:\/\/agora.xtec.cat\/insbadiaimargarit\/wp-content\/uploads\/usu348\/2025\/12\/frances-300x225.jpg 300w, https:\/\/agora.xtec.cat\/insbadiaimargarit\/wp-content\/uploads\/usu348\/2025\/12\/frances-200x150.jpg 200w\" sizes=\"auto, (max-width: 367px) 100vw, 367px\" \/><\/a><\/p>\n<p>Dimecres 10 de desembre de 2025: <strong>Literatura catalana:<\/strong> fragment inicial de la novel\u00b7la <em><u>Laura a la ciutat dels Sants<\/u><\/em>, de Miquel Llor; una poesia del poemari de<u>\u00a0<em>Bruixa de dol<\/em><\/u>, de Maria Merc\u00e8 Mar\u00e7al; dues poesies d&#8217;<em><u>El poema de la rosa als llavis<\/u><\/em>, de Salvat Papasseit i la poesia &#8220;<em><u>Divagaci\u00f3 segona<\/u><\/em>&#8221; de Sebasti\u00e0 Sanchez-Juan.<\/p>\n<p><a href=\"https:\/\/agora.xtec.cat\/insbadiaimargarit\/wp-content\/uploads\/usu348\/2025\/12\/catala.jpg\"><img loading=\"lazy\" decoding=\"async\" class=\"alignnone size-full wp-image-11478\" src=\"https:\/\/agora.xtec.cat\/insbadiaimargarit\/wp-content\/uploads\/usu348\/2025\/12\/catala.jpg\" alt=\"\" width=\"400\" height=\"300\" srcset=\"https:\/\/agora.xtec.cat\/insbadiaimargarit\/wp-content\/uploads\/usu348\/2025\/12\/catala.jpg 400w, https:\/\/agora.xtec.cat\/insbadiaimargarit\/wp-content\/uploads\/usu348\/2025\/12\/catala-300x225.jpg 300w, https:\/\/agora.xtec.cat\/insbadiaimargarit\/wp-content\/uploads\/usu348\/2025\/12\/catala-200x150.jpg 200w\" sizes=\"auto, (max-width: 400px) 100vw, 400px\" \/><\/a><\/p>\n<p>Dijous 11 de desembre de 2025: <strong>Literatura castellana:<\/strong> poema 15 de <em>20 poemas de amor y una canci\u00f3n desesperada<\/em> de Neruda y <em>Don Quijote de la Mancha<\/em>.<\/p>\n<p><a href=\"https:\/\/agora.xtec.cat\/insbadiaimargarit\/wp-content\/uploads\/usu348\/2026\/01\/castella.jpeg\"><img loading=\"lazy\" decoding=\"async\" class=\"alignnone size-full wp-image-11479\" src=\"https:\/\/agora.xtec.cat\/insbadiaimargarit\/wp-content\/uploads\/usu348\/2026\/01\/castella.jpeg\" alt=\"\" width=\"324\" height=\"432\" srcset=\"https:\/\/agora.xtec.cat\/insbadiaimargarit\/wp-content\/uploads\/usu348\/2026\/01\/castella.jpeg 324w, https:\/\/agora.xtec.cat\/insbadiaimargarit\/wp-content\/uploads\/usu348\/2026\/01\/castella-225x300.jpeg 225w\" sizes=\"auto, (max-width: 324px) 100vw, 324px\" \/><\/a> <a href=\"https:\/\/agora.xtec.cat\/insbadiaimargarit\/wp-content\/uploads\/usu348\/2026\/01\/castella_2.jpeg\"><img loading=\"lazy\" decoding=\"async\" class=\"alignnone size-large wp-image-11480\" src=\"https:\/\/agora.xtec.cat\/insbadiaimargarit\/wp-content\/uploads\/usu348\/2026\/01\/castella_2.jpeg\" alt=\"\" width=\"324\" height=\"432\" srcset=\"https:\/\/agora.xtec.cat\/insbadiaimargarit\/wp-content\/uploads\/usu348\/2026\/01\/castella_2.jpeg 324w, https:\/\/agora.xtec.cat\/insbadiaimargarit\/wp-content\/uploads\/usu348\/2026\/01\/castella_2-225x300.jpeg 225w\" sizes=\"auto, (max-width: 324px) 100vw, 324px\" \/><\/a><\/p>\n<p>Divendres 12 de desembre de 2025: <strong>Literatura universal:<\/strong> <em>Mad Girl\u2019s Love Song<\/em> by Sylvia Plath, <em>Vou-me embora pra Pas\u00e1rgada<\/em> de Manuel Bandeira, una traducci\u00f3 en catal\u00e0 de <em>El jard\u00ed secret<\/em>, de Frances Hodgson Burnett (traducci\u00f3 de Maria Rossich) i en castell\u00e0 dos fragments de <em>La sombra del viento<\/em>, de Carlos Ruiz Zaf\u00f3n. Des de cl\u00e0ssiques: un passatge de <em>l&#8217;Eneida<\/em> de Virgili; l&#8217;inici de la primera Catilin\u00e0ria de Cicer\u00f3; un poema de Safo i la invocaci\u00f3 a les Muses de <em>l&#8217;Odissea<\/em>.<\/p>\n<p><a href=\"https:\/\/agora.xtec.cat\/insbadiaimargarit\/wp-content\/uploads\/usu348\/2026\/01\/lite-uni.jpg\"><img loading=\"lazy\" decoding=\"async\" class=\"alignnone wp-image-11481\" src=\"https:\/\/agora.xtec.cat\/insbadiaimargarit\/wp-content\/uploads\/usu348\/2026\/01\/lite-uni.jpg\" alt=\"\" width=\"296\" height=\"275\" srcset=\"https:\/\/agora.xtec.cat\/insbadiaimargarit\/wp-content\/uploads\/usu348\/2026\/01\/lite-uni.jpg 359w, https:\/\/agora.xtec.cat\/insbadiaimargarit\/wp-content\/uploads\/usu348\/2026\/01\/lite-uni-300x278.jpg 300w\" sizes=\"auto, (max-width: 296px) 100vw, 296px\" \/><\/a><a href=\"https:\/\/agora.xtec.cat\/insbadiaimargarit\/wp-content\/uploads\/usu348\/2026\/01\/llati.jpg\"><img loading=\"lazy\" decoding=\"async\" class=\"alignnone wp-image-11482\" src=\"https:\/\/agora.xtec.cat\/insbadiaimargarit\/wp-content\/uploads\/usu348\/2026\/01\/llati.jpg\" alt=\"\" width=\"431\" height=\"323\" srcset=\"https:\/\/agora.xtec.cat\/insbadiaimargarit\/wp-content\/uploads\/usu348\/2026\/01\/llati.jpg 600w, https:\/\/agora.xtec.cat\/insbadiaimargarit\/wp-content\/uploads\/usu348\/2026\/01\/llati-300x225.jpg 300w, https:\/\/agora.xtec.cat\/insbadiaimargarit\/wp-content\/uploads\/usu348\/2026\/01\/llati-200x150.jpg 200w\" sizes=\"auto, (max-width: 431px) 100vw, 431px\" \/><\/a><\/p>\n<p><a href=\"https:\/\/agora.xtec.cat\/insbadiaimargarit\/wp-content\/uploads\/usu348\/2025\/12\/spanish.png\"><img loading=\"lazy\" decoding=\"async\" class=\"alignnone size-large wp-image-11474\" src=\"https:\/\/agora.xtec.cat\/insbadiaimargarit\/wp-content\/uploads\/usu348\/2025\/12\/spanish-1024x819.png\" alt=\"\" width=\"1024\" height=\"819\" srcset=\"https:\/\/agora.xtec.cat\/insbadiaimargarit\/wp-content\/uploads\/usu348\/2025\/12\/spanish-1024x819.png 1024w, https:\/\/agora.xtec.cat\/insbadiaimargarit\/wp-content\/uploads\/usu348\/2025\/12\/spanish-300x240.png 300w, https:\/\/agora.xtec.cat\/insbadiaimargarit\/wp-content\/uploads\/usu348\/2025\/12\/spanish-768x615.png 768w, https:\/\/agora.xtec.cat\/insbadiaimargarit\/wp-content\/uploads\/usu348\/2025\/12\/spanish.png 1476w\" sizes=\"auto, (max-width: 1024px) 100vw, 1024px\" \/><\/a><\/p>\n<p>#EuropeanAuthorsDay #ReadForReal<\/p>\n<h1><\/h1>\n<p>&nbsp;<\/p>\n","protected":false},"excerpt":{"rendered":"<p>Celebrem European Authors Day 2025 a la biblioteca del centre gr\u00e0cies als alumnes de batxillerat.&hellip;  <a href=\"https:\/\/agora.xtec.cat\/insbadiaimargarit\/general\/dia-dels-autors-europeus-a-la-biblioteca\/\" title=\"Read Dia dels Autors Europeus a la biblioteca\">Llegeix m\u00e9s\u00bb<\/a><\/p>\n","protected":false},"author":149,"featured_media":11474,"comment_status":"closed","ping_status":"open","sticky":false,"template":"","format":"standard","meta":{"_bbp_topic_count":0,"_bbp_reply_count":0,"_bbp_total_topic_count":0,"_bbp_total_reply_count":0,"_bbp_voice_count":0,"_bbp_anonymous_reply_count":0,"_bbp_topic_count_hidden":0,"_bbp_reply_count_hidden":0,"_bbp_forum_subforum_count":0,"footnotes":""},"categories":[265,218,150,312,1,29,123],"tags":[382,91,157,114,124],"class_list":["post-11473","post","type-post","status-publish","format-standard","has-post-thumbnail","hentry","category-batxibac","category-batillerat","category-biblioteca","category-escoles-ambaixadores-parlament-europeu","category-general","category-portada","category-til","tag-curs-2025-26","tag-dies-tematics","tag-europe","tag-lectura","tag-projecte-educatiu"],"post_mailing_queue_ids":[],"_links":{"self":[{"href":"https:\/\/agora.xtec.cat\/insbadiaimargarit\/wp-json\/wp\/v2\/posts\/11473","targetHints":{"allow":["GET"]}}],"collection":[{"href":"https:\/\/agora.xtec.cat\/insbadiaimargarit\/wp-json\/wp\/v2\/posts"}],"about":[{"href":"https:\/\/agora.xtec.cat\/insbadiaimargarit\/wp-json\/wp\/v2\/types\/post"}],"author":[{"embeddable":true,"href":"https:\/\/agora.xtec.cat\/insbadiaimargarit\/wp-json\/wp\/v2\/users\/149"}],"replies":[{"embeddable":true,"href":"https:\/\/agora.xtec.cat\/insbadiaimargarit\/wp-json\/wp\/v2\/comments?post=11473"}],"version-history":[{"count":2,"href":"https:\/\/agora.xtec.cat\/insbadiaimargarit\/wp-json\/wp\/v2\/posts\/11473\/revisions"}],"predecessor-version":[{"id":11483,"href":"https:\/\/agora.xtec.cat\/insbadiaimargarit\/wp-json\/wp\/v2\/posts\/11473\/revisions\/11483"}],"wp:featuredmedia":[{"embeddable":true,"href":"https:\/\/agora.xtec.cat\/insbadiaimargarit\/wp-json\/wp\/v2\/media\/11474"}],"wp:attachment":[{"href":"https:\/\/agora.xtec.cat\/insbadiaimargarit\/wp-json\/wp\/v2\/media?parent=11473"}],"wp:term":[{"taxonomy":"category","embeddable":true,"href":"https:\/\/agora.xtec.cat\/insbadiaimargarit\/wp-json\/wp\/v2\/categories?post=11473"},{"taxonomy":"post_tag","embeddable":true,"href":"https:\/\/agora.xtec.cat\/insbadiaimargarit\/wp-json\/wp\/v2\/tags?post=11473"}],"curies":[{"name":"wp","href":"https:\/\/api.w.org\/{rel}","templated":true}]}}