{"id":10962,"date":"2025-04-21T18:08:43","date_gmt":"2025-04-21T16:08:43","guid":{"rendered":"https:\/\/agora.xtec.cat\/insbadiaimargarit\/?p=10962"},"modified":"2025-05-06T12:46:56","modified_gmt":"2025-05-06T10:46:56","slug":"colonies-en-angles-2n-deso-beca-dimmersio-linguistica-mec","status":"publish","type":"post","link":"https:\/\/agora.xtec.cat\/insbadiaimargarit\/eso\/colonies-en-angles-2n-deso-beca-dimmersio-linguistica-mec\/","title":{"rendered":"Col\u00f2nies en angl\u00e8s 2n d&#8217;ESO. Beca d&#8217;immersi\u00f3 ling\u00fc\u00edstica MEC"},"content":{"rendered":"<p><em><span style=\"font-weight: 400;\">Our students had the opportunity to travel to Valencia for a school trip for one week together with a school from Mallorca. They learned English through productive, group and dynamic activities. The students had a great experience; they would like to repeat the experience.\u00a0\u00a0<\/span><\/em><\/p>\n<p><span style=\"font-weight: 400;\"><a href=\"https:\/\/agora.xtec.cat\/insbadiaimargarit\/eso\/colonies-en-angles-2n-deso-beca-dimmersio-linguistica-mec\/attachment\/image0-44\/\" rel=\"attachment wp-att-10963\"><img loading=\"lazy\" decoding=\"async\" class=\" wp-image-10963 alignright\" src=\"https:\/\/agora.xtec.cat\/insbadiaimargarit\/wp-content\/uploads\/usu348\/2025\/04\/image0-44-1024x768.jpeg\" alt=\"\" width=\"343\" height=\"257\" srcset=\"https:\/\/agora.xtec.cat\/insbadiaimargarit\/wp-content\/uploads\/usu348\/2025\/04\/image0-44-1024x768.jpeg 1024w, https:\/\/agora.xtec.cat\/insbadiaimargarit\/wp-content\/uploads\/usu348\/2025\/04\/image0-44-300x225.jpeg 300w, https:\/\/agora.xtec.cat\/insbadiaimargarit\/wp-content\/uploads\/usu348\/2025\/04\/image0-44-768x576.jpeg 768w, https:\/\/agora.xtec.cat\/insbadiaimargarit\/wp-content\/uploads\/usu348\/2025\/04\/image0-44-200x150.jpeg 200w, https:\/\/agora.xtec.cat\/insbadiaimargarit\/wp-content\/uploads\/usu348\/2025\/04\/image0-44.jpeg 1280w\" sizes=\"auto, (max-width: 343px) 100vw, 343px\" \/><\/a>Alguns alumnes de 2n d&#8217;ESO vam poder gaudir d&#8217;unes col\u00f2nies en angl\u00e8s a Oliva-Val\u00e8ncia durant una setmana del mes de mar\u00e7. Ens hi van acompanyar el Carlos i la Marta, que van tenir molta paci\u00e8ncia amb nosaltres durant tota la setmana. Despr\u00e9s d&#8217;un llarg viatge ens vam allotjar a un centre d&#8217;Oliva, un lloc molt acollidor al costat de la platja. Vam coincidir a la immersi\u00f3 amb un altre institut de Campos-Mallorca. L&#8217;opini\u00f3 final, un\u00e0nime, \u00e9s que ha sigut molt bona experi\u00e8ncia, sobretot pel fet de conicidir amb l&#8217;institut de Mallorca, ja que vam fer molts amics. Ens va saber molt greu acomiadar-nos, ja que ens vam portar molt b\u00e9 durant tota la setmana. Les classes van ser molt din\u00e0miques i ens va ajudar molt a aprendre angl\u00e8s, sobretot a nivell oral. <\/span><\/p>\n<p><span style=\"font-weight: 400;\">Els tres primers dies d&#8217;activitats a causa del mal temps (pluja) no es va poder dur a terme les activitats programades, com anar a la platja. Ens vam haver de quedar al centre i fer activitats tots dos centres conjuntament. Es van fer 4 grups en el que hi havia els dos instituts barrejats per facilitar el treball.<\/span><\/p>\n<p><span style=\"font-weight: 400;\">Els \u00faltims tres die<a href=\"https:\/\/agora.xtec.cat\/insbadiaimargarit\/eso\/colonies-en-angles-2n-deso-beca-dimmersio-linguistica-mec\/attachment\/image1-21\/\" rel=\"attachment wp-att-10964\"><img loading=\"lazy\" decoding=\"async\" class=\"wp-image-10964 alignleft\" src=\"https:\/\/agora.xtec.cat\/insbadiaimargarit\/wp-content\/uploads\/usu348\/2025\/04\/image1-21-768x1024.jpeg\" alt=\"\" width=\"215\" height=\"287\" srcset=\"https:\/\/agora.xtec.cat\/insbadiaimargarit\/wp-content\/uploads\/usu348\/2025\/04\/image1-21-768x1024.jpeg 768w, https:\/\/agora.xtec.cat\/insbadiaimargarit\/wp-content\/uploads\/usu348\/2025\/04\/image1-21-225x300.jpeg 225w, https:\/\/agora.xtec.cat\/insbadiaimargarit\/wp-content\/uploads\/usu348\/2025\/04\/image1-21-1152x1536.jpeg 1152w, https:\/\/agora.xtec.cat\/insbadiaimargarit\/wp-content\/uploads\/usu348\/2025\/04\/image1-21.jpeg 1500w\" sizes=\"auto, (max-width: 215px) 100vw, 215px\" \/><\/a>s va fer bon temps, per tant, vam poder fer totes les activitats a la platja i sense cap problema. A la platja vam fer una gimcana. Tamb\u00e9 vam llen\u00e7ar un ou des de dalt l&#8217;edifici fent un paracaigudes per veure si sobrevivia, una altra gimcana sobre els dolents de Gotam, cinema en angl\u00e8s, un taller de cuina creativa, entre altres activitats.<\/span><\/p>\n<p><span style=\"font-weight: 400;\">L&#8217;\u00faltima nit vam fer una discoteca com a \u00a0activitat de comiat. El dissabte ens vam acomiadar del centre i d&#8217;altre institut, els bons moments viscuts van fer dif\u00edcil el comiat, ja que vam fer bons amics amb els mallorquins. <\/span><\/p>\n<p><span style=\"font-weight: 400;\">Ens vamemportar una molt bona experi\u00e8ncia i companys que mai oblidarem. Esperem que l&#8217;any que ve, els nostres companys de 1r d&#8217;ESO puguin viure la mateixa experi\u00e8ncia que nosaltres. Estem molt agra\u00efts a totes les persones que han fet possible que h\u00e0gim gaudit d&#8217;aquesta beca d&#8217;immersi\u00f3 en angl\u00e8s, ja que l&#8217;estada ha estat finan\u00e7ada amb una beca del Ministerio de Educaci\u00f3n y Ciencia i el transport ha estat finan\u00e7at pel Departament d&#8217;Educaci\u00f3.\u00a0<\/span><\/p>\n<p><span style=\"font-weight: 400;\"> Despr\u00e9s d&#8217;un llarg trajecte van tornar a Igualada cap a dos quarts de quatre de la tarda, tan contents com esgotats.\u00a0<\/span><\/p>\n<p style=\"text-align: right;\"><strong>Alumnes de 2n d&#8217;ESO<\/strong><br style=\"font-weight: 400;\" \/><br style=\"font-weight: 400;\" \/><\/p>\n","protected":false},"excerpt":{"rendered":"<p>Our students had the opportunity to travel to Valencia for a school trip for one week together with a school from Mallorca. They learned English through productive, group and dynamic activities. The students had a great experience; they would like to repeat the experience.\u00a0\u00a0<br \/>\n<a href=\"https:\/\/agora.xtec.cat\/insbadiaimargarit\/eso\/colonies-en-angles-2n-deso-beca-dimmersio-linguistica-mec\/attachment\/image0-44\/\"&hellip;  <a href=\"https:\/\/agora.xtec.cat\/insbadiaimargarit\/eso\/colonies-en-angles-2n-deso-beca-dimmersio-linguistica-mec\/\" title=\"Read Col\u00f2nies en angl\u00e8s 2n d&#8217;ESO. Beca d&#8217;immersi\u00f3 ling\u00fc\u00edstica MEC\">Llegeix m\u00e9s\u00bb<\/a><\/p>\n","protected":false},"author":4,"featured_media":10963,"comment_status":"closed","ping_status":"closed","sticky":false,"template":"","format":"standard","meta":{"_bbp_topic_count":0,"_bbp_reply_count":0,"_bbp_total_topic_count":0,"_bbp_total_reply_count":0,"_bbp_voice_count":0,"_bbp_anonymous_reply_count":0,"_bbp_topic_count_hidden":0,"_bbp_reply_count_hidden":0,"_bbp_forum_subforum_count":0,"footnotes":""},"categories":[191,312,3,83,29,106,123],"tags":[42,378,187,388,124,39],"class_list":["post-10962","post","type-post","status-publish","format-standard","has-post-thumbnail","hentry","category-erasmus","category-escoles-ambaixadores-parlament-europeu","category-eso","category-eso-2","category-portada","category-projecte-educatiu","category-til","tag-angles","tag-curs-2024-25","tag-eso","tag-mec","tag-projecte-educatiu","tag-sortides"],"post_mailing_queue_ids":[],"_links":{"self":[{"href":"https:\/\/agora.xtec.cat\/insbadiaimargarit\/wp-json\/wp\/v2\/posts\/10962","targetHints":{"allow":["GET"]}}],"collection":[{"href":"https:\/\/agora.xtec.cat\/insbadiaimargarit\/wp-json\/wp\/v2\/posts"}],"about":[{"href":"https:\/\/agora.xtec.cat\/insbadiaimargarit\/wp-json\/wp\/v2\/types\/post"}],"author":[{"embeddable":true,"href":"https:\/\/agora.xtec.cat\/insbadiaimargarit\/wp-json\/wp\/v2\/users\/4"}],"replies":[{"embeddable":true,"href":"https:\/\/agora.xtec.cat\/insbadiaimargarit\/wp-json\/wp\/v2\/comments?post=10962"}],"version-history":[{"count":2,"href":"https:\/\/agora.xtec.cat\/insbadiaimargarit\/wp-json\/wp\/v2\/posts\/10962\/revisions"}],"predecessor-version":[{"id":10966,"href":"https:\/\/agora.xtec.cat\/insbadiaimargarit\/wp-json\/wp\/v2\/posts\/10962\/revisions\/10966"}],"wp:featuredmedia":[{"embeddable":true,"href":"https:\/\/agora.xtec.cat\/insbadiaimargarit\/wp-json\/wp\/v2\/media\/10963"}],"wp:attachment":[{"href":"https:\/\/agora.xtec.cat\/insbadiaimargarit\/wp-json\/wp\/v2\/media?parent=10962"}],"wp:term":[{"taxonomy":"category","embeddable":true,"href":"https:\/\/agora.xtec.cat\/insbadiaimargarit\/wp-json\/wp\/v2\/categories?post=10962"},{"taxonomy":"post_tag","embeddable":true,"href":"https:\/\/agora.xtec.cat\/insbadiaimargarit\/wp-json\/wp\/v2\/tags?post=10962"}],"curies":[{"name":"wp","href":"https:\/\/api.w.org\/{rel}","templated":true}]}}