{"id":10834,"date":"2025-03-21T13:24:26","date_gmt":"2025-03-21T12:24:26","guid":{"rendered":"https:\/\/agora.xtec.cat\/insbadiaimargarit\/?p=10834"},"modified":"2025-04-21T18:12:25","modified_gmt":"2025-04-21T16:12:25","slug":"taller-de-rol-coneix-el-parlament-europeu","status":"publish","type":"post","link":"https:\/\/agora.xtec.cat\/insbadiaimargarit\/general\/taller-de-rol-coneix-el-parlament-europeu\/","title":{"rendered":"Taller de rol &#8220;Coneix el Parlament europeu&#8221;"},"content":{"rendered":"<p><a href=\"https:\/\/agora.xtec.cat\/insbadiaimargarit\/wp-content\/uploads\/usu348\/2025\/03\/Coneix_1-scaled.jpg\"><img loading=\"lazy\" decoding=\"async\" class=\"alignnone size-large wp-image-10835\" src=\"https:\/\/agora.xtec.cat\/insbadiaimargarit\/wp-content\/uploads\/usu348\/2025\/03\/Coneix_1-1024x768.jpg\" alt=\"\" width=\"1024\" height=\"768\" srcset=\"https:\/\/agora.xtec.cat\/insbadiaimargarit\/wp-content\/uploads\/usu348\/2025\/03\/Coneix_1-1024x768.jpg 1024w, https:\/\/agora.xtec.cat\/insbadiaimargarit\/wp-content\/uploads\/usu348\/2025\/03\/Coneix_1-300x225.jpg 300w, https:\/\/agora.xtec.cat\/insbadiaimargarit\/wp-content\/uploads\/usu348\/2025\/03\/Coneix_1-768x576.jpg 768w, https:\/\/agora.xtec.cat\/insbadiaimargarit\/wp-content\/uploads\/usu348\/2025\/03\/Coneix_1-1536x1152.jpg 1536w, https:\/\/agora.xtec.cat\/insbadiaimargarit\/wp-content\/uploads\/usu348\/2025\/03\/Coneix_1-2048x1536.jpg 2048w, https:\/\/agora.xtec.cat\/insbadiaimargarit\/wp-content\/uploads\/usu348\/2025\/03\/Coneix_1-200x150.jpg 200w\" sizes=\"auto, (max-width: 1024px) 100vw, 1024px\" \/><\/a><\/p>\n<p><span style=\"font-weight: 400;\">El passat dimecres 19 de mar\u00e7 els alumnes de la mat\u00e8ria d\u2019Hist\u00f2ria del m\u00f3n contemporani de 1r de Batxillerat del nostre institut van participar en <\/span><span style=\"font-weight: 400;\">un joc de rol virtual que els va oferir l\u2019oportunitat de fer una immersi\u00f3 en la presa de decisions del Parlament Europeu.<\/span><\/p>\n<p><span style=\"font-weight: 400;\">L\u2019activitat\u00a0 \u201cConeix el Parlament Europeu\u201d \u00e9s impulsada per\u00a0 l\u2019Oficina del Parlament Europeu a Barcelona i va ser guiada\u00a0 per dues\u00a0 formadores especialitzades del projecte <\/span><a href=\"https:\/\/learntocheck.org\/ca\/\"><span style=\"font-weight: 400;\">Learn to Check<\/span><\/a><span style=\"font-weight: 400;\">.\u00a0<\/span><\/p>\n<p><span style=\"font-weight: 400;\">Com a continu\u00eftat d\u2019una activitat anterior, realitzada el curs passat, sobre la desinformaci\u00f3 i les <\/span><i><span style=\"font-weight: 400;\">fake news <\/span><\/i><span style=\"font-weight: 400;\">amb motiu de les eleccions europees, els estudiants han pogut desenvolupar\u00a0 de forma pr\u00e0ctica i participativa una sessi\u00f3 integrada sobre el funcionament el Parlament europeu, a partir d\u2019un treball d\u2019elaboraci\u00f3 i discussi\u00f3 en comissions (per a la posterior exposici\u00f3 al plenari) de mocions i esmenes a aspectes com ara l\u2019etiquetatge de productes, la conveni\u00e8ncia de les mesures impulsores o proteccionistes de productes propis o les subvencions als petits emprenedors, com a reptes dins un espai integral i alhora una economia globalitzada. Els alumnes havien d\u2019intercanviar el rol dels diferents grups europeus (liberals, verds, conservadors, socialdemocr\u00e0tes, etc ) per tal d\u2019arribar a la transacci\u00f3 i el consens al voltant d\u2019aquestes q\u00fcestions.<\/span><\/p>\n<p><span style=\"font-weight: 400;\">L\u2019activitat va poder comptar amb la cobertura medi\u00e0tica del periodista i locutor de R\u00e0dio 4 Vicen\u00e7 Sanclemente. Podeu clicar a l&#8217;enlla\u00e7 seg\u00fcent per escoltar el programa enregistrat durant el taller.\u00a0<\/span><\/p>\n<p><a href=\"https:\/\/www.rtve.es\/play\/audios\/tot-a-europa\/unio-europea-tambe-esta-present-aules\/16504447\/\">https:\/\/www.rtve.es\/play\/audios\/tot-a-europa\/unio-europea-tambe-esta-present-aules\/16504447\/<\/a><\/p>\n","protected":false},"excerpt":{"rendered":"<p><a href=\"https:\/\/agora.xtec.cat\/insbadiaimargarit\/wp-content\/uploads\/usu348\/2025\/03\/Coneix_1-scaled.jpg\"><\/a><br \/>\nEl passat dimecres 19 de mar\u00e7 els alumnes de la mat\u00e8ria d\u2019Hist\u00f2ria del m\u00f3n contemporani de 1r de Batxillerat del nostre institut van participar en un joc de rol virtual que els va oferir l\u2019oportunitat de fer una immersi\u00f3 en la presa de decisions&hellip;  <a href=\"https:\/\/agora.xtec.cat\/insbadiaimargarit\/general\/taller-de-rol-coneix-el-parlament-europeu\/\" title=\"Read Taller de rol &#8220;Coneix el Parlament europeu&#8221;\">Llegeix m\u00e9s\u00bb<\/a><\/p>\n","protected":false},"author":288,"featured_media":10835,"comment_status":"closed","ping_status":"closed","sticky":false,"template":"","format":"standard","meta":{"_bbp_topic_count":0,"_bbp_reply_count":0,"_bbp_total_topic_count":0,"_bbp_total_reply_count":0,"_bbp_voice_count":0,"_bbp_anonymous_reply_count":0,"_bbp_topic_count_hidden":0,"_bbp_reply_count_hidden":0,"_bbp_forum_subforum_count":0,"footnotes":""},"categories":[218,312,1,29,106],"tags":[268,378,157],"class_list":["post-10834","post","type-post","status-publish","format-standard","has-post-thumbnail","hentry","category-batillerat","category-escoles-ambaixadores-parlament-europeu","category-general","category-portada","category-projecte-educatiu","tag-batxillerat","tag-curs-2024-25","tag-europe"],"post_mailing_queue_ids":[],"_links":{"self":[{"href":"https:\/\/agora.xtec.cat\/insbadiaimargarit\/wp-json\/wp\/v2\/posts\/10834","targetHints":{"allow":["GET"]}}],"collection":[{"href":"https:\/\/agora.xtec.cat\/insbadiaimargarit\/wp-json\/wp\/v2\/posts"}],"about":[{"href":"https:\/\/agora.xtec.cat\/insbadiaimargarit\/wp-json\/wp\/v2\/types\/post"}],"author":[{"embeddable":true,"href":"https:\/\/agora.xtec.cat\/insbadiaimargarit\/wp-json\/wp\/v2\/users\/288"}],"replies":[{"embeddable":true,"href":"https:\/\/agora.xtec.cat\/insbadiaimargarit\/wp-json\/wp\/v2\/comments?post=10834"}],"version-history":[{"count":4,"href":"https:\/\/agora.xtec.cat\/insbadiaimargarit\/wp-json\/wp\/v2\/posts\/10834\/revisions"}],"predecessor-version":[{"id":10879,"href":"https:\/\/agora.xtec.cat\/insbadiaimargarit\/wp-json\/wp\/v2\/posts\/10834\/revisions\/10879"}],"wp:featuredmedia":[{"embeddable":true,"href":"https:\/\/agora.xtec.cat\/insbadiaimargarit\/wp-json\/wp\/v2\/media\/10835"}],"wp:attachment":[{"href":"https:\/\/agora.xtec.cat\/insbadiaimargarit\/wp-json\/wp\/v2\/media?parent=10834"}],"wp:term":[{"taxonomy":"category","embeddable":true,"href":"https:\/\/agora.xtec.cat\/insbadiaimargarit\/wp-json\/wp\/v2\/categories?post=10834"},{"taxonomy":"post_tag","embeddable":true,"href":"https:\/\/agora.xtec.cat\/insbadiaimargarit\/wp-json\/wp\/v2\/tags?post=10834"}],"curies":[{"name":"wp","href":"https:\/\/api.w.org\/{rel}","templated":true}]}}